{"id":31380,"date":"2021-04-01T09:23:52","date_gmt":"2021-04-01T13:23:52","guid":{"rendered":"http:\/\/blogdalucianaoliveira.com.br\/blog\/?p=31380"},"modified":"2021-04-01T09:23:57","modified_gmt":"2021-04-01T13:23:57","slug":"the-economist-bolsonaro-apregoa-cura-charlatanesca-contra-covid-19-e-ameaca-o-mundo","status":"publish","type":"post","link":"http:\/\/blogdalucianaoliveira.com.br\/blog\/2021\/04\/01\/the-economist-bolsonaro-apregoa-cura-charlatanesca-contra-covid-19-e-ameaca-o-mundo\/","title":{"rendered":"The Economist: Bolsonaro apregoa \u201ccura charlatanesca\u201d contra Covid-19 e amea\u00e7a o mundo"},"content":{"rendered":"\n<figure class=\"wp-block-image size-large\"><img data-recalc-dims=\"1\" loading=\"lazy\" decoding=\"async\" width=\"600\" height=\"374\" data-attachment-id=\"31381\" data-permalink=\"http:\/\/blogdalucianaoliveira.com.br\/blog\/2021\/04\/01\/the-economist-bolsonaro-apregoa-cura-charlatanesca-contra-covid-19-e-ameaca-o-mundo\/285eac45-4277-4599-8a1b-454e529cc2d7\/\" data-orig-file=\"https:\/\/i0.wp.com\/blogdalucianaoliveira.com.br\/blog\/wp-content\/uploads\/2021\/04\/285EAC45-4277-4599-8A1B-454E529CC2D7.jpeg?fit=610%2C380\" data-orig-size=\"610,380\" data-comments-opened=\"0\" data-image-meta=\"{&quot;aperture&quot;:&quot;0&quot;,&quot;credit&quot;:&quot;&quot;,&quot;camera&quot;:&quot;&quot;,&quot;caption&quot;:&quot;&quot;,&quot;created_timestamp&quot;:&quot;0&quot;,&quot;copyright&quot;:&quot;&quot;,&quot;focal_length&quot;:&quot;0&quot;,&quot;iso&quot;:&quot;0&quot;,&quot;shutter_speed&quot;:&quot;0&quot;,&quot;title&quot;:&quot;&quot;,&quot;orientation&quot;:&quot;0&quot;}\" data-image-title=\"285EAC45-4277-4599-8A1B-454E529CC2D7\" data-image-description=\"\" data-image-caption=\"\" data-medium-file=\"https:\/\/i0.wp.com\/blogdalucianaoliveira.com.br\/blog\/wp-content\/uploads\/2021\/04\/285EAC45-4277-4599-8A1B-454E529CC2D7.jpeg?fit=300%2C187\" data-large-file=\"https:\/\/i0.wp.com\/blogdalucianaoliveira.com.br\/blog\/wp-content\/uploads\/2021\/04\/285EAC45-4277-4599-8A1B-454E529CC2D7.jpeg?fit=600%2C374\" src=\"https:\/\/i0.wp.com\/blogdalucianaoliveira.com.br\/blog\/wp-content\/uploads\/2021\/04\/285EAC45-4277-4599-8A1B-454E529CC2D7.jpeg?resize=600%2C374\" alt=\"\" class=\"wp-image-31381\" srcset=\"https:\/\/i0.wp.com\/blogdalucianaoliveira.com.br\/blog\/wp-content\/uploads\/2021\/04\/285EAC45-4277-4599-8A1B-454E529CC2D7.jpeg?w=610 610w, https:\/\/i0.wp.com\/blogdalucianaoliveira.com.br\/blog\/wp-content\/uploads\/2021\/04\/285EAC45-4277-4599-8A1B-454E529CC2D7.jpeg?resize=300%2C187 300w, https:\/\/i0.wp.com\/blogdalucianaoliveira.com.br\/blog\/wp-content\/uploads\/2021\/04\/285EAC45-4277-4599-8A1B-454E529CC2D7.jpeg?resize=482%2C300 482w\" sizes=\"auto, (max-width: 600px) 100vw, 600px\" \/><\/figure>\n\n\n\n<p><strong>247\u00a0<\/strong>&#8211; A\u00a0<a rel=\"noreferrer noopener\" target=\"_blank\" href=\"https:\/\/www.economist.com\/the-americas\/2021\/03\/27\/brazils-mismanagement-of-covid-19-threatens-the-world\">revista The Economist<\/a>\u00a0bateu duro em Jair Bolsonaro, ao afirmar, no t\u00edtulo da mat\u00e9ria, que &#8220;a m\u00e1 gest\u00e3o do Covid-19 pelo Brasil amea\u00e7a o mundo&#8221;. &#8220;Jair Bolsonaro tem muito a responder&#8221;, disse o subt\u00edtulo do texto. De acordo com a publica\u00e7\u00e3o, &#8220;mais contagiante que o original e capaz de reinfectar pessoas que j\u00e1 tiveram covid-19, P.1 alarma n\u00e3o s\u00f3 o Brasil, mas o resto do mundo&#8221;. &#8220;Foi detectada em 33 pa\u00edses&#8221;, afirmou.\u00a0<br><\/p>\n\n\n\n<!--more-->\n\n\n\n<p>A revista disse que &#8220;Bolsonaro apregoou curas charlatanescas, protestou contra bloqueios e tentou impedir a publica\u00e7\u00e3o de dados&#8221;. &#8220;Ele acaba de se despedir do terceiro ministro da sa\u00fade (um general do ex\u00e9rcito) desde o in\u00edcio da pandemia. As vacinas n\u00e3o s\u00e3o para mim, afirmou Bolsonaro. Seu governo demorou a encomend\u00e1-los, embora fabricantes como Pfizer e Janssen os tivessem testado no Brasil&#8221;, complementou.<\/p>\n\n\n\n<p>Segundo a reportagem, &#8220;em 23 de mar\u00e7o, quando o n\u00famero de mortos di\u00e1rios atingiu o recorde de 3.158, Bolsonaro foi \u00e0 televis\u00e3o para se gabar do progresso da vacina\u00e7\u00e3o no Brasil&#8221;.\u00a0<br><\/p>\n\n\n\n<p>&#8220;No entanto, enquanto o distanciamento social for necess\u00e1rio, o presidente continuar\u00e1 sendo uma amea\u00e7a \u00e0 sa\u00fade dos brasileiros. Ele entrou com a\u00e7\u00f5es no Supremo Tribunal Federal contra tr\u00eas estados, incluindo a Bahia, que tornaram os bloqueios internos mais r\u00edgidos. Suas a\u00e7\u00f5es s\u00e3o ruins para o Brasil &#8211; e para o mundo&#8221;, disse.\u00a0<\/p>\n","protected":false},"excerpt":{"rendered":"<p>247\u00a0&#8211; A\u00a0revista The Economist\u00a0bateu duro em Jair Bolsonaro, ao afirmar, no t\u00edtulo da mat\u00e9ria, que &#8220;a m\u00e1 gest\u00e3o do Covid-19 pelo Brasil amea\u00e7a o mundo&#8221;. &#8220;Jair Bolsonaro tem muito a responder&#8221;, disse o subt\u00edtulo do texto. De acordo com a publica\u00e7\u00e3o, &#8220;mais contagiante que o original e capaz de reinfectar pessoas que j\u00e1 tiveram covid-19,&#8230;<a class=\"more-link\" href=\"http:\/\/blogdalucianaoliveira.com.br\/blog\/2021\/04\/01\/the-economist-bolsonaro-apregoa-cura-charlatanesca-contra-covid-19-e-ameaca-o-mundo\/\">Continue a leitura <span class=\"meta-nav\">&raquo;<\/span><\/a><\/p>\n","protected":false},"author":1,"featured_media":0,"comment_status":"closed","ping_status":"open","sticky":false,"template":"","format":"standard","meta":{"_exactmetrics_skip_tracking":false,"_exactmetrics_sitenote_active":false,"_exactmetrics_sitenote_note":"","_exactmetrics_sitenote_category":0,"jetpack_post_was_ever_published":false,"_jetpack_newsletter_access":"","_jetpack_dont_email_post_to_subs":false,"_jetpack_newsletter_tier_id":0,"_jetpack_memberships_contains_paywalled_content":false,"_jetpack_memberships_contains_paid_content":false,"footnotes":"","jetpack_publicize_message":"","jetpack_publicize_feature_enabled":true,"jetpack_social_post_already_shared":true,"jetpack_social_options":{"image_generator_settings":{"template":"highway","enabled":false},"version":2}},"categories":[1],"tags":[],"class_list":["post-31380","post","type-post","status-publish","format-standard","hentry","category-notas"],"jetpack_publicize_connections":[],"jetpack_sharing_enabled":true,"jetpack_featured_media_url":"","jetpack_shortlink":"https:\/\/wp.me\/p7wKYW-8a8","jetpack-related-posts":[],"_links":{"self":[{"href":"http:\/\/blogdalucianaoliveira.com.br\/blog\/wp-json\/wp\/v2\/posts\/31380","targetHints":{"allow":["GET"]}}],"collection":[{"href":"http:\/\/blogdalucianaoliveira.com.br\/blog\/wp-json\/wp\/v2\/posts"}],"about":[{"href":"http:\/\/blogdalucianaoliveira.com.br\/blog\/wp-json\/wp\/v2\/types\/post"}],"author":[{"embeddable":true,"href":"http:\/\/blogdalucianaoliveira.com.br\/blog\/wp-json\/wp\/v2\/users\/1"}],"replies":[{"embeddable":true,"href":"http:\/\/blogdalucianaoliveira.com.br\/blog\/wp-json\/wp\/v2\/comments?post=31380"}],"version-history":[{"count":1,"href":"http:\/\/blogdalucianaoliveira.com.br\/blog\/wp-json\/wp\/v2\/posts\/31380\/revisions"}],"predecessor-version":[{"id":31382,"href":"http:\/\/blogdalucianaoliveira.com.br\/blog\/wp-json\/wp\/v2\/posts\/31380\/revisions\/31382"}],"wp:attachment":[{"href":"http:\/\/blogdalucianaoliveira.com.br\/blog\/wp-json\/wp\/v2\/media?parent=31380"}],"wp:term":[{"taxonomy":"category","embeddable":true,"href":"http:\/\/blogdalucianaoliveira.com.br\/blog\/wp-json\/wp\/v2\/categories?post=31380"},{"taxonomy":"post_tag","embeddable":true,"href":"http:\/\/blogdalucianaoliveira.com.br\/blog\/wp-json\/wp\/v2\/tags?post=31380"}],"curies":[{"name":"wp","href":"https:\/\/api.w.org\/{rel}","templated":true}]}}