{"id":31383,"date":"2021-04-01T10:17:42","date_gmt":"2021-04-01T14:17:42","guid":{"rendered":"http:\/\/blogdalucianaoliveira.com.br\/blog\/?p=31383"},"modified":"2021-04-01T10:27:59","modified_gmt":"2021-04-01T14:27:59","slug":"dia-de-parabenizar-o-minto","status":"publish","type":"post","link":"http:\/\/blogdalucianaoliveira.com.br\/blog\/2021\/04\/01\/dia-de-parabenizar-o-minto\/","title":{"rendered":"Dia de parabenizar o miNTO"},"content":{"rendered":"\n<figure class=\"wp-block-image size-large\"><img data-recalc-dims=\"1\" loading=\"lazy\" decoding=\"async\" width=\"600\" height=\"338\" data-attachment-id=\"31384\" data-permalink=\"http:\/\/blogdalucianaoliveira.com.br\/blog\/2021\/04\/01\/dia-de-parabenizar-o-minto\/4d9c3d8b-197b-4f08-8526-731abc017b2c\/\" data-orig-file=\"https:\/\/i0.wp.com\/blogdalucianaoliveira.com.br\/blog\/wp-content\/uploads\/2021\/04\/4D9C3D8B-197B-4F08-8526-731ABC017B2C.jpeg?fit=800%2C450\" data-orig-size=\"800,450\" data-comments-opened=\"0\" data-image-meta=\"{&quot;aperture&quot;:&quot;0&quot;,&quot;credit&quot;:&quot;&quot;,&quot;camera&quot;:&quot;&quot;,&quot;caption&quot;:&quot;&quot;,&quot;created_timestamp&quot;:&quot;0&quot;,&quot;copyright&quot;:&quot;&quot;,&quot;focal_length&quot;:&quot;0&quot;,&quot;iso&quot;:&quot;0&quot;,&quot;shutter_speed&quot;:&quot;0&quot;,&quot;title&quot;:&quot;&quot;,&quot;orientation&quot;:&quot;0&quot;}\" data-image-title=\"4D9C3D8B-197B-4F08-8526-731ABC017B2C\" data-image-description=\"\" data-image-caption=\"\" data-medium-file=\"https:\/\/i0.wp.com\/blogdalucianaoliveira.com.br\/blog\/wp-content\/uploads\/2021\/04\/4D9C3D8B-197B-4F08-8526-731ABC017B2C.jpeg?fit=300%2C169\" data-large-file=\"https:\/\/i0.wp.com\/blogdalucianaoliveira.com.br\/blog\/wp-content\/uploads\/2021\/04\/4D9C3D8B-197B-4F08-8526-731ABC017B2C.jpeg?fit=600%2C338\" src=\"https:\/\/i0.wp.com\/blogdalucianaoliveira.com.br\/blog\/wp-content\/uploads\/2021\/04\/4D9C3D8B-197B-4F08-8526-731ABC017B2C.jpeg?resize=600%2C338\" alt=\"\" class=\"wp-image-31384\" srcset=\"https:\/\/i0.wp.com\/blogdalucianaoliveira.com.br\/blog\/wp-content\/uploads\/2021\/04\/4D9C3D8B-197B-4F08-8526-731ABC017B2C.jpeg?w=800 800w, https:\/\/i0.wp.com\/blogdalucianaoliveira.com.br\/blog\/wp-content\/uploads\/2021\/04\/4D9C3D8B-197B-4F08-8526-731ABC017B2C.jpeg?resize=300%2C169 300w, https:\/\/i0.wp.com\/blogdalucianaoliveira.com.br\/blog\/wp-content\/uploads\/2021\/04\/4D9C3D8B-197B-4F08-8526-731ABC017B2C.jpeg?resize=768%2C432 768w, https:\/\/i0.wp.com\/blogdalucianaoliveira.com.br\/blog\/wp-content\/uploads\/2021\/04\/4D9C3D8B-197B-4F08-8526-731ABC017B2C.jpeg?resize=533%2C300 533w\" sizes=\"auto, (max-width: 600px) 100vw, 600px\" \/><\/figure>\n\n\n\n<p><\/p>\n\n\n\n<p>O ex-deputado mais produtivo que virou presidente ap\u00f3s levar uma facada que o fez jorrar sangue. <br>\nJair Bolsonaro, o presidente que se destaca pela compet\u00eancia na gest\u00e3o da pandemia.<br>\nO que com bom exemplo fez a popula\u00e7\u00e3o usar m\u00e1scaras e manter o distanciamento para frear casos de Covid. <br>\nO \u00fanico que se antecipou na compra de vacinas, porque confia na ci\u00eancia.<\/p>\n\n\n\n<!--more-->\n\n\n\n<p>Bolsonaro \u00e9 foda! <\/p>\n\n\n\n<p>Ele se uniu a prefeitos e governadores nas medidas de controle da pandemia. <br> E o pacote de socorro a patr\u00f5es e empregados para evitar fal\u00eancias e aumento do desemprego? <\/p>\n\n\n\n<p><br> O aux\u00edlio emergencial dele gente\u2026 o mais razo\u00e1vel do mundo! <br><br> E acabou o toma l\u00e1 da c\u00e1! A corrup\u00e7\u00e3o j\u00e1 era! <\/p>\n\n\n\n<p><br> Mas, o que o presidente fez de melhor mesmo, foi revelar as pessoas mais decentes e fofas do pa\u00eds que o apoiam. <\/p>\n\n\n\n<h1 class=\"wp-block-heading\">BolsonaroDay #1deabril<\/h1>\n","protected":false},"excerpt":{"rendered":"<p>O ex-deputado mais produtivo que virou presidente ap\u00f3s levar uma facada que o fez jorrar sangue. Jair Bolsonaro, o presidente que se destaca pela compet\u00eancia na gest\u00e3o da pandemia. O que com bom exemplo fez a popula\u00e7\u00e3o usar m\u00e1scaras e manter o distanciamento para frear casos de Covid. O \u00fanico que se antecipou na compra&#8230;<a class=\"more-link\" href=\"http:\/\/blogdalucianaoliveira.com.br\/blog\/2021\/04\/01\/dia-de-parabenizar-o-minto\/\">Continue a leitura <span class=\"meta-nav\">&raquo;<\/span><\/a><\/p>\n","protected":false},"author":1,"featured_media":0,"comment_status":"closed","ping_status":"open","sticky":false,"template":"","format":"standard","meta":{"_exactmetrics_skip_tracking":false,"_exactmetrics_sitenote_active":false,"_exactmetrics_sitenote_note":"","_exactmetrics_sitenote_category":0,"jetpack_post_was_ever_published":false,"_jetpack_newsletter_access":"","_jetpack_dont_email_post_to_subs":false,"_jetpack_newsletter_tier_id":0,"_jetpack_memberships_contains_paywalled_content":false,"_jetpack_memberships_contains_paid_content":false,"footnotes":"","jetpack_publicize_message":"","jetpack_publicize_feature_enabled":true,"jetpack_social_post_already_shared":true,"jetpack_social_options":{"image_generator_settings":{"template":"highway","enabled":false},"version":2}},"categories":[1],"tags":[],"class_list":["post-31383","post","type-post","status-publish","format-standard","hentry","category-notas"],"jetpack_publicize_connections":[],"jetpack_sharing_enabled":true,"jetpack_featured_media_url":"","jetpack_shortlink":"https:\/\/wp.me\/p7wKYW-8ab","jetpack-related-posts":[],"_links":{"self":[{"href":"http:\/\/blogdalucianaoliveira.com.br\/blog\/wp-json\/wp\/v2\/posts\/31383","targetHints":{"allow":["GET"]}}],"collection":[{"href":"http:\/\/blogdalucianaoliveira.com.br\/blog\/wp-json\/wp\/v2\/posts"}],"about":[{"href":"http:\/\/blogdalucianaoliveira.com.br\/blog\/wp-json\/wp\/v2\/types\/post"}],"author":[{"embeddable":true,"href":"http:\/\/blogdalucianaoliveira.com.br\/blog\/wp-json\/wp\/v2\/users\/1"}],"replies":[{"embeddable":true,"href":"http:\/\/blogdalucianaoliveira.com.br\/blog\/wp-json\/wp\/v2\/comments?post=31383"}],"version-history":[{"count":2,"href":"http:\/\/blogdalucianaoliveira.com.br\/blog\/wp-json\/wp\/v2\/posts\/31383\/revisions"}],"predecessor-version":[{"id":31386,"href":"http:\/\/blogdalucianaoliveira.com.br\/blog\/wp-json\/wp\/v2\/posts\/31383\/revisions\/31386"}],"wp:attachment":[{"href":"http:\/\/blogdalucianaoliveira.com.br\/blog\/wp-json\/wp\/v2\/media?parent=31383"}],"wp:term":[{"taxonomy":"category","embeddable":true,"href":"http:\/\/blogdalucianaoliveira.com.br\/blog\/wp-json\/wp\/v2\/categories?post=31383"},{"taxonomy":"post_tag","embeddable":true,"href":"http:\/\/blogdalucianaoliveira.com.br\/blog\/wp-json\/wp\/v2\/tags?post=31383"}],"curies":[{"name":"wp","href":"https:\/\/api.w.org\/{rel}","templated":true}]}}