{"id":31391,"date":"2021-04-01T11:54:54","date_gmt":"2021-04-01T15:54:54","guid":{"rendered":"http:\/\/blogdalucianaoliveira.com.br\/blog\/?p=31391"},"modified":"2021-04-01T11:58:12","modified_gmt":"2021-04-01T15:58:12","slug":"lira-aumenta-em-171-o-valor-de-reembolso-dos-deputados-em-gastos-com-saude","status":"publish","type":"post","link":"http:\/\/blogdalucianaoliveira.com.br\/blog\/2021\/04\/01\/lira-aumenta-em-171-o-valor-de-reembolso-dos-deputados-em-gastos-com-saude\/","title":{"rendered":"Lira aumenta em 171% o valor de reembolso dos deputados em gastos com sa\u00fade"},"content":{"rendered":"\n<figure class=\"wp-block-image size-large\"><img data-recalc-dims=\"1\" loading=\"lazy\" decoding=\"async\" width=\"600\" height=\"400\" data-attachment-id=\"31393\" data-permalink=\"http:\/\/blogdalucianaoliveira.com.br\/blog\/2021\/04\/01\/lira-aumenta-em-171-o-valor-de-reembolso-dos-deputados-em-gastos-com-saude\/7dc6b3ca-07f6-408a-9ecd-42ee9100b5d5\/\" data-orig-file=\"https:\/\/i0.wp.com\/blogdalucianaoliveira.com.br\/blog\/wp-content\/uploads\/2021\/04\/7DC6B3CA-07F6-408A-9ECD-42EE9100B5D5.jpeg?fit=678%2C452\" data-orig-size=\"678,452\" data-comments-opened=\"0\" data-image-meta=\"{&quot;aperture&quot;:&quot;0&quot;,&quot;credit&quot;:&quot;&quot;,&quot;camera&quot;:&quot;&quot;,&quot;caption&quot;:&quot;&quot;,&quot;created_timestamp&quot;:&quot;0&quot;,&quot;copyright&quot;:&quot;&quot;,&quot;focal_length&quot;:&quot;0&quot;,&quot;iso&quot;:&quot;0&quot;,&quot;shutter_speed&quot;:&quot;0&quot;,&quot;title&quot;:&quot;&quot;,&quot;orientation&quot;:&quot;0&quot;}\" data-image-title=\"7DC6B3CA-07F6-408A-9ECD-42EE9100B5D5\" data-image-description=\"\" data-image-caption=\"\" data-medium-file=\"https:\/\/i0.wp.com\/blogdalucianaoliveira.com.br\/blog\/wp-content\/uploads\/2021\/04\/7DC6B3CA-07F6-408A-9ECD-42EE9100B5D5.jpeg?fit=300%2C200\" data-large-file=\"https:\/\/i0.wp.com\/blogdalucianaoliveira.com.br\/blog\/wp-content\/uploads\/2021\/04\/7DC6B3CA-07F6-408A-9ECD-42EE9100B5D5.jpeg?fit=600%2C400\" src=\"https:\/\/i0.wp.com\/blogdalucianaoliveira.com.br\/blog\/wp-content\/uploads\/2021\/04\/7DC6B3CA-07F6-408A-9ECD-42EE9100B5D5.jpeg?resize=600%2C400\" alt=\"\" class=\"wp-image-31393\" srcset=\"https:\/\/i0.wp.com\/blogdalucianaoliveira.com.br\/blog\/wp-content\/uploads\/2021\/04\/7DC6B3CA-07F6-408A-9ECD-42EE9100B5D5.jpeg?w=678 678w, https:\/\/i0.wp.com\/blogdalucianaoliveira.com.br\/blog\/wp-content\/uploads\/2021\/04\/7DC6B3CA-07F6-408A-9ECD-42EE9100B5D5.jpeg?resize=300%2C200 300w, https:\/\/i0.wp.com\/blogdalucianaoliveira.com.br\/blog\/wp-content\/uploads\/2021\/04\/7DC6B3CA-07F6-408A-9ECD-42EE9100B5D5.jpeg?resize=450%2C300 450w\" sizes=\"auto, (max-width: 600px) 100vw, 600px\" \/><\/figure>\n\n\n\n<h4 class=\"wp-block-heading\">Aumento foi de R$ 85 mil; presidente da C\u00e2mara disse que a infla\u00e7\u00e3o e a tecnologia utilizada nos procedimentos m\u00e9dicos tornaram o limite de reembolso defasado<\/h4>\n\n\n\n<!--more-->\n\n\n\n<p>Weslley Galzo, da CNN, em S\u00e3o Paulo<br><\/p>\n\n\n\n<p>Em meio \u00e0 crise fiscal &#8211; e ao contingenciamento de sal\u00e1rios e benef\u00edcios na iniciativa privada-, a&nbsp;<a href=\"https:\/\/www.cnnbrasil.com.br\/tudo-sobre\/mesa-diretora\" target=\"_blank\" rel=\"noreferrer noopener\">Mesa Diretora da C\u00e2mara dos Deputados<\/a>, em ato assinado pelo presidente Arthur Lira (PP-AL), determinou o&nbsp;<strong>aumento de 171% do valor de reembolso dos parlamentares<\/strong>&nbsp;em procedimentos m\u00e9dicos. Antes da decis\u00e3o de Lira, o valor m\u00e1ximo de ressarcimento era de R$ 50 mil, agora os deputados poder\u00e3o ter at\u00e9 R$ 135 mil devolvidos pelo poder Legislativo.<\/p>\n\n\n\n<p>A medida entrou em vigor na segunda-feira (29) ap\u00f3s ser publicada em edi\u00e7\u00e3o extra do Di\u00e1rio Oficial da C\u00e2mara (DOC). No texto do ato de n\u00famero 185 da Mesa em 2021, Lira justifica a ado\u00e7\u00e3o da medida porque o valor &#8220;encontra-se defasado&#8221;. Ainda segundo o presidente, o aumento da demanda por servi\u00e7os de sa\u00fade e a utiliza\u00e7\u00e3o de novas tecnologias na \u00e1rea m\u00e9dica teriam motivado o reajuste do reembolso.<\/p>\n\n\n\n<p>&#8220;Nos \u00faltimos anos, a chamada infla\u00e7\u00e3o m\u00e9dica&#8217; tem superado o \u00edndice oficial de infla\u00e7\u00e3o: \u00cdndice Nacional de Pre\u00e7os ao Consumidor Amplo (IPCA). O fen\u00f4meno, inclusive, n\u00e3o tem se restringido ao&nbsp;<br>Brasil. \u00c9 de amplo conhecimento que a Medicina tem avan\u00e7ado cada vez mais, principalmente com o uso das tecnologias modernas, o que tem pressionado os custos para cima. Some-se a isso a maior demanda do p\u00fablico pelo acesso a servi\u00e7os de sa\u00fade e o envelhecimento da popula\u00e7\u00e3o, tudo contribuindo para a eleva\u00e7\u00e3o dos custos com sa\u00fade&#8221;, diz a ordem publicada no DOC.<\/p>\n\n\n\n<p>De acordo dados do Setor de Atu\u00e1ria da Secretaria Executiva do Pr\u00f3-Sa\u00fade da C\u00e2mara, utilizados na justificativa da decis\u00e3o, o aumento acumulado da infla\u00e7\u00e3o em produtos m\u00e9dicos foi de 170,8% entre 2015 e 2020, o equivalente aos R$ 135 mil de reembolso liberados pela medida.<\/p>\n\n\n\n<p>O texto finaliza com a afirma\u00e7\u00e3o de que &#8220;essa atualiza\u00e7\u00e3o corrigir\u00e1 a natural defasagem monet\u00e1ria de um valor fixado no ano de 2015 e proporcionar\u00e1 maior agilidade (racionaliza\u00e7\u00e3o) no atendimento \u00e0s demandas relativas ao reembolso de despesas com sa\u00fade por parte dos Senhores Deputados&#8221;, por conseguinte, reduzir\u00e1 o n\u00famero de processos por problemas no ressarcimento dos planos de sa\u00fade.<\/p>\n","protected":false},"excerpt":{"rendered":"<p>Aumento foi de R$ 85 mil; presidente da C\u00e2mara disse que a infla\u00e7\u00e3o e a tecnologia utilizada nos procedimentos m\u00e9dicos tornaram o limite de reembolso defasado<\/p>\n","protected":false},"author":1,"featured_media":0,"comment_status":"closed","ping_status":"open","sticky":false,"template":"","format":"standard","meta":{"_exactmetrics_skip_tracking":false,"_exactmetrics_sitenote_active":false,"_exactmetrics_sitenote_note":"","_exactmetrics_sitenote_category":0,"jetpack_post_was_ever_published":false,"_jetpack_newsletter_access":"","_jetpack_dont_email_post_to_subs":false,"_jetpack_newsletter_tier_id":0,"_jetpack_memberships_contains_paywalled_content":false,"_jetpack_memberships_contains_paid_content":false,"footnotes":"","jetpack_publicize_message":"","jetpack_publicize_feature_enabled":true,"jetpack_social_post_already_shared":true,"jetpack_social_options":{"image_generator_settings":{"template":"highway","enabled":false},"version":2}},"categories":[1],"tags":[459,57,458,343],"class_list":["post-31391","post","type-post","status-publish","format-standard","hentry","category-notas","tag-aumento","tag-camara","tag-reembolso","tag-saude"],"jetpack_publicize_connections":[],"jetpack_sharing_enabled":true,"jetpack_featured_media_url":"","jetpack_shortlink":"https:\/\/wp.me\/p7wKYW-8aj","jetpack-related-posts":[],"_links":{"self":[{"href":"http:\/\/blogdalucianaoliveira.com.br\/blog\/wp-json\/wp\/v2\/posts\/31391","targetHints":{"allow":["GET"]}}],"collection":[{"href":"http:\/\/blogdalucianaoliveira.com.br\/blog\/wp-json\/wp\/v2\/posts"}],"about":[{"href":"http:\/\/blogdalucianaoliveira.com.br\/blog\/wp-json\/wp\/v2\/types\/post"}],"author":[{"embeddable":true,"href":"http:\/\/blogdalucianaoliveira.com.br\/blog\/wp-json\/wp\/v2\/users\/1"}],"replies":[{"embeddable":true,"href":"http:\/\/blogdalucianaoliveira.com.br\/blog\/wp-json\/wp\/v2\/comments?post=31391"}],"version-history":[{"count":2,"href":"http:\/\/blogdalucianaoliveira.com.br\/blog\/wp-json\/wp\/v2\/posts\/31391\/revisions"}],"predecessor-version":[{"id":31394,"href":"http:\/\/blogdalucianaoliveira.com.br\/blog\/wp-json\/wp\/v2\/posts\/31391\/revisions\/31394"}],"wp:attachment":[{"href":"http:\/\/blogdalucianaoliveira.com.br\/blog\/wp-json\/wp\/v2\/media?parent=31391"}],"wp:term":[{"taxonomy":"category","embeddable":true,"href":"http:\/\/blogdalucianaoliveira.com.br\/blog\/wp-json\/wp\/v2\/categories?post=31391"},{"taxonomy":"post_tag","embeddable":true,"href":"http:\/\/blogdalucianaoliveira.com.br\/blog\/wp-json\/wp\/v2\/tags?post=31391"}],"curies":[{"name":"wp","href":"https:\/\/api.w.org\/{rel}","templated":true}]}}