{"id":31395,"date":"2021-04-01T16:46:22","date_gmt":"2021-04-01T20:46:22","guid":{"rendered":"http:\/\/blogdalucianaoliveira.com.br\/blog\/?p=31395"},"modified":"2021-04-01T16:46:26","modified_gmt":"2021-04-01T20:46:26","slug":"dinheiro-publico-privilegio-militar","status":"publish","type":"post","link":"http:\/\/blogdalucianaoliveira.com.br\/blog\/2021\/04\/01\/dinheiro-publico-privilegio-militar\/","title":{"rendered":"DINHEIRO P\u00daBLICO, PRIVIL\u00c9GIO MILITAR"},"content":{"rendered":"\n<figure class=\"wp-block-image size-large\"><img loading=\"lazy\" decoding=\"async\" width=\"1201\" height=\"751\" data-attachment-id=\"31396\" data-permalink=\"http:\/\/blogdalucianaoliveira.com.br\/blog\/2021\/04\/01\/dinheiro-publico-privilegio-militar\/4b8fc7e0-e17c-4507-802d-d38389494f6f\/\" data-orig-file=\"https:\/\/i0.wp.com\/blogdalucianaoliveira.com.br\/blog\/wp-content\/uploads\/2021\/04\/4B8FC7E0-E17C-4507-802D-D38389494F6F.jpeg?fit=1201%2C751\" data-orig-size=\"1201,751\" data-comments-opened=\"0\" data-image-meta=\"{&quot;aperture&quot;:&quot;0&quot;,&quot;credit&quot;:&quot;&quot;,&quot;camera&quot;:&quot;&quot;,&quot;caption&quot;:&quot;&quot;,&quot;created_timestamp&quot;:&quot;0&quot;,&quot;copyright&quot;:&quot;&quot;,&quot;focal_length&quot;:&quot;0&quot;,&quot;iso&quot;:&quot;0&quot;,&quot;shutter_speed&quot;:&quot;0&quot;,&quot;title&quot;:&quot;&quot;,&quot;orientation&quot;:&quot;0&quot;}\" data-image-title=\"4B8FC7E0-E17C-4507-802D-D38389494F6F\" data-image-description=\"\" data-image-caption=\"\" data-medium-file=\"https:\/\/i0.wp.com\/blogdalucianaoliveira.com.br\/blog\/wp-content\/uploads\/2021\/04\/4B8FC7E0-E17C-4507-802D-D38389494F6F.jpeg?fit=300%2C188\" data-large-file=\"https:\/\/i0.wp.com\/blogdalucianaoliveira.com.br\/blog\/wp-content\/uploads\/2021\/04\/4B8FC7E0-E17C-4507-802D-D38389494F6F.jpeg?fit=600%2C375\" src=\"https:\/\/i1.wp.com\/blogdalucianaoliveira.com.br\/blog\/wp-content\/uploads\/2021\/04\/4B8FC7E0-E17C-4507-802D-D38389494F6F.jpeg?fit=600%2C375\" alt=\"\" class=\"wp-image-31396\" srcset=\"https:\/\/i0.wp.com\/blogdalucianaoliveira.com.br\/blog\/wp-content\/uploads\/2021\/04\/4B8FC7E0-E17C-4507-802D-D38389494F6F.jpeg?w=1201 1201w, https:\/\/i0.wp.com\/blogdalucianaoliveira.com.br\/blog\/wp-content\/uploads\/2021\/04\/4B8FC7E0-E17C-4507-802D-D38389494F6F.jpeg?resize=300%2C188 300w, https:\/\/i0.wp.com\/blogdalucianaoliveira.com.br\/blog\/wp-content\/uploads\/2021\/04\/4B8FC7E0-E17C-4507-802D-D38389494F6F.jpeg?resize=1024%2C640 1024w, https:\/\/i0.wp.com\/blogdalucianaoliveira.com.br\/blog\/wp-content\/uploads\/2021\/04\/4B8FC7E0-E17C-4507-802D-D38389494F6F.jpeg?resize=768%2C480 768w, https:\/\/i0.wp.com\/blogdalucianaoliveira.com.br\/blog\/wp-content\/uploads\/2021\/04\/4B8FC7E0-E17C-4507-802D-D38389494F6F.jpeg?resize=480%2C300 480w\" sizes=\"auto, (max-width: 600px) 100vw, 600px\" \/><\/figure>\n\n\n\n<h3 class=\"wp-block-heading\">Hospitais das For\u00e7as Armadas receberam 3,3 bilh\u00f5es de reais dos cofres p\u00fablicos na pandemia, mas, mesmo com leitos vazios, n\u00e3o atenderam cidad\u00e3os comuns&nbsp;<\/h3>\n\n\n\n<!--more-->\n\n\n\n<p><strong>LUIGI MAZZA E MARTA SALOMON<\/strong>, na Revista Piau\u00ed <\/p>\n\n\n\n<p><strong>E<\/strong>m janeiro, quando Manaus colapsou pela segunda vez, Paulo Jos\u00e9 dos Santos Fontenelle come\u00e7ou a sentir sintomas de Covid-19. Tinha 49 anos, era obeso e trabalhava como motorista de aplicativo. Preocupado, ele foi at\u00e9 uma UPA (Unidade de Pronto Atendimento), mas recomendaram que ficasse em casa porque todos os hospitais estavam lotados. Em pouco tempo, veio a falta de ar. Sua fam\u00edlia comprou um cilindro de oxig\u00eanio e passou a ligar diariamente para os hospitais em busca de leitos, mas n\u00e3o havia nenhum. No dia 18, depois de pedir em v\u00e3o uma ambul\u00e2ncia para o SAMU, os irm\u00e3os de Fontenelle decidiram lev\u00e1-lo de carro \u00e0 UPA do bairro Tarum\u00e3, que ficava perto de casa. Quando chegou l\u00e1, ele j\u00e1 n\u00e3o conseguia falar. Os m\u00e9dicos constataram que ele precisava ser intubado urgentemente, mas n\u00e3o conseguiram achar um hospital na cidade onde houvesse vaga de UTI. Deitado no pronto-socorro, sem respirar, Fontenelle morreu horas depois, \u00e0 1 da manh\u00e3 do dia 19.<\/p>\n\n\n\n<p>Naquela segunda-feira, dia 18, os leitos cl\u00ednicos destinados \u00e0 Covid na rede p\u00fablica de Manaus estavam com 106% de ocupa\u00e7\u00e3o, segundo os dados da Funda\u00e7\u00e3o Vigil\u00e2ncia em Sa\u00fade (FVS), ligada ao governo do estado. Uma fila de 379 pessoas esperava por um leito cl\u00ednico ou de UTI. Apesar disso, havia espa\u00e7o de sobra no Hospital Militar de \u00c1rea de Manaus, administrado pelo Ex\u00e9rcito. L\u00e1, embora a UTI estivesse lotada, 15 leitos cl\u00ednicos de Covid estavam vazios. O mesmo acontecia no Hospital de Aeron\u00e1utica de Manaus, onde havia 7 vagas de enfermaria. Nenhuma delas, no entanto, poderia atender cidad\u00e3os como Paulo Jos\u00e9 dos Santos Fontenelle. Nem sua fam\u00edlia nem o SAMU cogitaram procurar por leitos nessas unidades. Isso porque os dois hospitais, como quase todos os das For\u00e7as Armadas, s\u00e3o de uso exclusivo dos militares e suas fam\u00edlias, embora pagos com dinheiro do contribuinte.&nbsp;<\/p>\n\n\n\n<p>Levantamento feito pela&nbsp;<strong>piau\u00ed<\/strong>&nbsp;com base em dados do or\u00e7amento federal mostra que, em 2020, o Minist\u00e9rio da Defesa empenhou 3,3 bilh\u00f5es de reais na opera\u00e7\u00e3o de seu sistema hospitalar. Em 2019, haviam sido empenhados 3,2 bilh\u00f5es. O grosso do dinheiro serviu para custear unidades de sa\u00fade do Ex\u00e9rcito, e o restante se dividiu entre Marinha, Aeron\u00e1utica e o Hospital das For\u00e7as Armadas, em Bras\u00edlia. Al\u00e9m desse or\u00e7amento bilion\u00e1rio, a Defesa teve direito a um cr\u00e9dito extra de 531 milh\u00f5es de reais para o combate \u00e0 pandemia, dos quais 511 milh\u00f5es j\u00e1 foram usados. Parte desses recursos tamb\u00e9m foi investida em hospitais militares, como o de Manaus. Outra parte,&nbsp;<a href=\"https:\/\/piaui.folha.uol.com.br\/os-negocios-da-pandemia\/\">como a&nbsp;<strong>piau\u00ed<\/strong>&nbsp;mostrou em dezembro<\/a>, foi usada pelo Minist\u00e9rio da Defesa para comprar camionetes e fazer a manuten\u00e7\u00e3o de avi\u00f5es.<\/p>\n\n\n\n<p>As For\u00e7as Armadas t\u00eam 42 hospitais militares espalhados por todas as regi\u00f5es do pa\u00eds. Segundo o Minist\u00e9rio da Defesa, eles atendem exclusivamente a 1,8 milh\u00e3o de membros da \u201cfam\u00edlia militar\u201d \u2013 grupo que compreende os militares da ativa, inativos, pensionistas, seus dependentes e servidores civis ligados \u00e0s For\u00e7as. Os militares contribuem todo m\u00eas para manter esse sistema de sa\u00fade, mas o restante do dinheiro prov\u00e9m do governo federal.<\/p>\n\n\n\n<p>S\u00f3 em 2021, o&nbsp;Minist\u00e9rio da Defesa destinou 3,7 milh\u00f5es de reais das verbas destinadas \u00e0 pandemia para equipar o Hospital das For\u00e7as Armadas. Embora o ano tenha apenas come\u00e7ado, esse valor j\u00e1 \u00e9 seis vezes maior do que os 505 mil reais empenhados em 2020. O hospital serviu ao alto escal\u00e3o do governo: Jair Bolsonaro, Hamilton Mour\u00e3o, Eduardo Pazuello e Augusto Heleno \u2013 todos membros da \u201cfam\u00edlia militar\u201d \u2013 receberam atendimento exclusivo das For\u00e7as Armadas quando foram diagnosticados com Covid, no ano passado.<\/p>\n\n\n\n<p>Por meio de nota, o Minist\u00e9rio da Defesa afirmou que o percentual de militares da ativa infectados pela Covid-19 \u00e9 bastante superior \u00e0 m\u00e9dia nacional e que, por isso, o sistema de sa\u00fade das For\u00e7as Armadas v\u00eam operando \u201cno limite de suas capacidades\u201d. Os dados sobre hospitais, por\u00e9m, n\u00e3o s\u00e3o verific\u00e1veis, j\u00e1 que pouqu\u00edssimos hospitais militares divulgam informa\u00e7\u00f5es sobre leitos ocupados. Na cidade do Rio de Janeiro, onde na manh\u00e3 desta quinta-feira (1\u00ba) havia uma fila de 172 pessoas aguardando vaga de UTI ou de enfermaria, o censo hospitalar da Prefeitura n\u00e3o inclui unidades importantes como o Hospital Naval Marc\u00edlio Dias e o Hospital Geral do Rio de Janeiro. Da mesma forma, o monitoramento feito pelo governo do estado de S\u00e3o Paulo n\u00e3o abarca o Hospital Militar de \u00c1rea de S\u00e3o Paulo. Procurados pela&nbsp;<strong>piau\u00ed<\/strong>, nem a Marinha nem o Ex\u00e9rcito informaram a ocupa\u00e7\u00e3o de leitos nesses hospitais.<\/p>\n\n\n\n<p>No dia 17 de mar\u00e7o, ap\u00f3s a publica\u00e7\u00e3o de&nbsp;<a href=\"https:\/\/noticias.uol.com.br\/saude\/ultimas-noticias\/redacao\/2021\/02\/11\/am-hospitais-militares-ignoram-fila-e-60-de-leitos-para-covid-ficam-vagos.htm\">reportagem do UOL sobre os hospitais militares<\/a>, o ministro do Tribunal de Contas da Uni\u00e3o (TCU) Benjamin Zymler editou uma medida cautelar dando prazo de cinco dias \u00fateis para que as For\u00e7as Armadas tornassem p\u00fablico, na internet, o n\u00famero de leitos ocupados e dispon\u00edveis em suas unidades. Os militares pediram prazo mais longo, e o tribunal concedeu dez dias \u00fateis a partir de 24 de mar\u00e7o. Como a semana inclui um feriado, os militares ter\u00e3o at\u00e9 11 de abril para tomar as medidas determinadas pelo TCU. At\u00e9 a publica\u00e7\u00e3o desta reportagem, os dados sobre os hospitais militares ainda n\u00e3o tinham sido disponibilizados.<\/p>\n\n\n\n<p><strong>O<\/strong>Hospital Militar de Manaus, espelhando a situa\u00e7\u00e3o da cidade, tamb\u00e9m lotou na virada de ano. Em janeiro, os militares instalaram uma tenda com leitos de UTI na porta do hospital para aumentar sua capacidade de atendimento. De acordo com os dados do Portal da Transpar\u00eancia, a unidade empenhou 1,3 milh\u00e3o de reais na compra de respiradores, aparelhos de radiografia e outros insumos relacionados \u00e0 pandemia. Segundo o Comando Militar da Amaz\u00f4nia, o hospital atende a mais de 50 mil benefici\u00e1rios. O Ex\u00e9rcito afirma que, desde o come\u00e7o do ano, as UTIs do hospital tiveram taxa m\u00e9dia de ocupa\u00e7\u00e3o de 90%.<\/p>\n\n\n\n<p>No entanto, a partir do final de janeiro, enquanto a rede p\u00fablica continuava em situa\u00e7\u00e3o cr\u00edtica, transferindo doentes para outros estados, o Hospital Militar de Manaus passou a ter cada vez menos pacientes. No dia 6 de fevereiro, 406 pessoas esperavam por um leito cl\u00ednico ou de UTI na cidade, mas o hospital do Ex\u00e9rcito tinha situa\u00e7\u00e3o confort\u00e1vel, segundo os dados da Funda\u00e7\u00e3o Vigil\u00e2ncia em Sa\u00fade (FVS): de 82 leitos cl\u00ednicos de Covid, 51 estavam desocupados. Al\u00e9m disso, havia 7 vagas de UTI livres. No Hospital de Aeron\u00e1utica, que tem menor capacidade, havia 20 leitos cl\u00ednicos de Covid dispon\u00edveis, mas nenhum de UTI.<\/p>\n\n\n\n<p>Questionada pela&nbsp;<strong>piau\u00ed<\/strong>, a Secretaria de Sa\u00fade do Amazonas disse que no dia 30 de dezembro solicitou ao Ex\u00e9rcito a disponibiliza\u00e7\u00e3o de leitos cl\u00ednicos e de UTI para civis, devido ao colapso da rede p\u00fablica. Na \u00e9poca, segundo eles, o Comando da 12\u00aa Regi\u00e3o Militar respondeu apenas que o Hospital Militar de Manaus estava com 100% dos leitos de UTI ocupados e que, portanto, n\u00e3o poderia ajudar. \u201cDepois disso, n\u00e3o foi feita nova solicita\u00e7\u00e3o\u201d, informou a Secretaria.<\/p>\n\n\n\n<p>A&nbsp;<strong>piau\u00ed<\/strong>&nbsp;tamb\u00e9m perguntou ao Minist\u00e9rio da Sa\u00fade se, em algum momento da pandemia, a pasta pediu \u00e0s For\u00e7as Armadas que usassem seus hospitais para atender pacientes da rede p\u00fablica. O Minist\u00e9rio n\u00e3o emitiu um posicionamento oficial, e com isso tamb\u00e9m n\u00e3o respondeu se tem acesso aos dados de ocupa\u00e7\u00e3o de leitos nos hospitais militares. Por telefone, a assessoria disse apenas que essas perguntas devem ser feitas ao Minist\u00e9rio da Defesa. Em 2020, o governo empenhou gastos de 72,5 milh\u00f5es de reais com o Hospital Militar de Manaus. N\u00e3o foram declarados gastos com o Hospital de Aeron\u00e1utica.<\/p>\n","protected":false},"excerpt":{"rendered":"<p>Hospitais das For\u00e7as Armadas receberam 3,3 bilh\u00f5es de reais dos cofres p\u00fablicos na pandemia, mas, mesmo com leitos vazios, n\u00e3o atenderam cidad\u00e3os comuns&nbsp;<\/p>\n","protected":false},"author":1,"featured_media":0,"comment_status":"closed","ping_status":"open","sticky":false,"template":"","format":"standard","meta":{"_exactmetrics_skip_tracking":false,"_exactmetrics_sitenote_active":false,"_exactmetrics_sitenote_note":"","_exactmetrics_sitenote_category":0,"jetpack_post_was_ever_published":false,"_jetpack_newsletter_access":"","_jetpack_dont_email_post_to_subs":false,"_jetpack_newsletter_tier_id":0,"_jetpack_memberships_contains_paywalled_content":false,"_jetpack_memberships_contains_paid_content":false,"footnotes":"","jetpack_publicize_message":"","jetpack_publicize_feature_enabled":true,"jetpack_social_post_already_shared":true,"jetpack_social_options":{"image_generator_settings":{"template":"highway","enabled":false},"version":2}},"categories":[1],"tags":[],"class_list":["post-31395","post","type-post","status-publish","format-standard","hentry","category-notas"],"jetpack_publicize_connections":[],"jetpack_sharing_enabled":true,"jetpack_featured_media_url":"","jetpack_shortlink":"https:\/\/wp.me\/p7wKYW-8an","jetpack-related-posts":[],"_links":{"self":[{"href":"http:\/\/blogdalucianaoliveira.com.br\/blog\/wp-json\/wp\/v2\/posts\/31395","targetHints":{"allow":["GET"]}}],"collection":[{"href":"http:\/\/blogdalucianaoliveira.com.br\/blog\/wp-json\/wp\/v2\/posts"}],"about":[{"href":"http:\/\/blogdalucianaoliveira.com.br\/blog\/wp-json\/wp\/v2\/types\/post"}],"author":[{"embeddable":true,"href":"http:\/\/blogdalucianaoliveira.com.br\/blog\/wp-json\/wp\/v2\/users\/1"}],"replies":[{"embeddable":true,"href":"http:\/\/blogdalucianaoliveira.com.br\/blog\/wp-json\/wp\/v2\/comments?post=31395"}],"version-history":[{"count":1,"href":"http:\/\/blogdalucianaoliveira.com.br\/blog\/wp-json\/wp\/v2\/posts\/31395\/revisions"}],"predecessor-version":[{"id":31397,"href":"http:\/\/blogdalucianaoliveira.com.br\/blog\/wp-json\/wp\/v2\/posts\/31395\/revisions\/31397"}],"wp:attachment":[{"href":"http:\/\/blogdalucianaoliveira.com.br\/blog\/wp-json\/wp\/v2\/media?parent=31395"}],"wp:term":[{"taxonomy":"category","embeddable":true,"href":"http:\/\/blogdalucianaoliveira.com.br\/blog\/wp-json\/wp\/v2\/categories?post=31395"},{"taxonomy":"post_tag","embeddable":true,"href":"http:\/\/blogdalucianaoliveira.com.br\/blog\/wp-json\/wp\/v2\/tags?post=31395"}],"curies":[{"name":"wp","href":"https:\/\/api.w.org\/{rel}","templated":true}]}}