{"id":31398,"date":"2021-04-01T19:18:10","date_gmt":"2021-04-01T23:18:10","guid":{"rendered":"http:\/\/blogdalucianaoliveira.com.br\/blog\/?p=31398"},"modified":"2021-04-01T19:18:16","modified_gmt":"2021-04-01T23:18:16","slug":"entrevista-de-lula-a-reinaldo-azevedo-quebra-a-internet","status":"publish","type":"post","link":"http:\/\/blogdalucianaoliveira.com.br\/blog\/2021\/04\/01\/entrevista-de-lula-a-reinaldo-azevedo-quebra-a-internet\/","title":{"rendered":"Entrevista de Lula a Reinaldo Azevedo \u201cquebra\u201d a internet"},"content":{"rendered":"\n<figure class=\"wp-block-image\"><img data-recalc-dims=\"1\" decoding=\"async\" src=\"https:\/\/i0.wp.com\/rd1.com.br\/wp-content\/uploads\/2021\/04\/20210401-reinaldo-azevedo-lula.jpg?w=600&#038;ssl=1\" alt=\"BandNews muda a grade ap\u00f3s Lula aceitar entrevista com Reinaldo Azevedo |  RD1\"\/><\/figure>\n\n\n\n<p><strong>247 &#8211;<\/strong>&nbsp;A estrat\u00e9gia da centro-direita brasileira de silenciar o ex-presidente Luiz In\u00e1cio Lula da Silva tem sido um grande tiro no p\u00e9. Prova disso foi a&nbsp;<a target=\"_blank\" rel=\"noreferrer noopener\" href=\"https:\/\/www.youtube.com\/watch?v=vlvjciPQrq4\">entrevista<\/a>&nbsp;concedida nesta quinta-feira (1) pelo ex-presidente Lula ao jornalista Reinaldo Azevedo no programa O \u00e9 da coisa, na Bandnews FM.&nbsp;<\/p>\n\n\n\n<!--more-->\n\n\n\n<p>Em uma entrevista de uma hora e vinte minutos, Lula falou sobre v\u00e1rios temas, como a Lava Jato e ex-juiz S\u00e9rgio Moro, o governo de Jair Bolsoanro, a pandemia do novo coronav\u00edrus, defendeu o legado dos seus governos e os da ex-presidente Dilma Rousseff.&nbsp;<\/p>\n\n\n\n<p>No mesmo hor\u00e1rio da entrevista de Lula na Bandnews, Jair Bolsonaro fazia sua tradicional live semanal. Internautas registraram a diferen\u00e7a de audi\u00eancia no youtube entre as duas transmiss\u00f5es. Enquanto a entrevista de Lula chegou a ter 279 mil pessoas ao vivo, a live de Bolsoanro tinha 13 mil pessoas assistindo.<\/p>\n\n\n\n<p>Ao ser questionado sobre o manifesto assinado por presidenci\u00e1veis de direita e centro-direita, como Ciro Gomes, o ex-ministro da Sa\u00fade Henrique Mandetta, os governadores Jo\u00e3o Doria e Luciano Huck e o apresentador da Globo Luciano Huck, Lula saudou a defesa da democracia, mas disse que ela veio tarde demais.&nbsp;<\/p>\n\n\n\n<p>&#8220;Essa gente, todos eles tiveram a chance em 2018 de deixar a democracia garantida votando no Haddad. Essa gente preferiu votar no Bolsonaro. Ciro s\u00f3 foi para Paris&#8221;, afirmou Lula.&nbsp;<\/p>\n\n\n\n<p><a rel=\"noreferrer noopener\" target=\"_blank\" href=\"https:\/\/www.brasil247.com\/poder\/lula-a-bolsonaro-deixe-de-ser-ignorante-presidente\">Lula fez um apelo para que Jair Bolsonaro<\/a>\u00a0administre as crises do Pa\u00eds: \u201cDeixa de ser ignorante, presidente. Para de brigar com a ci\u00eancia. Para de falar para os seus milicianos, fale para os 200 milh\u00f5es de brasileiros\u201d.<\/p>\n\n\n\n<p><a target=\"_blank\" rel=\"noreferrer noopener\" href=\"https:\/\/www.brasil247.com\/brasil\/lula-lava-jato-oficializou-o-roubo\">Lula tamb\u00e9m afirmou que a \u201cLava Jato oficializou o roubo\u201d no Brasil<\/a>. Ele lembrou que a opera\u00e7\u00e3o \u201cpremiou todos os ladr\u00f5es\u201d, que fizeram esquemas de dela\u00e7\u00f5es premiadas.<\/p>\n\n\n\n<p>\u201cTodos agora est\u00e3o fumando charuto cohiba, aquele charuto cubano, e tomando rum cubano \u00e0s nossas custas\u201d, disse.&nbsp;<\/p>\n\n\n\n<p>Na entrevista, Lula tamb\u00e9m afirmou que o Brasil est\u00e1 vivendo um genoc\u00eddio, causado \u201cpela irresponsabilidade de um \u00fanico homem, que brinca com a doen\u00e7a, que zomba da doen\u00e7a,&nbsp;<a target=\"_blank\" rel=\"noreferrer noopener\" href=\"https:\/\/www.brasil247.com\/brasil\/exercito-tem-mais-de-317-mil-comprimidos-de-cloroquina-encalhados-nos-estoques-producao-em-2020-teve-custo-milionario\">que inventa rem\u00e9dio<\/a>\u201d, referindo-se a Jair Bolsonaro.<br><\/p>\n\n\n\n<p>&#8220;Estamos vivendo um genoc\u00eddio. N\u00e3o um genoc\u00eddio de estado como foi o genoc\u00eddio contra os negros ou contra os ind\u00edgenas, porque \u00e9 um genoc\u00eddio praticado pela irresponsabilidade de um \u00fanico homem, que brinca com a doen\u00e7a, que zomba da doen\u00e7a, que inventa rem\u00e9dio\u201d, afirmou.<\/p>\n\n\n\n<p><strong>Confira algumas rea\u00e7\u00f5es \u00e0 entrevista de Lula:&nbsp;<\/strong><\/p>\n\n\n\n<figure><iframe allowfullscreen=\"true\" class=\"\" src=\"https:\/\/platform.twitter.com\/embed\/Tweet.html?creatorScreenName=brasil247&amp;dnt=false&amp;embedId=twitter-widget-0&amp;frame=false&amp;hideCard=false&amp;hideThread=false&amp;id=1377745012998426626&amp;lang=pt&amp;origin=https%3A%2F%2Fwww.brasil247.com%2Fmidia%2Fentrevista-de-lula-a-reinaldo-azevedo-quebra-a-internet&amp;siteScreenName=brasil247&amp;theme=light&amp;widgetsVersion=e1ffbdb%3A1614796141937&amp;width=550px\"><\/iframe><\/figure>\n\n\n\n<figure><iframe allowfullscreen=\"true\" class=\"\" src=\"https:\/\/platform.twitter.com\/embed\/Tweet.html?creatorScreenName=brasil247&amp;dnt=false&amp;embedId=twitter-widget-1&amp;frame=false&amp;hideCard=false&amp;hideThread=false&amp;id=1377745530768478211&amp;lang=pt&amp;origin=https%3A%2F%2Fwww.brasil247.com%2Fmidia%2Fentrevista-de-lula-a-reinaldo-azevedo-quebra-a-internet&amp;siteScreenName=brasil247&amp;theme=light&amp;widgetsVersion=e1ffbdb%3A1614796141937&amp;width=550px\"><\/iframe><\/figure>\n\n\n\n<figure><iframe allowfullscreen=\"true\" class=\"\" src=\"https:\/\/platform.twitter.com\/embed\/Tweet.html?creatorScreenName=brasil247&amp;dnt=false&amp;embedId=twitter-widget-2&amp;frame=false&amp;hideCard=false&amp;hideThread=false&amp;id=1377752271518322688&amp;lang=pt&amp;origin=https%3A%2F%2Fwww.brasil247.com%2Fmidia%2Fentrevista-de-lula-a-reinaldo-azevedo-quebra-a-internet&amp;siteScreenName=brasil247&amp;theme=light&amp;widgetsVersion=e1ffbdb%3A1614796141937&amp;width=550px\"><\/iframe><\/figure>\n\n\n\n<figure><iframe allowfullscreen=\"true\" class=\"\" src=\"https:\/\/platform.twitter.com\/embed\/Tweet.html?creatorScreenName=brasil247&amp;dnt=false&amp;embedId=twitter-widget-3&amp;frame=false&amp;hideCard=false&amp;hideThread=false&amp;id=1377750919467663363&amp;lang=pt&amp;origin=https%3A%2F%2Fwww.brasil247.com%2Fmidia%2Fentrevista-de-lula-a-reinaldo-azevedo-quebra-a-internet&amp;siteScreenName=brasil247&amp;theme=light&amp;widgetsVersion=e1ffbdb%3A1614796141937&amp;width=550px\"><\/iframe><\/figure>\n\n\n\n<figure><iframe allowfullscreen=\"true\" class=\"\" src=\"https:\/\/platform.twitter.com\/embed\/Tweet.html?creatorScreenName=brasil247&amp;dnt=false&amp;embedId=twitter-widget-4&amp;frame=false&amp;hideCard=false&amp;hideThread=false&amp;id=1377749363183792131&amp;lang=pt&amp;origin=https%3A%2F%2Fwww.brasil247.com%2Fmidia%2Fentrevista-de-lula-a-reinaldo-azevedo-quebra-a-internet&amp;siteScreenName=brasil247&amp;theme=light&amp;widgetsVersion=e1ffbdb%3A1614796141937&amp;width=550px\"><\/iframe><\/figure>\n\n\n\n<figure><iframe allowfullscreen=\"true\" class=\"\" src=\"https:\/\/platform.twitter.com\/embed\/Tweet.html?creatorScreenName=brasil247&amp;dnt=false&amp;embedId=twitter-widget-5&amp;frame=false&amp;hideCard=false&amp;hideThread=false&amp;id=1377745598003171330&amp;lang=pt&amp;origin=https%3A%2F%2Fwww.brasil247.com%2Fmidia%2Fentrevista-de-lula-a-reinaldo-azevedo-quebra-a-internet&amp;siteScreenName=brasil247&amp;theme=light&amp;widgetsVersion=e1ffbdb%3A1614796141937&amp;width=550px\"><\/iframe><\/figure>\n\n\n\n<figure><iframe allowfullscreen=\"true\" class=\"\" src=\"https:\/\/platform.twitter.com\/embed\/Tweet.html?creatorScreenName=brasil247&amp;dnt=false&amp;embedId=twitter-widget-6&amp;frame=false&amp;hideCard=false&amp;hideThread=false&amp;id=1377751602019323908&amp;lang=pt&amp;origin=https%3A%2F%2Fwww.brasil247.com%2Fmidia%2Fentrevista-de-lula-a-reinaldo-azevedo-quebra-a-internet&amp;siteScreenName=brasil247&amp;theme=light&amp;widgetsVersion=e1ffbdb%3A1614796141937&amp;width=550px\"><\/iframe><\/figure>\n\n\n\n<figure><iframe allowfullscreen=\"true\" class=\"\" src=\"https:\/\/platform.twitter.com\/embed\/Tweet.html?creatorScreenName=brasil247&amp;dnt=false&amp;embedId=twitter-widget-7&amp;frame=false&amp;hideCard=false&amp;hideThread=false&amp;id=1377751344560410625&amp;lang=pt&amp;origin=https%3A%2F%2Fwww.brasil247.com%2Fmidia%2Fentrevista-de-lula-a-reinaldo-azevedo-quebra-a-internet&amp;siteScreenName=brasil247&amp;theme=light&amp;widgetsVersion=e1ffbdb%3A1614796141937&amp;width=550px\"><\/iframe><\/figure>\n\n\n\n<p><br><\/p>\n","protected":false},"excerpt":{"rendered":"<p>247 &#8211;&nbsp;A estrat\u00e9gia da centro-direita brasileira de silenciar o ex-presidente Luiz In\u00e1cio Lula da Silva tem sido um grande tiro no p\u00e9. Prova disso foi a&nbsp;entrevista&nbsp;concedida nesta quinta-feira (1) pelo ex-presidente Lula ao jornalista Reinaldo Azevedo no programa O \u00e9 da coisa, na Bandnews FM.&nbsp;<\/p>\n","protected":false},"author":1,"featured_media":0,"comment_status":"closed","ping_status":"open","sticky":false,"template":"","format":"standard","meta":{"_exactmetrics_skip_tracking":false,"_exactmetrics_sitenote_active":false,"_exactmetrics_sitenote_note":"","_exactmetrics_sitenote_category":0,"jetpack_post_was_ever_published":false,"_jetpack_newsletter_access":"","_jetpack_dont_email_post_to_subs":false,"_jetpack_newsletter_tier_id":0,"_jetpack_memberships_contains_paywalled_content":false,"_jetpack_memberships_contains_paid_content":false,"footnotes":"","jetpack_publicize_message":"","jetpack_publicize_feature_enabled":true,"jetpack_social_post_already_shared":true,"jetpack_social_options":{"image_generator_settings":{"template":"highway","enabled":false},"version":2}},"categories":[1],"tags":[53,394,78,366,460],"class_list":["post-31398","post","type-post","status-publish","format-standard","hentry","category-notas","tag-bolsonaro","tag-entrevista","tag-lula","tag-pandemia","tag-reinaldo-azevedo"],"jetpack_publicize_connections":[],"jetpack_sharing_enabled":true,"jetpack_featured_media_url":"","jetpack_shortlink":"https:\/\/wp.me\/p7wKYW-8aq","jetpack-related-posts":[],"_links":{"self":[{"href":"http:\/\/blogdalucianaoliveira.com.br\/blog\/wp-json\/wp\/v2\/posts\/31398","targetHints":{"allow":["GET"]}}],"collection":[{"href":"http:\/\/blogdalucianaoliveira.com.br\/blog\/wp-json\/wp\/v2\/posts"}],"about":[{"href":"http:\/\/blogdalucianaoliveira.com.br\/blog\/wp-json\/wp\/v2\/types\/post"}],"author":[{"embeddable":true,"href":"http:\/\/blogdalucianaoliveira.com.br\/blog\/wp-json\/wp\/v2\/users\/1"}],"replies":[{"embeddable":true,"href":"http:\/\/blogdalucianaoliveira.com.br\/blog\/wp-json\/wp\/v2\/comments?post=31398"}],"version-history":[{"count":1,"href":"http:\/\/blogdalucianaoliveira.com.br\/blog\/wp-json\/wp\/v2\/posts\/31398\/revisions"}],"predecessor-version":[{"id":31400,"href":"http:\/\/blogdalucianaoliveira.com.br\/blog\/wp-json\/wp\/v2\/posts\/31398\/revisions\/31400"}],"wp:attachment":[{"href":"http:\/\/blogdalucianaoliveira.com.br\/blog\/wp-json\/wp\/v2\/media?parent=31398"}],"wp:term":[{"taxonomy":"category","embeddable":true,"href":"http:\/\/blogdalucianaoliveira.com.br\/blog\/wp-json\/wp\/v2\/categories?post=31398"},{"taxonomy":"post_tag","embeddable":true,"href":"http:\/\/blogdalucianaoliveira.com.br\/blog\/wp-json\/wp\/v2\/tags?post=31398"}],"curies":[{"name":"wp","href":"https:\/\/api.w.org\/{rel}","templated":true}]}}