{"id":31406,"date":"2021-04-01T23:15:53","date_gmt":"2021-04-02T03:15:53","guid":{"rendered":"http:\/\/blogdalucianaoliveira.com.br\/blog\/?p=31406"},"modified":"2021-04-01T23:15:56","modified_gmt":"2021-04-02T03:15:56","slug":"chupinguaia-secretario-de-seguranca-diz-que-mandado-de-reintegracao-de-posse-sera-cumprido-em-fazenda-invadida","status":"publish","type":"post","link":"http:\/\/blogdalucianaoliveira.com.br\/blog\/2021\/04\/01\/chupinguaia-secretario-de-seguranca-diz-que-mandado-de-reintegracao-de-posse-sera-cumprido-em-fazenda-invadida\/","title":{"rendered":"Chupinguaia: secret\u00e1rio de Seguran\u00e7a diz que mandado de reintegra\u00e7\u00e3o de posse ser\u00e1 cumprido em fazenda invadida"},"content":{"rendered":"\n<figure class=\"wp-block-image size-large\"><img data-recalc-dims=\"1\" loading=\"lazy\" decoding=\"async\" width=\"600\" height=\"458\" data-attachment-id=\"31407\" data-permalink=\"http:\/\/blogdalucianaoliveira.com.br\/blog\/2021\/04\/01\/chupinguaia-secretario-de-seguranca-diz-que-mandado-de-reintegracao-de-posse-sera-cumprido-em-fazenda-invadida\/8eecc128-548a-4f18-b648-0efe37de20da\/\" data-orig-file=\"https:\/\/i0.wp.com\/blogdalucianaoliveira.com.br\/blog\/wp-content\/uploads\/2021\/04\/8EECC128-548A-4F18-B648-0EFE37DE20DA.jpeg?fit=960%2C732\" data-orig-size=\"960,732\" data-comments-opened=\"0\" data-image-meta=\"{&quot;aperture&quot;:&quot;0&quot;,&quot;credit&quot;:&quot;&quot;,&quot;camera&quot;:&quot;&quot;,&quot;caption&quot;:&quot;&quot;,&quot;created_timestamp&quot;:&quot;0&quot;,&quot;copyright&quot;:&quot;&quot;,&quot;focal_length&quot;:&quot;0&quot;,&quot;iso&quot;:&quot;0&quot;,&quot;shutter_speed&quot;:&quot;0&quot;,&quot;title&quot;:&quot;&quot;,&quot;orientation&quot;:&quot;0&quot;}\" data-image-title=\"8EECC128-548A-4F18-B648-0EFE37DE20DA\" data-image-description=\"\" data-image-caption=\"\" data-medium-file=\"https:\/\/i0.wp.com\/blogdalucianaoliveira.com.br\/blog\/wp-content\/uploads\/2021\/04\/8EECC128-548A-4F18-B648-0EFE37DE20DA.jpeg?fit=300%2C229\" data-large-file=\"https:\/\/i0.wp.com\/blogdalucianaoliveira.com.br\/blog\/wp-content\/uploads\/2021\/04\/8EECC128-548A-4F18-B648-0EFE37DE20DA.jpeg?fit=600%2C458\" src=\"https:\/\/i0.wp.com\/blogdalucianaoliveira.com.br\/blog\/wp-content\/uploads\/2021\/04\/8EECC128-548A-4F18-B648-0EFE37DE20DA.jpeg?resize=600%2C458\" alt=\"\" class=\"wp-image-31407\" srcset=\"https:\/\/i0.wp.com\/blogdalucianaoliveira.com.br\/blog\/wp-content\/uploads\/2021\/04\/8EECC128-548A-4F18-B648-0EFE37DE20DA.jpeg?w=960 960w, https:\/\/i0.wp.com\/blogdalucianaoliveira.com.br\/blog\/wp-content\/uploads\/2021\/04\/8EECC128-548A-4F18-B648-0EFE37DE20DA.jpeg?resize=300%2C229 300w, https:\/\/i0.wp.com\/blogdalucianaoliveira.com.br\/blog\/wp-content\/uploads\/2021\/04\/8EECC128-548A-4F18-B648-0EFE37DE20DA.jpeg?resize=768%2C586 768w, https:\/\/i0.wp.com\/blogdalucianaoliveira.com.br\/blog\/wp-content\/uploads\/2021\/04\/8EECC128-548A-4F18-B648-0EFE37DE20DA.jpeg?resize=393%2C300 393w\" sizes=\"auto, (max-width: 600px) 100vw, 600px\" \/><\/figure>\n\n\n\n<p><br>Folha do Sul &#8211; Visitou a reda\u00e7\u00e3o do FOLHA DO SUL ON LINE, na manh\u00e3 de ontem (quarta-feira, 31), o Coronel PM Jos\u00e9 H\u00e9lio Pach\u00e1, titular da titular da Secretaria de Estado da Seguran\u00e7a, Defesa e Cidadania (Sesdec). Ele esteve no Cone Sul com a miss\u00e3o de resolver um conflito agr\u00e1rio na fazenda Nossa Senhora Aparecida, em Chupinguaia (<a rel=\"noreferrer noopener\" href=\"https:\/\/www.folhadosulonline.com.br\/noticias\/detalhe\/2021\/video-alto-comando-secretaria-seguranca-rondonia-vem-ao-cone-sul-para-solucionar-conflitos-agrarios\" target=\"_blank\">ENTENDA AQUI<\/a>).<br>\u00a0<\/p>\n\n\n\n<!--more-->\n\n\n\n<p><br>Pach\u00e1 revelou que um juiz de Porto Velho j\u00e1 emitiu reintegra\u00e7\u00e3o de posse da propriedade, que deve ser cumprido em at\u00e9 180 dias, mas disse que a inten\u00e7\u00e3o das for\u00e7as de seguran\u00e7a do Estado e retirar os invasores do local antes do prazo determinado pelo magistrado.<br>\u00a0<br>At\u00e9 que uma opera\u00e7\u00e3o para cumprir o mandado de reintegra\u00e7\u00e3o de posse seja deflagrada, refor\u00e7os policiais j\u00e1 vieram de outras cidades e est\u00e3o patrulhando a \u00e1rea do conflito, para garantir a paz no local. Anteontem, dois invasores armados foram presos e, segundo o secret\u00e1rio, isso j\u00e1 \u00e9 fruto da atua\u00e7\u00e3o policial na regi\u00e3o.<br>\u00a0<br>MEM\u00d3RIA DE CORUMBIARA<br>Palco de um confronto armado que deixou v\u00e1rios mortos em 1995, e ficou conhecido mundialmente como \u201cMassacre de Corumbiara\u201d, a fazenda onde acontece o conflito atual estaria ocupada por mais de 100 fam\u00edlias.<br>\u00a0<br>Pach\u00e1 disse que todos os cuidados para evitar um novo banho de sangue na regi\u00e3o est\u00e3o sendo adotados. Haver\u00e1, inclusive, contato com lideran\u00e7as da Liga dos Camponeses Pobres (LCP), que estaria por tr\u00e1s da invas\u00e3o, para que as fam\u00edlias deixem pacificamente a propriedade.<br>\u00a0<br>O militar explicou que a opera\u00e7\u00e3o de reintegra\u00e7\u00e3o de posse ser\u00e1 toda filmada, tanto pelas c\u00e2meras instaladas nas viaturas quanto pelas que os policiais levar\u00e3o em seus coletes. A medida, segundo ele, \u00e9 para deixar claro que \u201cn\u00e3o daremos motivos para iniciar qualquer a\u00e7\u00e3o violenta\u201d.<br>\u00a0<br>O coronel acrescentou que, apesar de a inten\u00e7\u00e3o da PM ser resolver o conflito sem viol\u00eancia, os policiais estar\u00e3o preparados para evitar uma eventual \u201cinjusta agress\u00e3o\u201d por parte dos invasores.<br>\u00a0<\/p>\n","protected":false},"excerpt":{"rendered":"<p>Folha do Sul &#8211; Visitou a reda\u00e7\u00e3o do FOLHA DO SUL ON LINE, na manh\u00e3 de ontem (quarta-feira, 31), o Coronel PM Jos\u00e9 H\u00e9lio Pach\u00e1, titular da titular da Secretaria de Estado da Seguran\u00e7a, Defesa e Cidadania (Sesdec). Ele esteve no Cone Sul com a miss\u00e3o de resolver um conflito agr\u00e1rio na fazenda Nossa Senhora&#8230;<a class=\"more-link\" href=\"http:\/\/blogdalucianaoliveira.com.br\/blog\/2021\/04\/01\/chupinguaia-secretario-de-seguranca-diz-que-mandado-de-reintegracao-de-posse-sera-cumprido-em-fazenda-invadida\/\">Continue a leitura <span class=\"meta-nav\">&raquo;<\/span><\/a><\/p>\n","protected":false},"author":1,"featured_media":0,"comment_status":"closed","ping_status":"open","sticky":false,"template":"","format":"standard","meta":{"_exactmetrics_skip_tracking":false,"_exactmetrics_sitenote_active":false,"_exactmetrics_sitenote_note":"","_exactmetrics_sitenote_category":0,"jetpack_post_was_ever_published":false,"_jetpack_newsletter_access":"","_jetpack_dont_email_post_to_subs":false,"_jetpack_newsletter_tier_id":0,"_jetpack_memberships_contains_paywalled_content":false,"_jetpack_memberships_contains_paid_content":false,"footnotes":"","jetpack_publicize_message":"","jetpack_publicize_feature_enabled":true,"jetpack_social_post_already_shared":true,"jetpack_social_options":{"image_generator_settings":{"template":"highway","enabled":false},"version":2}},"categories":[1],"tags":[],"class_list":["post-31406","post","type-post","status-publish","format-standard","hentry","category-notas"],"jetpack_publicize_connections":[],"jetpack_sharing_enabled":true,"jetpack_featured_media_url":"","jetpack_shortlink":"https:\/\/wp.me\/p7wKYW-8ay","jetpack-related-posts":[],"_links":{"self":[{"href":"http:\/\/blogdalucianaoliveira.com.br\/blog\/wp-json\/wp\/v2\/posts\/31406","targetHints":{"allow":["GET"]}}],"collection":[{"href":"http:\/\/blogdalucianaoliveira.com.br\/blog\/wp-json\/wp\/v2\/posts"}],"about":[{"href":"http:\/\/blogdalucianaoliveira.com.br\/blog\/wp-json\/wp\/v2\/types\/post"}],"author":[{"embeddable":true,"href":"http:\/\/blogdalucianaoliveira.com.br\/blog\/wp-json\/wp\/v2\/users\/1"}],"replies":[{"embeddable":true,"href":"http:\/\/blogdalucianaoliveira.com.br\/blog\/wp-json\/wp\/v2\/comments?post=31406"}],"version-history":[{"count":1,"href":"http:\/\/blogdalucianaoliveira.com.br\/blog\/wp-json\/wp\/v2\/posts\/31406\/revisions"}],"predecessor-version":[{"id":31408,"href":"http:\/\/blogdalucianaoliveira.com.br\/blog\/wp-json\/wp\/v2\/posts\/31406\/revisions\/31408"}],"wp:attachment":[{"href":"http:\/\/blogdalucianaoliveira.com.br\/blog\/wp-json\/wp\/v2\/media?parent=31406"}],"wp:term":[{"taxonomy":"category","embeddable":true,"href":"http:\/\/blogdalucianaoliveira.com.br\/blog\/wp-json\/wp\/v2\/categories?post=31406"},{"taxonomy":"post_tag","embeddable":true,"href":"http:\/\/blogdalucianaoliveira.com.br\/blog\/wp-json\/wp\/v2\/tags?post=31406"}],"curies":[{"name":"wp","href":"https:\/\/api.w.org\/{rel}","templated":true}]}}