{"id":31412,"date":"2021-04-02T22:33:53","date_gmt":"2021-04-03T02:33:53","guid":{"rendered":"http:\/\/blogdalucianaoliveira.com.br\/blog\/?p=31412"},"modified":"2021-04-02T22:40:10","modified_gmt":"2021-04-03T02:40:10","slug":"ro-recurso-da-defensoria-publica-prova-que-despejo-em-acampamento-da-lcp-e-ilegal","status":"publish","type":"post","link":"http:\/\/blogdalucianaoliveira.com.br\/blog\/2021\/04\/02\/ro-recurso-da-defensoria-publica-prova-que-despejo-em-acampamento-da-lcp-e-ilegal\/","title":{"rendered":"RO: Recurso da Defensoria P\u00fablica prova que despejo em acampamento da LCP \u00e9 ilegal"},"content":{"rendered":"\n<figure class=\"wp-block-image size-large\"><img loading=\"lazy\" decoding=\"async\" width=\"1411\" height=\"826\" data-attachment-id=\"31413\" data-permalink=\"http:\/\/blogdalucianaoliveira.com.br\/blog\/2021\/04\/02\/ro-recurso-da-defensoria-publica-prova-que-despejo-em-acampamento-da-lcp-e-ilegal\/pacha\/\" data-orig-file=\"https:\/\/i0.wp.com\/blogdalucianaoliveira.com.br\/blog\/wp-content\/uploads\/2021\/04\/pacha.jpg?fit=1411%2C826\" data-orig-size=\"1411,826\" data-comments-opened=\"0\" data-image-meta=\"{&quot;aperture&quot;:&quot;0&quot;,&quot;credit&quot;:&quot;&quot;,&quot;camera&quot;:&quot;&quot;,&quot;caption&quot;:&quot;&quot;,&quot;created_timestamp&quot;:&quot;0&quot;,&quot;copyright&quot;:&quot;&quot;,&quot;focal_length&quot;:&quot;0&quot;,&quot;iso&quot;:&quot;0&quot;,&quot;shutter_speed&quot;:&quot;0&quot;,&quot;title&quot;:&quot;&quot;,&quot;orientation&quot;:&quot;0&quot;}\" data-image-title=\"pacha\" data-image-description=\"\" data-image-caption=\"\" data-medium-file=\"https:\/\/i0.wp.com\/blogdalucianaoliveira.com.br\/blog\/wp-content\/uploads\/2021\/04\/pacha.jpg?fit=300%2C176\" data-large-file=\"https:\/\/i0.wp.com\/blogdalucianaoliveira.com.br\/blog\/wp-content\/uploads\/2021\/04\/pacha.jpg?fit=600%2C351\" src=\"https:\/\/i0.wp.com\/blogdalucianaoliveira.com.br\/blog\/wp-content\/uploads\/2021\/04\/pacha.jpg?fit=600%2C351&amp;ssl=1\" alt=\"\" class=\"wp-image-31413\" srcset=\"https:\/\/i0.wp.com\/blogdalucianaoliveira.com.br\/blog\/wp-content\/uploads\/2021\/04\/pacha.jpg?w=1411 1411w, https:\/\/i0.wp.com\/blogdalucianaoliveira.com.br\/blog\/wp-content\/uploads\/2021\/04\/pacha.jpg?resize=300%2C176 300w, https:\/\/i0.wp.com\/blogdalucianaoliveira.com.br\/blog\/wp-content\/uploads\/2021\/04\/pacha.jpg?resize=1024%2C599 1024w, https:\/\/i0.wp.com\/blogdalucianaoliveira.com.br\/blog\/wp-content\/uploads\/2021\/04\/pacha.jpg?resize=768%2C450 768w, https:\/\/i0.wp.com\/blogdalucianaoliveira.com.br\/blog\/wp-content\/uploads\/2021\/04\/pacha.jpg?resize=512%2C300 512w, https:\/\/i0.wp.com\/blogdalucianaoliveira.com.br\/blog\/wp-content\/uploads\/2021\/04\/pacha.jpg?w=1200 1200w\" sizes=\"auto, (max-width: 600px) 100vw, 600px\" \/><\/figure>\n\n\n\n<p><strong>Por Luciana Oliveira<\/strong> &#8211; Em apenas duas laudas de Embargos de Declara\u00e7\u00e3o protocolado nesta sexta-feira, 2, o defensor p\u00fablico Eduardo Guimar\u00e3es Borges deixa claro que h\u00e1 ilegalidade no cumprimento do mandado de reintegra\u00e7\u00e3o de posse no acampamento Manoel Ribeiro da Liga dos Camponeses Pobres \u2013 LCP, no munic\u00edpio de Chupinguaia.<\/p>\n\n\n\n<p>Segundo o defensor, o cumprimento\ndo despejo est\u00e1 em desacordo com decis\u00e3o interlocut\u00f3ria proferida, com a Recomenda\u00e7\u00e3o\nNo. 90\/2021 do Conselho Nacional de Justi\u00e7a e com a Resolu\u00e7\u00e3o No. 10\/2018 do\nConselho Nacional de Direitos Humanos.<\/p>\n\n\n\n<!--more-->\n\n\n\n<p><br>\nEm raz\u00e3o da pandemia, destaca que \u201cAo proferir a r. decis\u00e3o interlocut\u00f3ria\nconstante do ID Num. 56096347, este ju\u00edzo, de maneira diligente, preocupou-se\nem evitar que o cumprimento, imediato, da medida de reintegra\u00e7\u00e3o de posse\npudesse densificar a dissemina\u00e7\u00e3o do novo coronavirus, de modo que fora\nofertada a possibilidade de desocupa\u00e7\u00e3o volunt\u00e1ria at\u00e9 o prazo final de\ncumprimento do mandado, qual seja, 29 de junho de 2021\u201d.<\/p>\n\n\n\n<p>Essa decis\u00e3o se confronta com mandado expedido anteriormente com prazo de 48 horas para o cumprimento.<\/p>\n\n\n\n<figure class=\"wp-block-image size-large\"><img data-recalc-dims=\"1\" loading=\"lazy\" decoding=\"async\" width=\"600\" height=\"284\" data-attachment-id=\"31416\" data-permalink=\"http:\/\/blogdalucianaoliveira.com.br\/blog\/2021\/04\/02\/ro-recurso-da-defensoria-publica-prova-que-despejo-em-acampamento-da-lcp-e-ilegal\/63cdc951-7c51-4915-859c-37c8f397f222\/\" data-orig-file=\"https:\/\/i0.wp.com\/blogdalucianaoliveira.com.br\/blog\/wp-content\/uploads\/2021\/04\/63CDC951-7C51-4915-859C-37C8F397F222.jpeg?fit=798%2C378\" data-orig-size=\"798,378\" data-comments-opened=\"0\" data-image-meta=\"{&quot;aperture&quot;:&quot;0&quot;,&quot;credit&quot;:&quot;&quot;,&quot;camera&quot;:&quot;&quot;,&quot;caption&quot;:&quot;&quot;,&quot;created_timestamp&quot;:&quot;0&quot;,&quot;copyright&quot;:&quot;&quot;,&quot;focal_length&quot;:&quot;0&quot;,&quot;iso&quot;:&quot;0&quot;,&quot;shutter_speed&quot;:&quot;0&quot;,&quot;title&quot;:&quot;&quot;,&quot;orientation&quot;:&quot;1&quot;}\" data-image-title=\"63CDC951-7C51-4915-859C-37C8F397F222\" data-image-description=\"\" data-image-caption=\"\" data-medium-file=\"https:\/\/i0.wp.com\/blogdalucianaoliveira.com.br\/blog\/wp-content\/uploads\/2021\/04\/63CDC951-7C51-4915-859C-37C8F397F222.jpeg?fit=300%2C142\" data-large-file=\"https:\/\/i0.wp.com\/blogdalucianaoliveira.com.br\/blog\/wp-content\/uploads\/2021\/04\/63CDC951-7C51-4915-859C-37C8F397F222.jpeg?fit=600%2C284\" src=\"https:\/\/i0.wp.com\/blogdalucianaoliveira.com.br\/blog\/wp-content\/uploads\/2021\/04\/63CDC951-7C51-4915-859C-37C8F397F222.jpeg?resize=600%2C284\" alt=\"\" class=\"wp-image-31416\" srcset=\"https:\/\/i0.wp.com\/blogdalucianaoliveira.com.br\/blog\/wp-content\/uploads\/2021\/04\/63CDC951-7C51-4915-859C-37C8F397F222.jpeg?w=798 798w, https:\/\/i0.wp.com\/blogdalucianaoliveira.com.br\/blog\/wp-content\/uploads\/2021\/04\/63CDC951-7C51-4915-859C-37C8F397F222.jpeg?resize=300%2C142 300w, https:\/\/i0.wp.com\/blogdalucianaoliveira.com.br\/blog\/wp-content\/uploads\/2021\/04\/63CDC951-7C51-4915-859C-37C8F397F222.jpeg?resize=768%2C364 768w, https:\/\/i0.wp.com\/blogdalucianaoliveira.com.br\/blog\/wp-content\/uploads\/2021\/04\/63CDC951-7C51-4915-859C-37C8F397F222.jpeg?resize=633%2C300 633w\" sizes=\"auto, (max-width: 600px) 100vw, 600px\" \/><\/figure>\n\n\n\n<figure class=\"wp-block-image size-large\"><img data-recalc-dims=\"1\" loading=\"lazy\" decoding=\"async\" width=\"600\" height=\"292\" data-attachment-id=\"31417\" data-permalink=\"http:\/\/blogdalucianaoliveira.com.br\/blog\/2021\/04\/02\/ro-recurso-da-defensoria-publica-prova-que-despejo-em-acampamento-da-lcp-e-ilegal\/4deaca4d-e919-4cc7-b80e-73fb7af908d2\/\" data-orig-file=\"https:\/\/i0.wp.com\/blogdalucianaoliveira.com.br\/blog\/wp-content\/uploads\/2021\/04\/4DEACA4D-E919-4CC7-B80E-73FB7AF908D2.jpeg?fit=788%2C383\" data-orig-size=\"788,383\" data-comments-opened=\"0\" data-image-meta=\"{&quot;aperture&quot;:&quot;0&quot;,&quot;credit&quot;:&quot;&quot;,&quot;camera&quot;:&quot;&quot;,&quot;caption&quot;:&quot;&quot;,&quot;created_timestamp&quot;:&quot;0&quot;,&quot;copyright&quot;:&quot;&quot;,&quot;focal_length&quot;:&quot;0&quot;,&quot;iso&quot;:&quot;0&quot;,&quot;shutter_speed&quot;:&quot;0&quot;,&quot;title&quot;:&quot;&quot;,&quot;orientation&quot;:&quot;1&quot;}\" data-image-title=\"4DEACA4D-E919-4CC7-B80E-73FB7AF908D2\" data-image-description=\"\" data-image-caption=\"\" data-medium-file=\"https:\/\/i0.wp.com\/blogdalucianaoliveira.com.br\/blog\/wp-content\/uploads\/2021\/04\/4DEACA4D-E919-4CC7-B80E-73FB7AF908D2.jpeg?fit=300%2C146\" data-large-file=\"https:\/\/i0.wp.com\/blogdalucianaoliveira.com.br\/blog\/wp-content\/uploads\/2021\/04\/4DEACA4D-E919-4CC7-B80E-73FB7AF908D2.jpeg?fit=600%2C292\" src=\"https:\/\/i0.wp.com\/blogdalucianaoliveira.com.br\/blog\/wp-content\/uploads\/2021\/04\/4DEACA4D-E919-4CC7-B80E-73FB7AF908D2.jpeg?resize=600%2C292\" alt=\"\" class=\"wp-image-31417\" srcset=\"https:\/\/i0.wp.com\/blogdalucianaoliveira.com.br\/blog\/wp-content\/uploads\/2021\/04\/4DEACA4D-E919-4CC7-B80E-73FB7AF908D2.jpeg?w=788 788w, https:\/\/i0.wp.com\/blogdalucianaoliveira.com.br\/blog\/wp-content\/uploads\/2021\/04\/4DEACA4D-E919-4CC7-B80E-73FB7AF908D2.jpeg?resize=300%2C146 300w, https:\/\/i0.wp.com\/blogdalucianaoliveira.com.br\/blog\/wp-content\/uploads\/2021\/04\/4DEACA4D-E919-4CC7-B80E-73FB7AF908D2.jpeg?resize=768%2C373 768w, https:\/\/i0.wp.com\/blogdalucianaoliveira.com.br\/blog\/wp-content\/uploads\/2021\/04\/4DEACA4D-E919-4CC7-B80E-73FB7AF908D2.jpeg?resize=617%2C300 617w\" sizes=\"auto, (max-width: 600px) 100vw, 600px\" \/><\/figure>\n\n\n\n<p>O recurso apresentado pela defensoria \u00e9 para esclarecer esse ponto obscuro e para que se seja expedido um novo mandado com base na decis\u00e3o interlocut\u00f3ria que visa garantir a desocupa\u00e7\u00e3o volunt\u00e1ria com seguran\u00e7a sanit\u00e1ria.<\/p>\n\n\n\n<p><strong>O caso<\/strong><\/p>\n\n\n\n<p>Em 23 de mar\u00e7o tr\u00eas policiais\nmilitares foram presos em Chupinguaia em opera\u00e7\u00e3o desencadeada pelo Minist\u00e9rio\nP\u00fablico de Rond\u00f4nia para investigar den\u00fancia de que agem como jagun\u00e7os da\nfazenda Nossa Senhora Aparecida que faz divisa com a lend\u00e1ria Santa Elina,\npalco de um sangrento confronto entre sem-terra e PMs, que deixou v\u00e1rios mortos\nem 1995.<\/p>\n\n\n\n<p>Segundo o Jornal Folha do Sul, \u201cAl\u00e9m dos PMs, tr\u00eas gerente e dois empregados da propriedade foram detidos e trazidos para Vilhena, ap\u00f3s armas n\u00e3o registradas terem sido encontradas no local. Dois carros, cujo dono seria o sargento, tamb\u00e9m foram apreendidos.<br>Na casa de outro gerente da fazenda, que mora em Vilhena, seis outras armas foram localizadas e a esposa dele, que \u00e9 funcion\u00e1ria p\u00fablica, &nbsp;acabou detida, j\u00e1 que o marido est\u00e1 fora da cidade, em viagem\u201d.<\/p>\n\n\n\n<p>Em entrevista ao jornal o\nCoronel PM Jos\u00e9 H\u00e9lio Pach\u00e1, titular da titular da Secretaria de Estado da\nSeguran\u00e7a, Defesa e Cidadania (Sesdec), disse que apesar da ordem judicial para\ndesocupa\u00e7\u00e3o em 180 dias,&nbsp; \u201ca inten\u00e7\u00e3o das\nfor\u00e7as de seguran\u00e7a do Estado e retirar os invasores do local antes do prazo\ndeterminado pelo magistrado\u201d.<\/p>\n\n\n\n<p>Pach\u00e1 foi um dos oficiais\ncomandantes da PM na opera\u00e7\u00e3o que resultou no massacre de Corumbiara.<\/p>\n\n\n\n<p>A press\u00e3o do governador bolsonarista Marcos Rocha para que se cumpra o despejo, fez Pach\u00e1 deslocar em dois dias cerca de 70 policiais, viaturas e helic\u00f3ptero para Chupinguaia. O clima \u00e9 tenso e o cerco ao acampamento teria impedido atendimento m\u00e9dico aos camponeses em plena pandemia.<\/p>\n\n\n\n<p>A Associa\u00e7\u00e3o Brasileira dos Advogados do Povo Gabriel Pimenta \u2013 ABRAPO divulgou nota de rep\u00fadio contra a opera\u00e7\u00e3o de guerra orquestrada pelo Governo de Rond\u00f4nia contra os camponeses do acampamento Manoel Ribeiro.<\/p>\n\n\n\n<p>&#8220;A sanha do latif\u00fandio e do governo e a manifesta inten\u00e7\u00e3o de criminalizar, isolar, despejar as fam\u00edlias, e prender suas lideran\u00e7as, n\u00e3o vai frear a justa luta camponesa. Uma vez mais, as fam\u00edlias resistir\u00e3o aos ataques com firmeza ainda maior, pelo significado da luta por essas terras encharcadas de sangue&#8221;.&nbsp; <\/p>\n\n\n\n<p>Leia nota completa:    <a href=\"http:\/\/abrapo.org\/2021\/03\/30\/ro-governo-de-rondonia-ameaca-novo-massacre-de-camponeses\/?fbclid=IwAR3SA07nW0fs9ws-C6rkS_o0dl30ky9fkR2DCZFn2fvcMd5IgHXsMZirdkU\">http:\/\/abrapo.org\/2021\/03\/30\/ro-governo-de-rondonia-ameaca-novo-massacre-de-camponeses\/?fbclid=IwAR3SA07nW0fs9ws-C6rkS_o0dl30ky9fkR2DCZFn2fvcMd5IgHXsMZirdkU<\/a><\/p>\n","protected":false},"excerpt":{"rendered":"<p>Por Luciana Oliveira &#8211; Em apenas duas laudas de Embargos de Declara\u00e7\u00e3o protocolado nesta sexta-feira, 2, o defensor p\u00fablico Eduardo Guimar\u00e3es Borges deixa claro que h\u00e1 ilegalidade no cumprimento do mandado de reintegra\u00e7\u00e3o de posse no acampamento Manoel Ribeiro da Liga dos Camponeses Pobres \u2013 LCP, no munic\u00edpio de Chupinguaia. Segundo o defensor, o cumprimento&#8230;<a class=\"more-link\" href=\"http:\/\/blogdalucianaoliveira.com.br\/blog\/2021\/04\/02\/ro-recurso-da-defensoria-publica-prova-que-despejo-em-acampamento-da-lcp-e-ilegal\/\">Continue a leitura <span class=\"meta-nav\">&raquo;<\/span><\/a><\/p>\n","protected":false},"author":1,"featured_media":0,"comment_status":"closed","ping_status":"open","sticky":false,"template":"","format":"standard","meta":{"_exactmetrics_skip_tracking":false,"_exactmetrics_sitenote_active":false,"_exactmetrics_sitenote_note":"","_exactmetrics_sitenote_category":0,"jetpack_post_was_ever_published":false,"_jetpack_newsletter_access":"","_jetpack_dont_email_post_to_subs":false,"_jetpack_newsletter_tier_id":0,"_jetpack_memberships_contains_paywalled_content":false,"_jetpack_memberships_contains_paid_content":false,"footnotes":"","jetpack_publicize_message":"","jetpack_publicize_feature_enabled":true,"jetpack_social_post_already_shared":true,"jetpack_social_options":{"image_generator_settings":{"template":"highway","enabled":false},"version":2}},"categories":[1],"tags":[461,462,463,464],"class_list":["post-31412","post","type-post","status-publish","format-standard","hentry","category-notas","tag-chupinguaia","tag-conflito","tag-lcp","tag-pacha"],"jetpack_publicize_connections":[],"jetpack_sharing_enabled":true,"jetpack_featured_media_url":"","jetpack_shortlink":"https:\/\/wp.me\/p7wKYW-8aE","jetpack-related-posts":[],"_links":{"self":[{"href":"http:\/\/blogdalucianaoliveira.com.br\/blog\/wp-json\/wp\/v2\/posts\/31412","targetHints":{"allow":["GET"]}}],"collection":[{"href":"http:\/\/blogdalucianaoliveira.com.br\/blog\/wp-json\/wp\/v2\/posts"}],"about":[{"href":"http:\/\/blogdalucianaoliveira.com.br\/blog\/wp-json\/wp\/v2\/types\/post"}],"author":[{"embeddable":true,"href":"http:\/\/blogdalucianaoliveira.com.br\/blog\/wp-json\/wp\/v2\/users\/1"}],"replies":[{"embeddable":true,"href":"http:\/\/blogdalucianaoliveira.com.br\/blog\/wp-json\/wp\/v2\/comments?post=31412"}],"version-history":[{"count":3,"href":"http:\/\/blogdalucianaoliveira.com.br\/blog\/wp-json\/wp\/v2\/posts\/31412\/revisions"}],"predecessor-version":[{"id":31418,"href":"http:\/\/blogdalucianaoliveira.com.br\/blog\/wp-json\/wp\/v2\/posts\/31412\/revisions\/31418"}],"wp:attachment":[{"href":"http:\/\/blogdalucianaoliveira.com.br\/blog\/wp-json\/wp\/v2\/media?parent=31412"}],"wp:term":[{"taxonomy":"category","embeddable":true,"href":"http:\/\/blogdalucianaoliveira.com.br\/blog\/wp-json\/wp\/v2\/categories?post=31412"},{"taxonomy":"post_tag","embeddable":true,"href":"http:\/\/blogdalucianaoliveira.com.br\/blog\/wp-json\/wp\/v2\/tags?post=31412"}],"curies":[{"name":"wp","href":"https:\/\/api.w.org\/{rel}","templated":true}]}}