{"id":31420,"date":"2021-04-03T10:11:14","date_gmt":"2021-04-03T14:11:14","guid":{"rendered":"http:\/\/blogdalucianaoliveira.com.br\/blog\/?p=31420"},"modified":"2021-04-03T10:11:19","modified_gmt":"2021-04-03T14:11:19","slug":"ha-um-ano-empresarios-minimizavam-pandemia-5-ou-7-mil-vao-morrer","status":"publish","type":"post","link":"http:\/\/blogdalucianaoliveira.com.br\/blog\/2021\/04\/03\/ha-um-ano-empresarios-minimizavam-pandemia-5-ou-7-mil-vao-morrer\/","title":{"rendered":"H\u00e1 um ano, empres\u00e1rios minimizavam pandemia: \u201c5 ou 7 mil v\u00e3o morrer&#8221;"},"content":{"rendered":"\n<figure class=\"wp-block-image\"><img data-recalc-dims=\"1\" decoding=\"async\" src=\"https:\/\/i0.wp.com\/images02.brasildefato.com.br\/1c5b06d1a3e1a4b5630301570ca1f097.jpeg?w=600&#038;ssl=1\" alt=\"\"\/><\/figure>\n\n\n\n<h4 class=\"wp-block-heading\">Em mar\u00e7o de 2021, total de mortos no Brasil chegou a 321,5 mil com colapso hospitalar e fila de espera por leito de UTI<\/h4>\n\n\n\n<!--more-->\n\n\n\n<p><strong>Igor Carvalho &#8211; Brasil de Fato | S\u00e3o Paulo (SP) <\/strong><\/p>\n\n\n\n<p>Quando a Organiza\u00e7\u00e3o Mundial de Sa\u00fade (OMS) declarou a&nbsp;<a href=\"https:\/\/www.brasildefato.com.br\/minuto-a-minuto\/coronavirus-no-brasil\" target=\"_blank\" rel=\"noreferrer noopener\">pandemia de coronav\u00edrus<\/a>, em 11 de mar\u00e7o de 2020, infectologistas e epidemiologistas do mundo pediam que os pa\u00edses determinassem isolamento social, uso de m\u00e1scara e \u00e1lcool em gel.<\/p>\n\n\n\n<p>Receosos com suas atividades econ\u00f4micas, diversos empres\u00e1rios correram e se colocaram, imediatamente, ao lado do presidente Jair Bolsonaro (sem partido), reproduzindo o discurso que minimizava os efeitos do coronav\u00edrus e pedindo que medidas sanit\u00e1rias fossem freadas.<\/p>\n\n\n\n<p><strong>:: Releia:&nbsp;<a href=\"https:\/\/www.brasildefato.com.br\/2020\/03\/31\/bolsonaro-minimiza-pandemia-como-governantes-do-seculo-passado-diz-epidemiologista\" target=\"_blank\" rel=\"noreferrer noopener\">Bolsonaro minimiza pandemia como governantes do s\u00e9culo passado, diz epidemiologista<\/a>&nbsp;::<\/strong><\/p>\n\n\n\n<p>Entre eles est\u00e1&nbsp;Junior Durski, dono de uma rede de lanchonetes. Em 23 de mar\u00e7o de 2020,&nbsp;o empres\u00e1rio arriscou um progn\u00f3stico sobre o n\u00famero de mortes&nbsp;em decorr\u00eancia da pandemia no pa\u00eds.<\/p>\n\n\n\n<p>\u201cEu sei que n\u00f3s temos que chorar, e vamos chorar. Mas n\u00f3s n\u00e3o podemos parar por 5 ou 7 mil pessoas que v\u00e3o morrer\u201d, vaticinou o empres\u00e1rio. \u201cN\u00e3o pode simplesmente o infectologista decidir se tem que todo mundo parar independente das consequ\u00eancias\u201d, encerrou.<\/p>\n\n\n\n<figure><iframe src=\"https:\/\/www.instagram.com\/tv\/B-FtEpyFZT-\/embed\/captioned\/?cr=1&amp;v=13&amp;wp=675&amp;rd=https%3A%2F%2Fwww.brasildefato.com.br&amp;rp=%2F2021%2F04%2F03%2Fha-um-ano-empresarios-minimizavam-pandemia-5-ou-7-mil-vao-morrer#%7B%22ci%22%3A0%2C%22os%22%3A2940.295000007609%2C%22ls%22%3A2280.3300000086892%2C%22le%22%3A2433.980000001611%7D\" allowfullscreen=\"true\" height=\"1037\"><\/iframe><\/figure>\n\n\n\n<p>O Brasil&nbsp;<a href=\"https:\/\/www.brasildefato.com.br\/2021\/04\/01\/apos-marco-tragico-brasil-inicia-abril-com-media-de-mortes-acima-de-3-mil\" target=\"_blank\" rel=\"noreferrer noopener\">ultrapassou, no dia 1\u00ba de abril<\/a>&nbsp;e pela primeira vez desde o in\u00edcio da pandemia, a m\u00e9dia de mais de 3 mil mortes di\u00e1rias em decorr\u00eancia da&nbsp;<a href=\"https:\/\/www.brasildefato.com.br\/minuto-a-minuto\/coronavirus-no-brasil\" target=\"_blank\" rel=\"noreferrer noopener\">covid-19<\/a>. O c\u00e1lculo \u00e9 baseado nos \u00faltimos sete dias. Morreram, no per\u00edodo, 3.117 pessoas em m\u00e9dia a cada dia.<\/p>\n\n\n\n<p>Atualmente, morrem mais brasileiros por dia do que a soma dos 10 pa\u00edses seguintes mais afetados pela doen\u00e7a. Mais de um ter\u00e7o das mortes no planeta ocorrem no Brasil.<\/p>\n\n\n\n<p>Na \u00faltima quinta-feira (1\u00ba), foram registrados 3.769 \u00f3bitos. Em rela\u00e7\u00e3o ao n\u00famero de novos casos, foram 91.097 infectados. Desde o in\u00edcio do surto, ao menos 12.839.844 pessoas foram contaminadas pelo v\u00edrus no pa\u00eds.<\/p>\n\n\n\n<p>No mesmo dia do progn\u00f3stico de&nbsp;Durski,&nbsp;o empres\u00e1rio Roberto Justus saiu em defesa do colega empres\u00e1rio&nbsp;e discordou das medidas que restringiam o funcionamento do com\u00e9rcio.<\/p>\n\n\n\n<p>\u201cN\u00f3s estamos vindo de anos de recess\u00e3o, de problemas, de queda do nosso PIB, e agora n\u00f3s vamos conseguir destruir. O&nbsp;que acontece com isso? Um problema social sem precedentes. Sim, as pessoas v\u00e3o morrer. Voc\u00ea sabe que muita gente se mata por problemas econ\u00f4micos. A tristeza de n\u00e3o poder alimentar os seus filhos, perder o seu emprego. Um sorveteiro deu um grande exemplo, ele falou: \u2018n\u00e3o vou morrer do v\u00edrus, vou morrer de fome\u2019\u201d, explicou. \u201cEu quero dizer que n\u00f3s estamos dando um tiro de canh\u00e3o para matar um p\u00e1ssaro. N\u00f3s estamos exagerando na dose\u201d, encerrou.<\/p>\n\n\n\n<p>Menos conhecido, Alexandre Guerra, fundador de uma rede de restaurantes, tentou intimidar seus empregados com um v\u00eddeo publicado em suas redes sociais no dia 24 de mar\u00e7o de 2020.<\/p>\n\n\n\n<p>\u201cVoc\u00ea que \u00e9 funcion\u00e1rio, que talvez esteja em casa numa boa, numa tranquilidade, curtindo um pouco esse home office, esse descanso for\u00e7ado, voc\u00ea j\u00e1 se deu conta de que, ao inv\u00e9s de estar com medo de pegar esse v\u00edrus, voc\u00ea deveria tamb\u00e9m estar com medo de perder o emprego? Ser\u00e1 que sua empresa tem condi\u00e7\u00f5es de segurar o seu sal\u00e1rio por 60, 90 dias? Voc\u00ea j\u00e1 pensou nisso?\u201d, questionou.<\/p>\n\n\n\n<figure><iframe src=\"https:\/\/www.instagram.com\/tv\/B99Ukq3D94T\/embed\/captioned\/?cr=1&amp;v=13&amp;wp=675&amp;rd=https%3A%2F%2Fwww.brasildefato.com.br&amp;rp=%2F2021%2F04%2F03%2Fha-um-ano-empresarios-minimizavam-pandemia-5-ou-7-mil-vao-morrer#%7B%22ci%22%3A1%2C%22os%22%3A2947.489999991376%2C%22ls%22%3A2280.3300000086892%2C%22le%22%3A2433.980000001611%7D\" allowfullscreen=\"true\" height=\"1160\"><\/iframe><\/figure>\n\n\n\n<p>Em entrevista ao portal UOL, em 23 de mar\u00e7o de 2020, Luciano Hang, dono de uma rede de lojas de departamento, afirmou que \u201co dano na economia vai ser muito maior do que da pandemia\u201d e defendeu a redu\u00e7\u00e3o de sal\u00e1rio para os seus funcion\u00e1rios.&nbsp;\u201cO Brasil j\u00e1 est\u00e1 parado. Preservar o emprego nesse momento \u00e9 a mais importante medida que devemos ter\u201d.<\/p>\n\n\n\n<p>Em uma transmiss\u00e3o ao vivo em uma rede social, no dia 23 de mar\u00e7o de 2020, o empres\u00e1rio Ab\u00edlio Diniz afirmou que a pandemia \u201cn\u00e3o \u00e9 t\u00e3o grave assim\u201d.<\/p>\n\n\n\n<p>\u201cO coronav\u00edrus se espalha rapidamente e temos de ficar reclusos, mas n\u00e3o por muito tempo. Precisamos de um horizonte de semanas, n\u00e3o de meses. Precisamos saber que isso vai passar.\u201d<\/p>\n\n\n\n<p>At\u00e9 o fechamento desta mat\u00e9ria, nenhum dos&nbsp;empres\u00e1rios havia respondido aos questionamentos do&nbsp;<strong>Brasil de Fato<\/strong>.<\/p>\n\n\n\n<p>Edi\u00e7\u00e3o: Poliana Dallabrida<br><\/p>\n","protected":false},"excerpt":{"rendered":"<p>Em mar\u00e7o de 2021, total de mortos no Brasil chegou a 321,5 mil com colapso hospitalar e fila de espera por leito de UTI<\/p>\n","protected":false},"author":1,"featured_media":0,"comment_status":"closed","ping_status":"open","sticky":false,"template":"","format":"standard","meta":{"_exactmetrics_skip_tracking":false,"_exactmetrics_sitenote_active":false,"_exactmetrics_sitenote_note":"","_exactmetrics_sitenote_category":0,"jetpack_post_was_ever_published":false,"_jetpack_newsletter_access":"","_jetpack_dont_email_post_to_subs":false,"_jetpack_newsletter_tier_id":0,"_jetpack_memberships_contains_paywalled_content":false,"_jetpack_memberships_contains_paid_content":false,"footnotes":"","jetpack_publicize_message":"","jetpack_publicize_feature_enabled":true,"jetpack_social_post_already_shared":true,"jetpack_social_options":{"image_generator_settings":{"template":"highway","enabled":false},"version":2}},"categories":[1],"tags":[466,465,366],"class_list":["post-31420","post","type-post","status-publish","format-standard","hentry","category-notas","tag-luciano-hang","tag-negacao","tag-pandemia"],"jetpack_publicize_connections":[],"jetpack_sharing_enabled":true,"jetpack_featured_media_url":"","jetpack_shortlink":"https:\/\/wp.me\/p7wKYW-8aM","jetpack-related-posts":[],"_links":{"self":[{"href":"http:\/\/blogdalucianaoliveira.com.br\/blog\/wp-json\/wp\/v2\/posts\/31420","targetHints":{"allow":["GET"]}}],"collection":[{"href":"http:\/\/blogdalucianaoliveira.com.br\/blog\/wp-json\/wp\/v2\/posts"}],"about":[{"href":"http:\/\/blogdalucianaoliveira.com.br\/blog\/wp-json\/wp\/v2\/types\/post"}],"author":[{"embeddable":true,"href":"http:\/\/blogdalucianaoliveira.com.br\/blog\/wp-json\/wp\/v2\/users\/1"}],"replies":[{"embeddable":true,"href":"http:\/\/blogdalucianaoliveira.com.br\/blog\/wp-json\/wp\/v2\/comments?post=31420"}],"version-history":[{"count":1,"href":"http:\/\/blogdalucianaoliveira.com.br\/blog\/wp-json\/wp\/v2\/posts\/31420\/revisions"}],"predecessor-version":[{"id":31421,"href":"http:\/\/blogdalucianaoliveira.com.br\/blog\/wp-json\/wp\/v2\/posts\/31420\/revisions\/31421"}],"wp:attachment":[{"href":"http:\/\/blogdalucianaoliveira.com.br\/blog\/wp-json\/wp\/v2\/media?parent=31420"}],"wp:term":[{"taxonomy":"category","embeddable":true,"href":"http:\/\/blogdalucianaoliveira.com.br\/blog\/wp-json\/wp\/v2\/categories?post=31420"},{"taxonomy":"post_tag","embeddable":true,"href":"http:\/\/blogdalucianaoliveira.com.br\/blog\/wp-json\/wp\/v2\/tags?post=31420"}],"curies":[{"name":"wp","href":"https:\/\/api.w.org\/{rel}","templated":true}]}}