{"id":31422,"date":"2021-04-03T10:25:53","date_gmt":"2021-04-03T14:25:53","guid":{"rendered":"http:\/\/blogdalucianaoliveira.com.br\/blog\/?p=31422"},"modified":"2021-04-03T10:25:57","modified_gmt":"2021-04-03T14:25:57","slug":"bolsonaro-o-judas-brasileiro","status":"publish","type":"post","link":"http:\/\/blogdalucianaoliveira.com.br\/blog\/2021\/04\/03\/bolsonaro-o-judas-brasileiro\/","title":{"rendered":"Bolsonaro, o Judas brasileiro"},"content":{"rendered":"\n<figure class=\"wp-block-image size-large\"><img data-recalc-dims=\"1\" loading=\"lazy\" decoding=\"async\" width=\"600\" height=\"400\" data-attachment-id=\"31423\" data-permalink=\"http:\/\/blogdalucianaoliveira.com.br\/blog\/2021\/04\/03\/bolsonaro-o-judas-brasileiro\/jud-2\/\" data-orig-file=\"https:\/\/i0.wp.com\/blogdalucianaoliveira.com.br\/blog\/wp-content\/uploads\/2021\/04\/jud.jpg?fit=768%2C512\" data-orig-size=\"768,512\" data-comments-opened=\"0\" data-image-meta=\"{&quot;aperture&quot;:&quot;0&quot;,&quot;credit&quot;:&quot;&quot;,&quot;camera&quot;:&quot;&quot;,&quot;caption&quot;:&quot;&quot;,&quot;created_timestamp&quot;:&quot;0&quot;,&quot;copyright&quot;:&quot;&quot;,&quot;focal_length&quot;:&quot;0&quot;,&quot;iso&quot;:&quot;0&quot;,&quot;shutter_speed&quot;:&quot;0&quot;,&quot;title&quot;:&quot;&quot;,&quot;orientation&quot;:&quot;0&quot;}\" data-image-title=\"jud\" data-image-description=\"\" data-image-caption=\"\" data-medium-file=\"https:\/\/i0.wp.com\/blogdalucianaoliveira.com.br\/blog\/wp-content\/uploads\/2021\/04\/jud.jpg?fit=300%2C200\" data-large-file=\"https:\/\/i0.wp.com\/blogdalucianaoliveira.com.br\/blog\/wp-content\/uploads\/2021\/04\/jud.jpg?fit=600%2C400\" src=\"https:\/\/i0.wp.com\/blogdalucianaoliveira.com.br\/blog\/wp-content\/uploads\/2021\/04\/jud.jpg?resize=600%2C400&#038;ssl=1\" alt=\"\" class=\"wp-image-31423\" srcset=\"https:\/\/i0.wp.com\/blogdalucianaoliveira.com.br\/blog\/wp-content\/uploads\/2021\/04\/jud.jpg?w=768 768w, https:\/\/i0.wp.com\/blogdalucianaoliveira.com.br\/blog\/wp-content\/uploads\/2021\/04\/jud.jpg?resize=300%2C200 300w, https:\/\/i0.wp.com\/blogdalucianaoliveira.com.br\/blog\/wp-content\/uploads\/2021\/04\/jud.jpg?resize=450%2C300 450w\" sizes=\"auto, (max-width: 600px) 100vw, 600px\" \/><\/figure>\n\n\n\n<p><strong>Marcos Nogueira<\/strong>, Cozinha Bruta na FSP &#8211; E o\u00a0<a href=\"https:\/\/www.instagram.com\/p\/CL4envKH2lg\/\">bacalhau<\/a>\u00a0de ontem, estava bom? Melhor pegar leve hoje, porque amanh\u00e3 \u00e9 dia de comer chocolate at\u00e9 explodir.<\/p>\n\n\n\n<p>A Semana Santa, que na tradi\u00e7\u00e3o cat\u00f3lica representa a crucifica\u00e7\u00e3o de Jesus e a milagrosa ressurrei\u00e7\u00e3o, virou sin\u00f4nimo de comilan\u00e7a sem limites.<\/p>\n\n\n\n<!--more-->\n\n\n\n<p>A rigor, s\u00f3 o Domingo de&nbsp;<a href=\"https:\/\/cozinhabruta.blogfolha.uol.com.br\/2021\/03\/31\/pascoa-em-portugal-tem-entrega-de-foda-em-domicilio\/\">P\u00e1scoa<\/a>&nbsp;deveria permitir a gula desenfreada \u2013ele celebra do fim dos 40 dias de penit\u00eancia da Quaresma. A Sexta-Feira Santa \u00e9 o pin\u00e1culo do luto crist\u00e3o e, em tese, reservada para a ora\u00e7\u00e3o e o jejum.<\/p>\n\n\n\n<p>Mas sabemos o quanto dois mil anos de hist\u00f3ria podem avacalhar um ritual. O jejum passou a admitir refei\u00e7\u00f5es leves; depois, tudo menos carne.<\/p>\n\n\n\n<p>Peixe \u00e9 carne? Vegetarianos responderiam \u201csim\u201d. Na cartilha cat\u00f3lica, por\u00e9m, ele \u00e9 parente da batata, da cebola e do azeite. Nasceu assim a bacalhoada sagrada do pr\u00e9-P\u00e1scoa, que o brasileiro come \u00e0s toneladas. Com litros de vinho, para ajudar a descer.<\/p>\n\n\n\n<p>O S\u00e1bado de Aleluia \u00e9 um ser estranho no feriad\u00e3o pascal. Sanduichado entre o&nbsp;<a href=\"https:\/\/www.instagram.com\/p\/CL2RHiwHOEK\/\">bacalhau<\/a>&nbsp;e o&nbsp;<a href=\"https:\/\/cozinhabruta.blogfolha.uol.com.br\/2021\/03\/16\/ovo-plano-e-o-judas-da-pascoa-em-2021\/\">ovo de chocolate<\/a>, ele n\u00e3o tem especialidade culin\u00e1ria alguma.<\/p>\n\n\n\n<p>Em vez de cozinhar e comer, as pessoas aproveitam o s\u00e1bado para malhar o Judas. Descer o sarrafo no ap\u00f3stolo que traiu Jesus e, por extens\u00e3o, a humanidade inteira.<\/p>\n\n\n\n<p>No Cambuci,<a href=\"https:\/\/cozinhabruta.blogfolha.uol.com.br\/2020\/09\/08\/de-volta-a-capital-mundial-dos-espetinhos\/\">&nbsp;onde cresci<\/a>, a malha\u00e7\u00e3o do boneco na rua dos Lavap\u00e9s sempre descambava em murro, pontap\u00e9 e dedo no olho. Pauta fixa no calend\u00e1rio dos telejornais da hora do almo\u00e7o, com a pol\u00edcia dispersando o tumulto na base do jato d\u2019\u00e1gua.<\/p>\n\n\n\n<p>A cada ano, os moradores escolhiam uma figura p\u00fablica para ser o Judas estra\u00e7alhado no asfalto. Um pol\u00edtico, geralmente. Catarse em estado bruto.<\/p>\n\n\n\n<p>Que ningu\u00e9m se aglomere para espancar bonecos de pano hoje; na pandemia, malhemos mentalmente o Judas.<\/p>\n\n\n\n<p>E a corrida eleitoral para o Judas 2021 tem candidato \u00fanico.<\/p>\n\n\n\n<p>Ele traiu aliados de primeira e de \u00faltima hora. Traiu o pastor cantor que achava que seria ministro. Traiu o Marreco de Maring\u00e1.<\/p>\n\n\n\n<p>Aprontou trairagem da grossa com os fiscais de \u00e2nus alheios, que compraram retid\u00e3o e rigor conservadores \u2013e levaram rachadinhas purulentas.<\/p>\n\n\n\n<p>Traiu a banca de apostas da Faria Lima com promessas de autonomia para a farra liberal. Traiu at\u00e9 os lun\u00e1ticos da Terra Plana: abandonou-os na porta da igreja para se casar com a amante, que o sustentou por 28 anos na C\u00e2mara.<\/p>\n\n\n\n<p>Traiu os milicos que o tomaram por fantoche. Traiu quase 58 milh\u00f5es de eleitores.<\/p>\n\n\n\n<p>Piedade zero dessa gente tra\u00edda. Todos conheciam a natureza de judas do Judas. Decidiram, assim mesmo, dar-lhe o voto de confian\u00e7a.<\/p>\n\n\n\n<p>Tamb\u00e9m foram tra\u00eddos os 61% dos brasileiros que optaram por n\u00e3o votar no Judas em segundo turno. Eles esperavam que o Judas tentaria salv\u00e1-los na maior epidemia do s\u00e9culo \u2013\u00e9 o m\u00ednimo que se pode esperar.<\/p>\n\n\n\n<p>Mas Judas tratou de encaminh\u00e1-los para o sacrif\u00edcio, assim como o Judas b\u00edblico fez com Jesus. Diz o livro que Jesus ressuscitou na P\u00e1scoa. N\u00e3o \u00e9 uma op\u00e7\u00e3o para as v\u00edtimas do Coronav\u00edrus.<\/p>\n\n\n\n<p>O mesmo livro narra a fortuna de Judas depois da trai\u00e7\u00e3o: 30 moedas de prata ao p\u00e9 da fo rca.<\/p>\n\n\n\n<p>Bom&nbsp;<a href=\"https:\/\/cozinhabruta.blogfolha.uol.com.br\/2021\/03\/02\/fantastica-mansao-de-flavio-bolsonaro-vale-27-toneladas-de-chocolate\/\">chocolate<\/a>!<\/p>\n","protected":false},"excerpt":{"rendered":"<p>Marcos Nogueira, Cozinha Bruta na FSP &#8211; E o\u00a0bacalhau\u00a0de ontem, estava bom? Melhor pegar leve hoje, porque amanh\u00e3 \u00e9 dia de comer chocolate at\u00e9 explodir. A Semana Santa, que na tradi\u00e7\u00e3o cat\u00f3lica representa a crucifica\u00e7\u00e3o de Jesus e a milagrosa ressurrei\u00e7\u00e3o, virou sin\u00f4nimo de comilan\u00e7a sem limites.<\/p>\n","protected":false},"author":1,"featured_media":0,"comment_status":"closed","ping_status":"open","sticky":false,"template":"","format":"standard","meta":{"_exactmetrics_skip_tracking":false,"_exactmetrics_sitenote_active":false,"_exactmetrics_sitenote_note":"","_exactmetrics_sitenote_category":0,"jetpack_post_was_ever_published":false,"_jetpack_newsletter_access":"","_jetpack_dont_email_post_to_subs":false,"_jetpack_newsletter_tier_id":0,"_jetpack_memberships_contains_paywalled_content":false,"_jetpack_memberships_contains_paid_content":false,"footnotes":"","jetpack_publicize_message":"","jetpack_publicize_feature_enabled":true,"jetpack_social_post_already_shared":true,"jetpack_social_options":{"image_generator_settings":{"template":"highway","enabled":false},"version":2}},"categories":[1],"tags":[53,467],"class_list":["post-31422","post","type-post","status-publish","format-standard","hentry","category-notas","tag-bolsonaro","tag-judas"],"jetpack_publicize_connections":[],"jetpack_sharing_enabled":true,"jetpack_featured_media_url":"","jetpack_shortlink":"https:\/\/wp.me\/p7wKYW-8aO","jetpack-related-posts":[],"_links":{"self":[{"href":"http:\/\/blogdalucianaoliveira.com.br\/blog\/wp-json\/wp\/v2\/posts\/31422","targetHints":{"allow":["GET"]}}],"collection":[{"href":"http:\/\/blogdalucianaoliveira.com.br\/blog\/wp-json\/wp\/v2\/posts"}],"about":[{"href":"http:\/\/blogdalucianaoliveira.com.br\/blog\/wp-json\/wp\/v2\/types\/post"}],"author":[{"embeddable":true,"href":"http:\/\/blogdalucianaoliveira.com.br\/blog\/wp-json\/wp\/v2\/users\/1"}],"replies":[{"embeddable":true,"href":"http:\/\/blogdalucianaoliveira.com.br\/blog\/wp-json\/wp\/v2\/comments?post=31422"}],"version-history":[{"count":1,"href":"http:\/\/blogdalucianaoliveira.com.br\/blog\/wp-json\/wp\/v2\/posts\/31422\/revisions"}],"predecessor-version":[{"id":31424,"href":"http:\/\/blogdalucianaoliveira.com.br\/blog\/wp-json\/wp\/v2\/posts\/31422\/revisions\/31424"}],"wp:attachment":[{"href":"http:\/\/blogdalucianaoliveira.com.br\/blog\/wp-json\/wp\/v2\/media?parent=31422"}],"wp:term":[{"taxonomy":"category","embeddable":true,"href":"http:\/\/blogdalucianaoliveira.com.br\/blog\/wp-json\/wp\/v2\/categories?post=31422"},{"taxonomy":"post_tag","embeddable":true,"href":"http:\/\/blogdalucianaoliveira.com.br\/blog\/wp-json\/wp\/v2\/tags?post=31422"}],"curies":[{"name":"wp","href":"https:\/\/api.w.org\/{rel}","templated":true}]}}