{"id":31425,"date":"2021-04-03T20:37:48","date_gmt":"2021-04-04T00:37:48","guid":{"rendered":"http:\/\/blogdalucianaoliveira.com.br\/blog\/?p=31425"},"modified":"2021-04-03T20:38:24","modified_gmt":"2021-04-04T00:38:24","slug":"paroquia-crua-memorial-poe-vidas-perdidas-na-pandemia","status":"publish","type":"post","link":"http:\/\/blogdalucianaoliveira.com.br\/blog\/2021\/04\/03\/paroquia-crua-memorial-poe-vidas-perdidas-na-pandemia\/","title":{"rendered":"Par\u00f3quia instala  memorial por vidas perdidas na pandemia"},"content":{"rendered":"\n<figure class=\"wp-block-image size-large\"><img data-recalc-dims=\"1\" loading=\"lazy\" decoding=\"async\" width=\"575\" height=\"449\" data-attachment-id=\"31426\" data-permalink=\"http:\/\/blogdalucianaoliveira.com.br\/blog\/2021\/04\/03\/paroquia-crua-memorial-poe-vidas-perdidas-na-pandemia\/45ca1bd9-8008-447d-9781-bf399ab66797\/\" data-orig-file=\"https:\/\/i0.wp.com\/blogdalucianaoliveira.com.br\/blog\/wp-content\/uploads\/2021\/04\/45CA1BD9-8008-447D-9781-BF399AB66797.jpeg?fit=575%2C449\" data-orig-size=\"575,449\" data-comments-opened=\"0\" data-image-meta=\"{&quot;aperture&quot;:&quot;0&quot;,&quot;credit&quot;:&quot;&quot;,&quot;camera&quot;:&quot;&quot;,&quot;caption&quot;:&quot;&quot;,&quot;created_timestamp&quot;:&quot;0&quot;,&quot;copyright&quot;:&quot;&quot;,&quot;focal_length&quot;:&quot;0&quot;,&quot;iso&quot;:&quot;0&quot;,&quot;shutter_speed&quot;:&quot;0&quot;,&quot;title&quot;:&quot;&quot;,&quot;orientation&quot;:&quot;0&quot;}\" data-image-title=\"45CA1BD9-8008-447D-9781-BF399AB66797\" data-image-description=\"\" data-image-caption=\"\" data-medium-file=\"https:\/\/i0.wp.com\/blogdalucianaoliveira.com.br\/blog\/wp-content\/uploads\/2021\/04\/45CA1BD9-8008-447D-9781-BF399AB66797.jpeg?fit=300%2C234\" data-large-file=\"https:\/\/i0.wp.com\/blogdalucianaoliveira.com.br\/blog\/wp-content\/uploads\/2021\/04\/45CA1BD9-8008-447D-9781-BF399AB66797.jpeg?fit=575%2C449\" src=\"https:\/\/i0.wp.com\/blogdalucianaoliveira.com.br\/blog\/wp-content\/uploads\/2021\/04\/45CA1BD9-8008-447D-9781-BF399AB66797.jpeg?resize=575%2C449\" alt=\"\" class=\"wp-image-31426\" srcset=\"https:\/\/i0.wp.com\/blogdalucianaoliveira.com.br\/blog\/wp-content\/uploads\/2021\/04\/45CA1BD9-8008-447D-9781-BF399AB66797.jpeg?w=575 575w, https:\/\/i0.wp.com\/blogdalucianaoliveira.com.br\/blog\/wp-content\/uploads\/2021\/04\/45CA1BD9-8008-447D-9781-BF399AB66797.jpeg?resize=300%2C234 300w, https:\/\/i0.wp.com\/blogdalucianaoliveira.com.br\/blog\/wp-content\/uploads\/2021\/04\/45CA1BD9-8008-447D-9781-BF399AB66797.jpeg?resize=384%2C300 384w\" sizes=\"auto, (max-width: 575px) 100vw, 575px\" \/><\/figure>\n\n\n\n<p>Quem passou na capital pela Par\u00f3quia Nossa Senhora de F\u00e1tima nesta sexta-feira Santa, se deparou com uma cena que provoca reflex\u00e3o sobre a vida e a morte. <br><br>O dia reservado para pensar no sofrimento e morte de Jesus Cristo, foi tamb\u00e9m dedicado a ora\u00e7\u00f5es pelas vidas perdidas na pandemia. <\/p>\n\n\n\n<!--more-->\n\n\n\n<p>Foram colocadas 27 cruzes brancas no p\u00e1tio que simbolizam as mais de 320 mil mortes pela Covid nos 26 estados e o Distrito Federal. <\/p>\n\n\n\n<p>Rond\u00f4nia tem 189.349 casos confirmados e 4.233 \u00f3bitos pela doen\u00e7a. <br><\/p>\n\n\n\n<figure class=\"wp-block-image size-large\"><img loading=\"lazy\" decoding=\"async\" width=\"1280\" height=\"960\" data-attachment-id=\"31427\" data-permalink=\"http:\/\/blogdalucianaoliveira.com.br\/blog\/2021\/04\/03\/paroquia-crua-memorial-poe-vidas-perdidas-na-pandemia\/b39ba512-9839-4998-aec4-b10aa8e1f095\/\" data-orig-file=\"https:\/\/i0.wp.com\/blogdalucianaoliveira.com.br\/blog\/wp-content\/uploads\/2021\/04\/B39BA512-9839-4998-AEC4-B10AA8E1F095.jpeg?fit=1280%2C960\" data-orig-size=\"1280,960\" data-comments-opened=\"0\" data-image-meta=\"{&quot;aperture&quot;:&quot;0&quot;,&quot;credit&quot;:&quot;&quot;,&quot;camera&quot;:&quot;&quot;,&quot;caption&quot;:&quot;&quot;,&quot;created_timestamp&quot;:&quot;0&quot;,&quot;copyright&quot;:&quot;&quot;,&quot;focal_length&quot;:&quot;0&quot;,&quot;iso&quot;:&quot;0&quot;,&quot;shutter_speed&quot;:&quot;0&quot;,&quot;title&quot;:&quot;&quot;,&quot;orientation&quot;:&quot;0&quot;}\" data-image-title=\"B39BA512-9839-4998-AEC4-B10AA8E1F095\" data-image-description=\"\" data-image-caption=\"\" data-medium-file=\"https:\/\/i0.wp.com\/blogdalucianaoliveira.com.br\/blog\/wp-content\/uploads\/2021\/04\/B39BA512-9839-4998-AEC4-B10AA8E1F095.jpeg?fit=300%2C225\" data-large-file=\"https:\/\/i0.wp.com\/blogdalucianaoliveira.com.br\/blog\/wp-content\/uploads\/2021\/04\/B39BA512-9839-4998-AEC4-B10AA8E1F095.jpeg?fit=600%2C450\" src=\"https:\/\/i2.wp.com\/blogdalucianaoliveira.com.br\/blog\/wp-content\/uploads\/2021\/04\/B39BA512-9839-4998-AEC4-B10AA8E1F095.jpeg?fit=600%2C450\" alt=\"\" class=\"wp-image-31427\" srcset=\"https:\/\/i0.wp.com\/blogdalucianaoliveira.com.br\/blog\/wp-content\/uploads\/2021\/04\/B39BA512-9839-4998-AEC4-B10AA8E1F095.jpeg?w=1280 1280w, https:\/\/i0.wp.com\/blogdalucianaoliveira.com.br\/blog\/wp-content\/uploads\/2021\/04\/B39BA512-9839-4998-AEC4-B10AA8E1F095.jpeg?resize=300%2C225 300w, https:\/\/i0.wp.com\/blogdalucianaoliveira.com.br\/blog\/wp-content\/uploads\/2021\/04\/B39BA512-9839-4998-AEC4-B10AA8E1F095.jpeg?resize=1024%2C768 1024w, https:\/\/i0.wp.com\/blogdalucianaoliveira.com.br\/blog\/wp-content\/uploads\/2021\/04\/B39BA512-9839-4998-AEC4-B10AA8E1F095.jpeg?resize=768%2C576 768w, https:\/\/i0.wp.com\/blogdalucianaoliveira.com.br\/blog\/wp-content\/uploads\/2021\/04\/B39BA512-9839-4998-AEC4-B10AA8E1F095.jpeg?resize=400%2C300 400w, https:\/\/i0.wp.com\/blogdalucianaoliveira.com.br\/blog\/wp-content\/uploads\/2021\/04\/B39BA512-9839-4998-AEC4-B10AA8E1F095.jpeg?w=1200 1200w\" sizes=\"auto, (max-width: 600px) 100vw, 600px\" \/><\/figure>\n\n\n\n<p>Ao G1, o padre S\u00e9rgio L\u00facio real\u00e7ou a import\u00e2ncia do distanciamento social como medida de conten\u00e7\u00e3o da doen\u00e7a.<\/p>\n\n\n\n<p>&#8220;Temos que rejeitar o negacionismo, temos que colocar os p\u00e9s no ch\u00e3o e saber que estamos diante de uma calamidade sanit\u00e1ria. E que todos n\u00f3s, sejam autoridades p\u00fablicas, pol\u00edticas, o cidad\u00e3o, o trabalhador, as fam\u00edlias, a igreja, todos n\u00f3s temos que nos unir para que, colaborando com as medidas sanit\u00e1rias, n\u00f3s possamos superar esse momento de crise&#8221;. <\/p>\n\n\n\n<p><\/p>\n","protected":false},"excerpt":{"rendered":"<p>Quem passou na capital pela Par\u00f3quia Nossa Senhora de F\u00e1tima nesta sexta-feira Santa, se deparou com uma cena que provoca reflex\u00e3o sobre a vida e a morte. O dia reservado para pensar no sofrimento e morte de Jesus Cristo, foi tamb\u00e9m dedicado a ora\u00e7\u00f5es pelas vidas perdidas na pandemia.<\/p>\n","protected":false},"author":1,"featured_media":0,"comment_status":"closed","ping_status":"open","sticky":false,"template":"","format":"standard","meta":{"_exactmetrics_skip_tracking":false,"_exactmetrics_sitenote_active":false,"_exactmetrics_sitenote_note":"","_exactmetrics_sitenote_category":0,"jetpack_post_was_ever_published":false,"_jetpack_newsletter_access":"","_jetpack_dont_email_post_to_subs":false,"_jetpack_newsletter_tier_id":0,"_jetpack_memberships_contains_paywalled_content":false,"_jetpack_memberships_contains_paid_content":false,"footnotes":"","jetpack_publicize_message":"","jetpack_publicize_feature_enabled":true,"jetpack_social_post_already_shared":true,"jetpack_social_options":{"image_generator_settings":{"template":"highway","enabled":false},"version":2}},"categories":[1],"tags":[],"class_list":["post-31425","post","type-post","status-publish","format-standard","hentry","category-notas"],"jetpack_publicize_connections":[],"jetpack_sharing_enabled":true,"jetpack_featured_media_url":"","jetpack_shortlink":"https:\/\/wp.me\/p7wKYW-8aR","jetpack-related-posts":[],"_links":{"self":[{"href":"http:\/\/blogdalucianaoliveira.com.br\/blog\/wp-json\/wp\/v2\/posts\/31425","targetHints":{"allow":["GET"]}}],"collection":[{"href":"http:\/\/blogdalucianaoliveira.com.br\/blog\/wp-json\/wp\/v2\/posts"}],"about":[{"href":"http:\/\/blogdalucianaoliveira.com.br\/blog\/wp-json\/wp\/v2\/types\/post"}],"author":[{"embeddable":true,"href":"http:\/\/blogdalucianaoliveira.com.br\/blog\/wp-json\/wp\/v2\/users\/1"}],"replies":[{"embeddable":true,"href":"http:\/\/blogdalucianaoliveira.com.br\/blog\/wp-json\/wp\/v2\/comments?post=31425"}],"version-history":[{"count":2,"href":"http:\/\/blogdalucianaoliveira.com.br\/blog\/wp-json\/wp\/v2\/posts\/31425\/revisions"}],"predecessor-version":[{"id":31429,"href":"http:\/\/blogdalucianaoliveira.com.br\/blog\/wp-json\/wp\/v2\/posts\/31425\/revisions\/31429"}],"wp:attachment":[{"href":"http:\/\/blogdalucianaoliveira.com.br\/blog\/wp-json\/wp\/v2\/media?parent=31425"}],"wp:term":[{"taxonomy":"category","embeddable":true,"href":"http:\/\/blogdalucianaoliveira.com.br\/blog\/wp-json\/wp\/v2\/categories?post=31425"},{"taxonomy":"post_tag","embeddable":true,"href":"http:\/\/blogdalucianaoliveira.com.br\/blog\/wp-json\/wp\/v2\/tags?post=31425"}],"curies":[{"name":"wp","href":"https:\/\/api.w.org\/{rel}","templated":true}]}}