{"id":3149,"date":"2016-08-15T23:39:04","date_gmt":"2016-08-16T03:39:04","guid":{"rendered":"http:\/\/blogdalucianaoliveira.com.br\/blog\/?p=3149"},"modified":"2016-08-16T08:01:11","modified_gmt":"2016-08-16T12:01:11","slug":"temer-bate-o-recorde-de-presidente-mais-ridicularizado-numa-olimpiada","status":"publish","type":"post","link":"http:\/\/blogdalucianaoliveira.com.br\/blog\/2016\/08\/15\/temer-bate-o-recorde-de-presidente-mais-ridicularizado-numa-olimpiada\/","title":{"rendered":"Temer bate o recorde de &#8216;presidente&#8217; mais ridicularizado numa Olimp\u00edada"},"content":{"rendered":"<p><img data-recalc-dims=\"1\" loading=\"lazy\" decoding=\"async\" data-attachment-id=\"3150\" data-permalink=\"http:\/\/blogdalucianaoliveira.com.br\/blog\/2016\/08\/15\/temer-bate-o-recorde-de-presidente-mais-ridicularizado-numa-olimpiada\/image-717\/\" data-orig-file=\"https:\/\/i0.wp.com\/blogdalucianaoliveira.com.br\/blog\/wp-content\/uploads\/2016\/08\/image-82.jpeg?fit=375%2C299\" data-orig-size=\"375,299\" data-comments-opened=\"0\" data-image-meta=\"{&quot;aperture&quot;:&quot;0&quot;,&quot;credit&quot;:&quot;&quot;,&quot;camera&quot;:&quot;&quot;,&quot;caption&quot;:&quot;&quot;,&quot;created_timestamp&quot;:&quot;0&quot;,&quot;copyright&quot;:&quot;&quot;,&quot;focal_length&quot;:&quot;0&quot;,&quot;iso&quot;:&quot;0&quot;,&quot;shutter_speed&quot;:&quot;0&quot;,&quot;title&quot;:&quot;&quot;,&quot;orientation&quot;:&quot;1&quot;}\" data-image-title=\"image\" data-image-description=\"\" data-image-caption=\"\" data-medium-file=\"https:\/\/i0.wp.com\/blogdalucianaoliveira.com.br\/blog\/wp-content\/uploads\/2016\/08\/image-82.jpeg?fit=300%2C239\" data-large-file=\"https:\/\/i0.wp.com\/blogdalucianaoliveira.com.br\/blog\/wp-content\/uploads\/2016\/08\/image-82.jpeg?fit=375%2C299\" src=\"https:\/\/i0.wp.com\/blogdalucianaoliveira.com.br\/blog\/wp-content\/uploads\/2016\/08\/image-82.jpeg?resize=375%2C299\" alt=\"image\" width=\"375\" height=\"299\" class=\"alignnone size-full wp-image-3150\" srcset=\"https:\/\/i0.wp.com\/blogdalucianaoliveira.com.br\/blog\/wp-content\/uploads\/2016\/08\/image-82.jpeg?w=375 375w, https:\/\/i0.wp.com\/blogdalucianaoliveira.com.br\/blog\/wp-content\/uploads\/2016\/08\/image-82.jpeg?resize=300%2C239 300w\" sizes=\"auto, (max-width: 375px) 100vw, 375px\" \/><\/p>\n<p>O manifestante estava na hora certa e no lugar certo. <!--more--><\/p>\n<p>Deu a Temer, o que \u00e9 de Temer, a possibilidade de ser visto por todas as c\u00e2meras da imprensa que acompanhou a conquista do brasileiro Thiago Silva no salto com vara. <\/p>\n<p>A cara do interino estampada num pano de ch\u00e3o, correu o mundo. <\/p>\n<p>Em todos os dias de competi\u00e7\u00f5es houve manifesta\u00e7\u00f5es, individuais ou coletivas e, por conta disso, Temer desistiu de participar da festa de encerramento. E, seu ministro Gilmar Mendes ainda tentou ajudar, declarando que &#8220;Olimp\u00edada n\u00e3o \u00e9 lugar de protesto.&#8221;<\/p>\n<p>Deveria ir pra receber seu pr\u00eamio.<\/p>\n<p>Temer bateu recorde como o presidente mais ridicularizado na hist\u00f3ria das Olimp\u00edadas. <\/p>\n","protected":false},"excerpt":{"rendered":"<p>O manifestante estava na hora certa e no lugar certo.<\/p>\n","protected":false},"author":1,"featured_media":0,"comment_status":"closed","ping_status":"open","sticky":false,"template":"","format":"standard","meta":{"_exactmetrics_skip_tracking":false,"_exactmetrics_sitenote_active":false,"_exactmetrics_sitenote_note":"","_exactmetrics_sitenote_category":0,"jetpack_post_was_ever_published":false,"_jetpack_newsletter_access":"","_jetpack_dont_email_post_to_subs":false,"_jetpack_newsletter_tier_id":0,"_jetpack_memberships_contains_paywalled_content":false,"_jetpack_memberships_contains_paid_content":false,"footnotes":"","jetpack_publicize_message":"","jetpack_publicize_feature_enabled":true,"jetpack_social_post_already_shared":true,"jetpack_social_options":{"image_generator_settings":{"template":"highway","enabled":false},"version":2}},"categories":[1],"tags":[],"class_list":["post-3149","post","type-post","status-publish","format-standard","hentry","category-notas"],"jetpack_publicize_connections":[],"jetpack_sharing_enabled":true,"jetpack_featured_media_url":"","jetpack_shortlink":"https:\/\/wp.me\/p7wKYW-ON","jetpack-related-posts":[],"_links":{"self":[{"href":"http:\/\/blogdalucianaoliveira.com.br\/blog\/wp-json\/wp\/v2\/posts\/3149","targetHints":{"allow":["GET"]}}],"collection":[{"href":"http:\/\/blogdalucianaoliveira.com.br\/blog\/wp-json\/wp\/v2\/posts"}],"about":[{"href":"http:\/\/blogdalucianaoliveira.com.br\/blog\/wp-json\/wp\/v2\/types\/post"}],"author":[{"embeddable":true,"href":"http:\/\/blogdalucianaoliveira.com.br\/blog\/wp-json\/wp\/v2\/users\/1"}],"replies":[{"embeddable":true,"href":"http:\/\/blogdalucianaoliveira.com.br\/blog\/wp-json\/wp\/v2\/comments?post=3149"}],"version-history":[{"count":8,"href":"http:\/\/blogdalucianaoliveira.com.br\/blog\/wp-json\/wp\/v2\/posts\/3149\/revisions"}],"predecessor-version":[{"id":3158,"href":"http:\/\/blogdalucianaoliveira.com.br\/blog\/wp-json\/wp\/v2\/posts\/3149\/revisions\/3158"}],"wp:attachment":[{"href":"http:\/\/blogdalucianaoliveira.com.br\/blog\/wp-json\/wp\/v2\/media?parent=3149"}],"wp:term":[{"taxonomy":"category","embeddable":true,"href":"http:\/\/blogdalucianaoliveira.com.br\/blog\/wp-json\/wp\/v2\/categories?post=3149"},{"taxonomy":"post_tag","embeddable":true,"href":"http:\/\/blogdalucianaoliveira.com.br\/blog\/wp-json\/wp\/v2\/tags?post=3149"}],"curies":[{"name":"wp","href":"https:\/\/api.w.org\/{rel}","templated":true}]}}