{"id":31502,"date":"2021-04-07T10:31:42","date_gmt":"2021-04-07T14:31:42","guid":{"rendered":"http:\/\/blogdalucianaoliveira.com.br\/blog\/?p=31502"},"modified":"2021-04-07T10:31:48","modified_gmt":"2021-04-07T14:31:48","slug":"lockdown-funciona-veja-exemplos-de-cidades-que-diminuiram-o-contagio-com-a-medida","status":"publish","type":"post","link":"http:\/\/blogdalucianaoliveira.com.br\/blog\/2021\/04\/07\/lockdown-funciona-veja-exemplos-de-cidades-que-diminuiram-o-contagio-com-a-medida\/","title":{"rendered":"Lockdown funciona: veja exemplos de cidades que diminu\u00edram o cont\u00e1gio com a medida"},"content":{"rendered":"\n<figure class=\"wp-block-image\"><img data-recalc-dims=\"1\" decoding=\"async\" src=\"https:\/\/i0.wp.com\/images01.brasildefato.com.br\/aa4a62bec3867445ac849764506bc955.jpeg?w=600&#038;ssl=1\" alt=\"\"\/><\/figure>\n\n\n\n<h4 class=\"wp-block-heading\">Para especialistas, diminui\u00e7\u00e3o da circula\u00e7\u00e3o de pessoas \u00e9 essencial para o controle da transmiss\u00e3o do novo coronav\u00edrus<\/h4>\n\n\n\n<!--more-->\n\n\n\n<p>Reda\u00e7\u00e3o Brasil de Fato | S\u00e3o Paulo (SP) <\/p>\n\n\n\n<p>Medidas de restri\u00e7\u00e3o de circula\u00e7\u00e3o de pessoas, combinadas a outras a\u00e7\u00f5es sanit\u00e1rias,&nbsp;s\u00e3o apontadas por especialistas como as mais eficazes no controle da transmiss\u00e3o do&nbsp;<a href=\"https:\/\/www.brasildefato.com.br\/minuto-a-minuto\/coronavirus-no-brasil\" target=\"_blank\" rel=\"noreferrer noopener\">novo coronav\u00edrus<\/a>.<\/p>\n\n\n\n<p>Na \u00faltima segunda-feira (5), o Brasil&nbsp;<a href=\"https:\/\/www.brasildefato.com.br\/2021\/04\/05\/covid-brasil-tem-quase-20-mil-mortos-em-7-dias-e-ultrapassa-13-milhoes-de-infectados\" target=\"_blank\" rel=\"noreferrer noopener\">ultrapassou a marca de 13 milh\u00f5es de infectados por covid-19<\/a>. Desde o in\u00edcio da pandemia, em mar\u00e7o de 2020,&nbsp;<a href=\"https:\/\/www.brasildefato.com.br\/2021\/04\/06\/brasil-registra-4-195-mortes-por-covid-nas-ultimas-24h\" target=\"_blank\" rel=\"noreferrer noopener\">o pa\u00eds soma 336.947 mortos<\/a>, segundo dados do Conselho Nacional de Secret\u00e1rios de Sa\u00fade (<a href=\"https:\/\/www.conass.org.br\/painelconasscovid19\/\" target=\"_blank\" rel=\"noreferrer noopener\">Conass<\/a>).<\/p>\n\n\n\n<p>Especialistas seguem&nbsp;<a href=\"https:\/\/www.brasildefato.com.br\/2021\/04\/03\/sem-lockdown-brasil-pode-ter-5-mil-mortes-por-dia-em-abril-alertam-especialistas\" target=\"_blank\" rel=\"noreferrer noopener\">refor\u00e7ando a necessidade de um s\u00e9rio&nbsp;<em>lockdown<\/em>&nbsp;nacional<\/a>. N\u00e3o s\u00f3 a medida tem sido constantemente negada pelo governo Bolsonaro, como o presidente da Rep\u00fablica segue criticando as pol\u00edticas de isolamento encampadas por estados e munic\u00edpios.<\/p>\n\n\n\n<p>Na \u00faltima&nbsp;quinta-feira (1\u00ba), mais de 30 pesquisadores, cientistas e economistas enviaram uma carta a Bolsonaro, prefeitos e governadores pedindo que seja adotado um&nbsp;<em>lockdown&nbsp;<\/em>de tr\u00eas semanas no pa\u00eds.<\/p>\n\n\n\n<p><strong>:: Saiba mais:&nbsp;<a href=\"https:\/\/www.brasildefato.com.br\/2021\/04\/03\/sem-lockdown-brasil-pode-ter-5-mil-mortes-por-dia-em-abril-alertam-especialistas\" target=\"_blank\" rel=\"noreferrer noopener\">Sem lockdown, Brasil pode ter 5 mil mortes por dia em abril, alertam especialistas<\/a>&nbsp;::<\/strong><\/p>\n\n\n\n<p>Segundo o grupo, a iniciativa, nomeada de \u201cAbril pela Vida\u201d,&nbsp;teria o potencial de poupar 22 mil vidas, evitando que o Brasil chegue em breve a um patamar de 5 mil \u00f3bitos por dia, porque reduziria a m\u00e9dia m\u00f3vel de mortes.<\/p>\n\n\n\n<p>Exemplos de cidades de Norte a Sul do&nbsp;Brasil demonstram que a implementa\u00e7\u00e3o de&nbsp;<em>lockdown<\/em>tem se mostrado&nbsp;eficaz&nbsp;no controle da dissemina\u00e7\u00e3o do v\u00edrus.&nbsp;Veja abaixo alguns desses exemplos.<\/p>\n\n\n\n<p>Araraquara (SP)<\/p>\n\n\n\n<p>Araraquara foi o&nbsp;<a href=\"https:\/\/www.brasildefato.com.br\/2021\/04\/02\/prefeito-ameacado-de-morte-apos-zerar-obitos-por-covid-19-com-lockdown-reforca-medida\" target=\"_blank\" rel=\"noreferrer noopener\">primeiro munic\u00edpio de S\u00e3o Paulo a determinar&nbsp;<em>lockdown<\/em>&nbsp;contra a pandemia<\/a>, em 21 de fevereiro. Foram dez dias com todo o com\u00e9rcio fechado e o transporte p\u00fablico restrito.<\/p>\n\n\n\n<p>No dia 26 de mar\u00e7o, depois de 44 dias registrando \u00f3bitos por covid-19, o munic\u00edpio zerou as mortes em decorr\u00eancia da doen\u00e7a.<\/p>\n\n\n\n<p>Na \u00faltima quarta-feira (31), o prefeito Edinho Silva (PT) publicou outro decreto, ainda mais severo, que inclui os postos de gasolina na lista de atividades que n\u00e3o podem funcionar durante o feriado da P\u00e1scoa. Em princ\u00edpio, o isolamento r\u00edgido na cidade vai ser mantido at\u00e9 4 de abril.<\/p>\n\n\n\n<p>Respons\u00e1vel pelas medidas que reduziram os efeitos do coronav\u00edrus na regi\u00e3o, Edinho Silva\u00a0<a rel=\"noreferrer noopener\" href=\"https:\/\/www.brasildefato.com.br\/2021\/04\/02\/prefeito-ameacado-de-morte-apos-zerar-obitos-por-covid-19-com-lockdown-reforca-medida\" target=\"_blank\">chegou a receber amea\u00e7as de morte ap\u00f3s a publica\u00e7\u00e3o do segundo decreto<\/a>.<\/p>\n\n\n\n<p>O n\u00famero de \u00f3bitos registrados na cidade na semana&nbsp;epidemiol\u00f3gica de&nbsp;1\u00ba e 7 de mar\u00e7o era de 41. Esse n\u00famero caiu para&nbsp;10 na \u00faltima semana, entre 29 de mar\u00e7o de 4 de abril, o que representa uma redu\u00e7\u00e3o de 75%.<\/p>\n\n\n\n<p>Os casos confirmados ca\u00edram 70%: de&nbsp;1.327 no&nbsp;pico da pandemia, entre 15 e 21 de fevereiro, para 398&nbsp;na \u00faltima semana. A&nbsp;m\u00e9dia m\u00f3vel di\u00e1ria de casos era de 189 em 21 de fevereiro, dia de in\u00edcio do&nbsp;<em>lockdown<\/em>, e ca\u00edram para 51 na \u00faltima segunda-feira (5). Os dados foram&nbsp;<a href=\"http:\/\/www.araraquara.sp.gov.br\/noticias\/2021\/abril\/05\/araraquara-chega-a-marca-de-100-mil-testes-de-covid-19-realizados\" target=\"_blank\" rel=\"noreferrer noopener\">divulgados pela Prefeitura de Araraquara<\/a>.<\/p>\n\n\n\n<p>Chapec\u00f3 (SC)<\/p>\n\n\n\n<p>O presidente Jair Bolsonaro (sem partido) anunciou esta semana uma visita a Chapec\u00f3 (SC), cidade que, segundo ele, seria um exemplo do sucesso do suposto &#8220;tratamento precoce&#8221; contra a covid-19, baseado em&nbsp;<a href=\"https:\/\/www.brasildefato.com.br\/2021\/03\/23\/associacao-medica-brasileira-defende-banimento-de-kit-covid-e-pede-isolamento\" target=\"_blank\" rel=\"noreferrer noopener\">medicamentos sem efic\u00e1cia comprovada<\/a>.<\/p>\n\n\n\n<p>A contradi\u00e7\u00e3o \u00e9 que, no munic\u00edpio catarinense,\u00a0<a rel=\"noreferrer noopener\" href=\"https:\/\/www.brasildefato.com.br\/2021\/04\/06\/elogiada-por-bolsonaro-chapeco-so-reduziu-mortes-apos-lockdown-de-14-dias-em-marco\" target=\"_blank\">os casos ativos da doen\u00e7a ca\u00edram 61% ap\u00f3s 14 dias de\u00a0<em>lockdown<\/em>, entre 22 de fevereiro e 8 de mar\u00e7o,\u00a0medida restritiva criticada por Bolsonaro<\/a>.<br><\/p>\n\n\n\n<p>Jair Bolsonaro e o prefeito de Chapec\u00f3, o&nbsp;ex-deputado federal Jo\u00e3o Rodrigues (PSD), s\u00e3o amigos de longa data e foram colegas na C\u00e2mara, como membros da chamada &#8220;bancada da bala&#8221;.<\/p>\n\n\n\n<p>A vers\u00e3o divulgada por Rodrigues atribui a redu\u00e7\u00e3o dos casos de covid-19&nbsp;\u00e0 montagem de um ambulat\u00f3rio especializado no chamado &#8220;tratamento precoce&#8221;, em janeiro. Os rem\u00e9dios mais utilizados s\u00e3o azitromicina e ivermectina, nenhum deles reconhecido como eficaz no tratamento ou na preven\u00e7\u00e3o do coronav\u00edrus.<\/p>\n\n\n\n<p><strong>:: Leia tamb\u00e9m:<\/strong>&nbsp;<strong><a href=\"https:\/\/www.brasildefato.com.br\/2021\/02\/14\/uso-de-ivermectina-contra-covid-esta-comprometendo-figado-de-pacientes-dizem-medicos\" target=\"_blank\" rel=\"noreferrer noopener\">Uso de Ivermectina contra covid est\u00e1 comprometendo f\u00edgado de pacientes, dizem m\u00e9dicos<\/a>&nbsp;::<\/strong><\/p>\n\n\n\n<p>O prefeito tamb\u00e9m liberou, no in\u00edcio da gest\u00e3o, em janeiro de 2021,&nbsp;eventos com aglomera\u00e7\u00e3o na cidade, ampliando o hor\u00e1rio de funcionamento de bares.<\/p>\n\n\n\n<p>Os casos de covid explodiram em fevereiro, obrigando Rodrigues a decretar um&nbsp;<em>lockdown<\/em>&nbsp;de 14 dias e ampliar o n\u00famero de leitos de UTI. A queda de 61% foi registrada justamente ao final desse per\u00edodo.<\/p>\n\n\n\n<p>As UTIs em Chapec\u00f3 continuam com lota\u00e7\u00e3o acima de 95%. A cidade tem 537 mortos pela pandemia, dos quais 410 foram registrados neste ano, durante a gest\u00e3o do atual prefeito.<\/p>\n\n\n\n<p>An\u00e1lise das 100 maiores cidades brasileiros<\/p>\n\n\n\n<p>Das 100 maiores cidades brasileiras, as tr\u00eas que possuem menores taxas de \u00f3bitos por covid-19 viveram semanas de&nbsp;<em>lockdown<\/em>. Petrolina (PE), Taubat\u00e9 (SP) e Ribeir\u00e3o das Neves (MG), respectivamente, ocupam as tr\u00eas melhores posi\u00e7\u00f5es do ranking.<\/p>\n\n\n\n<p>Os n\u00fameros, obtidos juntos \u00e0s secretarias municipais, foram&nbsp;<a href=\"https:\/\/desafiosdosmunicipios.com.br\/dados_covid.php\" target=\"_blank\" rel=\"noreferrer noopener\">organizados pela empresa de consultoria Macroplan<\/a>&nbsp;e&nbsp;<a href=\"https:\/\/exame.com\/brasil\/cidades-que-mais-salvam-vidas-na-pandemia-o-ranking-das-campeas\/\" target=\"_blank\" rel=\"noreferrer noopener\">divulgados pela revista Exame<\/a>&nbsp;no dia 26 de mar\u00e7o.<\/p>\n\n\n\n<p>Petrolina (PE)<\/p>\n\n\n\n<p>Em Petrolina, a reabertura gradual das lojas, shopping centers, igrejas, administra\u00e7\u00e3o p\u00fablica, parques e orla fluvial, a partir de 1\u00ba de junho de 2020, fez o n\u00famero de casos disparar 152%, segundo o Boletim 09 do Comit\u00ea Cient\u00edfico do Cons\u00f3rcio Nordeste.<\/p>\n\n\n\n<p>Diante desse aumento, a Prefeitura determinou&nbsp;<em>lockdown<\/em>&nbsp;de 14 dias em 13 de julho e conseguiu estabilizar a situa\u00e7\u00e3o novamente. Desde aquele per\u00edodo de flexibiliza\u00e7\u00e3o, as atividades econ\u00f4micas n\u00e3o voltaram a operar 100% na cidade \u2013 conforme as recomenda\u00e7\u00f5es do governo estadual.<\/p>\n\n\n\n<p>A cada novo an\u00fancio de restri\u00e7\u00f5es, a administra\u00e7\u00e3o municipal de Petrolina enfrenta boicotes das associa\u00e7\u00f5es empresariais, que discordam do fechamento.<\/p>\n\n\n\n<p>Em mar\u00e7o, quando a taxa de ocupa\u00e7\u00e3o dos leitos de UTI chegou a 100% duas vezes no munic\u00edpio, a C\u00e2mara de Dirigentes Lojistas (CDL) e o Sindicato do Com\u00e9rcio Varejista (Sindilojas) protestaram contra a prefeitura no estacionamento das lojas Havan.<\/p>\n\n\n\n<p>Atualmente, a cidade registra 65,3 mortes por coronav\u00edrus a cada 100 mil habitantes.<\/p>\n\n\n\n<p>Taubat\u00e9 (SP)<\/p>\n\n\n\n<p>A 140 km de S\u00e3o Paulo (SP), Taubat\u00e9 tem 73,7 \u00f3bitos por covid a cada 100 mil habitantes e come\u00e7ou cedo a editar medidas de isolamento, em coordena\u00e7\u00e3o com o governo estadual.<\/p>\n\n\n\n<p>As medidas restritivas mais duras foram restabelecidas em janeiro de 2021. O decreto entrou em vig\u00eancia no dia 19 daquele m\u00eas, com vetos \u00e0 circula\u00e7\u00e3o de pessoas em espa\u00e7os e vias p\u00fablicas no per\u00edodo noturno.<\/p>\n\n\n\n<p>Em dois meses, a Opera\u00e7\u00e3o Preserva\u00e7\u00e3o da Vida, coordenada pela secretaria de seguran\u00e7a p\u00fablica municipal, realizou 704 abordagens em Taubat\u00e9 para garantir a efetividade do&nbsp;<em>lockdown<\/em>. Ao todo, foram interrompidas 147 festas clandestinas que promoviam aglomera\u00e7\u00f5es.<\/p>\n\n\n\n<p><strong>:: Leia tamb\u00e9m:&nbsp;<a href=\"https:\/\/www.brasildefato.com.br\/2021\/04\/06\/proposta-apresentada-no-congresso-pede-prioridade-para-pobres-na-vacinacao\" target=\"_blank\" rel=\"noreferrer noopener\">Proposta apresentada no Congresso pede prioridade para pobres na vacina\u00e7\u00e3o<\/a>&nbsp;::<\/strong><\/p>\n\n\n\n<p>A Prefeitura de Taubat\u00e9 segue \u00e0 risca as determina\u00e7\u00f5es estaduais, com medidas ainda mais r\u00edgidas. O governo Jo\u00e3o Doria (PSDB) prorrogou at\u00e9 11 de abril a Fase Emergencial de combate \u00e0 pandemia. As pol\u00edticas mais restritivas de circula\u00e7\u00e3o e atividades na cidade vigoram desde 15 de mar\u00e7o.<\/p>\n\n\n\n<p>Ribeir\u00e3o das Neves (MG)<\/p>\n\n\n\n<p>Com 86 mortes a cada 100 mil habitantes, a cidade-dormit\u00f3rio Ribeir\u00e3o das Neves se beneficiou das restri\u00e7\u00f5es impostas pelo prefeito de Belo Horizonte (MG), Alexandre Kalil (PSD). Afinal, a dist\u00e2ncia \u00e9 de apenas 44 km, e o fluxo de trabalhadores caiu drasticamente durante o&nbsp;<em>lockdown<\/em>.<\/p>\n\n\n\n<p>Com um aumento gradativo dos casos at\u00e9 o in\u00edcio de 2021, Ribeir\u00e3o das Neves aplicou novas medidas restritivas em janeiro. A Prefeitura seguiu \u00e0 risca o Plano Minas Consciente, do governo estadual, fechando o com\u00e9rcio no dia 11 e mantendo apenas servi\u00e7os essenciais.<\/p>\n\n\n\n<p>O efeito foi imediato. No dia 19, o munic\u00edpio foi inclu\u00eddo na fase amarela, considerada menos grave \u2013 comprovando o sucesso da pol\u00edtica de isolamento.<\/p>\n\n\n\n<p>A flexibiliza\u00e7\u00e3o logo fez disparar o n\u00famero de infectados, a ponto de a cidade aderir \u00e0 \u201conda lil\u00e1s\u201d sugerida pela Associa\u00e7\u00e3o dos Munic\u00edpios da Regi\u00e3o Metropolitana de Belo Horizonte (Granbel), em 9 de mar\u00e7o. Naquele dia, todos os leitos de UTI para covid estavam ocupados.&nbsp;Com isso, Ribeir\u00e3o das Neves passou a ter o toque de recolher no per\u00edodo das 20h \u00e0s 5h.<\/p>\n\n\n\n<p>Edi\u00e7\u00e3o: Poliana Dallabrida<\/p>\n","protected":false},"excerpt":{"rendered":"<p>Para especialistas, diminui\u00e7\u00e3o da circula\u00e7\u00e3o de pessoas \u00e9 essencial para o controle da transmiss\u00e3o do novo coronav\u00edrus<\/p>\n","protected":false},"author":1,"featured_media":0,"comment_status":"closed","ping_status":"open","sticky":false,"template":"","format":"standard","meta":{"_exactmetrics_skip_tracking":false,"_exactmetrics_sitenote_active":false,"_exactmetrics_sitenote_note":"","_exactmetrics_sitenote_category":0,"jetpack_post_was_ever_published":false,"_jetpack_newsletter_access":"","_jetpack_dont_email_post_to_subs":false,"_jetpack_newsletter_tier_id":0,"_jetpack_memberships_contains_paywalled_content":false,"_jetpack_memberships_contains_paid_content":false,"footnotes":"","jetpack_publicize_message":"","jetpack_publicize_feature_enabled":true,"jetpack_social_post_already_shared":true,"jetpack_social_options":{"image_generator_settings":{"template":"highway","enabled":false},"version":2}},"categories":[1],"tags":[],"class_list":["post-31502","post","type-post","status-publish","format-standard","hentry","category-notas"],"jetpack_publicize_connections":[],"jetpack_sharing_enabled":true,"jetpack_featured_media_url":"","jetpack_shortlink":"https:\/\/wp.me\/p7wKYW-8c6","jetpack-related-posts":[],"_links":{"self":[{"href":"http:\/\/blogdalucianaoliveira.com.br\/blog\/wp-json\/wp\/v2\/posts\/31502","targetHints":{"allow":["GET"]}}],"collection":[{"href":"http:\/\/blogdalucianaoliveira.com.br\/blog\/wp-json\/wp\/v2\/posts"}],"about":[{"href":"http:\/\/blogdalucianaoliveira.com.br\/blog\/wp-json\/wp\/v2\/types\/post"}],"author":[{"embeddable":true,"href":"http:\/\/blogdalucianaoliveira.com.br\/blog\/wp-json\/wp\/v2\/users\/1"}],"replies":[{"embeddable":true,"href":"http:\/\/blogdalucianaoliveira.com.br\/blog\/wp-json\/wp\/v2\/comments?post=31502"}],"version-history":[{"count":1,"href":"http:\/\/blogdalucianaoliveira.com.br\/blog\/wp-json\/wp\/v2\/posts\/31502\/revisions"}],"predecessor-version":[{"id":31503,"href":"http:\/\/blogdalucianaoliveira.com.br\/blog\/wp-json\/wp\/v2\/posts\/31502\/revisions\/31503"}],"wp:attachment":[{"href":"http:\/\/blogdalucianaoliveira.com.br\/blog\/wp-json\/wp\/v2\/media?parent=31502"}],"wp:term":[{"taxonomy":"category","embeddable":true,"href":"http:\/\/blogdalucianaoliveira.com.br\/blog\/wp-json\/wp\/v2\/categories?post=31502"},{"taxonomy":"post_tag","embeddable":true,"href":"http:\/\/blogdalucianaoliveira.com.br\/blog\/wp-json\/wp\/v2\/tags?post=31502"}],"curies":[{"name":"wp","href":"https:\/\/api.w.org\/{rel}","templated":true}]}}