{"id":31511,"date":"2021-04-07T18:09:15","date_gmt":"2021-04-07T22:09:15","guid":{"rendered":"http:\/\/blogdalucianaoliveira.com.br\/blog\/?p=31511"},"modified":"2021-04-07T18:09:18","modified_gmt":"2021-04-07T22:09:18","slug":"maioria-da-bancada-de-rondonia-votou-a-favor-da-compra-de-vacinas-por-empresas","status":"publish","type":"post","link":"http:\/\/blogdalucianaoliveira.com.br\/blog\/2021\/04\/07\/maioria-da-bancada-de-rondonia-votou-a-favor-da-compra-de-vacinas-por-empresas\/","title":{"rendered":"Maioria da bancada de Rond\u00f4nia votou a favor da compra de vacinas por empresas"},"content":{"rendered":"\n<figure class=\"wp-block-image size-large\"><img data-recalc-dims=\"1\" loading=\"lazy\" decoding=\"async\" width=\"600\" height=\"338\" data-attachment-id=\"31512\" data-permalink=\"http:\/\/blogdalucianaoliveira.com.br\/blog\/2021\/04\/07\/maioria-da-bancada-de-rondonia-votou-a-favor-da-compra-de-vacinas-por-empresas\/99917488-4d27-49eb-bab6-5805582c821a\/\" data-orig-file=\"https:\/\/i0.wp.com\/blogdalucianaoliveira.com.br\/blog\/wp-content\/uploads\/2021\/04\/99917488-4D27-49EB-BAB6-5805582C821A.jpeg?fit=640%2C360\" data-orig-size=\"640,360\" data-comments-opened=\"0\" data-image-meta=\"{&quot;aperture&quot;:&quot;0&quot;,&quot;credit&quot;:&quot;&quot;,&quot;camera&quot;:&quot;&quot;,&quot;caption&quot;:&quot;&quot;,&quot;created_timestamp&quot;:&quot;0&quot;,&quot;copyright&quot;:&quot;&quot;,&quot;focal_length&quot;:&quot;0&quot;,&quot;iso&quot;:&quot;0&quot;,&quot;shutter_speed&quot;:&quot;0&quot;,&quot;title&quot;:&quot;&quot;,&quot;orientation&quot;:&quot;0&quot;}\" data-image-title=\"99917488-4D27-49EB-BAB6-5805582C821A\" data-image-description=\"\" data-image-caption=\"\" data-medium-file=\"https:\/\/i0.wp.com\/blogdalucianaoliveira.com.br\/blog\/wp-content\/uploads\/2021\/04\/99917488-4D27-49EB-BAB6-5805582C821A.jpeg?fit=300%2C169\" data-large-file=\"https:\/\/i0.wp.com\/blogdalucianaoliveira.com.br\/blog\/wp-content\/uploads\/2021\/04\/99917488-4D27-49EB-BAB6-5805582C821A.jpeg?fit=600%2C338\" src=\"https:\/\/i0.wp.com\/blogdalucianaoliveira.com.br\/blog\/wp-content\/uploads\/2021\/04\/99917488-4D27-49EB-BAB6-5805582C821A.jpeg?resize=600%2C338\" alt=\"\" class=\"wp-image-31512\" srcset=\"https:\/\/i0.wp.com\/blogdalucianaoliveira.com.br\/blog\/wp-content\/uploads\/2021\/04\/99917488-4D27-49EB-BAB6-5805582C821A.jpeg?w=640 640w, https:\/\/i0.wp.com\/blogdalucianaoliveira.com.br\/blog\/wp-content\/uploads\/2021\/04\/99917488-4D27-49EB-BAB6-5805582C821A.jpeg?resize=300%2C169 300w, https:\/\/i0.wp.com\/blogdalucianaoliveira.com.br\/blog\/wp-content\/uploads\/2021\/04\/99917488-4D27-49EB-BAB6-5805582C821A.jpeg?resize=533%2C300 533w\" sizes=\"auto, (max-width: 600px) 100vw, 600px\" \/><\/figure>\n\n\n\n<p><strong>Mais RO <\/strong>&#8211; A maioria da bancada federal de Rond\u00f4nia votou a favor da libera\u00e7\u00e3o de compras de vacina contra a covid-19 pelo setor privado. O entendimento do Legislativo brasileiro segue na contram\u00e3o do mundo, onde a imuniza\u00e7\u00e3o foi assumida pelos governos.<\/p>\n\n\n\n<!--more-->\n\n\n\n<p>Dos oitos deputados federais, cinco votaram a favor da proposta da aquisi\u00e7\u00e3o do imunizante por empresas: os deputados Coronel Chris\u00f3stomo (PSL), Jaqueline Cassol (PP), L\u00e9o Moraes (PODEMOS), Mariana Carvalho (PSDB) e Silvia Cristina (PDT). O deputado L\u00facio Mosquini (MDB) ausentou-se de mais uma vota\u00e7\u00e3o. Votaram contra o projeto, Dr. Mauro Nazif (PSB) e Expedito Netto (PSD).\u00a0<a href=\"https:\/\/congressoemfoco.uol.com.br\/legislativo\/camara-votos-deputados-vacinas-empresas\/\">Veja aqui<\/a><\/p>\n\n\n\n<p>O projeto foi votado na noite de ontem (dia 6) na C\u00e2mara Federal. O placar foi de 317 fotos a favor e 120 contr\u00e1rios.<\/p>\n\n\n\n<p>Conforme a Ag\u00eancia C\u00e2mara, a proposta permite \u00e0 iniciativa privada comprar vacinas contra a covid-19 para a imuniza\u00e7\u00e3o gratuita de seus empregados, desde que doe a mesma quantidade ao SUS.<\/p>\n\n\n\n<p><strong>Na tarde desta quarta-feira, foram votados os destaques<\/strong><\/p>\n\n\n\n<p>A C\u00e2mara dos Deputados concluiu a vota\u00e7\u00e3o da proposta que permite \u00e0 iniciativa privada comprar vacinas para a imuniza\u00e7\u00e3o gratuita de seus empregados, desde que seja doada a mesma quantidade ao Sistema \u00danico de Sa\u00fade (SUS). A proposta ser\u00e1 enviada ao Senado.<\/p>\n\n\n\n<p>O texto aprovado \u00e9 um&nbsp;substitutivo&nbsp;da relatora, deputada&nbsp;<a href=\"https:\/\/www.camara.leg.br\/deputados\/204380\">Celina Le\u00e3o (PP-DF)<\/a>, ao Projeto de Lei 948\/21, do deputado&nbsp;<a href=\"https:\/\/www.camara.leg.br\/deputados\/178884\">Hildo Rocha (MDB-MA)<\/a>. Segundo o texto, as regras se aplicam \u00e0s pessoas jur\u00eddicas de direito privado, individualmente ou em cons\u00f3rcio.<\/p>\n\n\n\n<p>Poder\u00e3o ser vacinados ainda outros trabalhadores que prestem servi\u00e7os a elas, inclusive estagi\u00e1rios, aut\u00f4nomos e empregados de empresas de trabalho tempor\u00e1rio ou de terceirizadas.<\/p>\n\n\n\n<p>Quanto \u00e0s pessoas jur\u00eddicas de direito privado sem fins lucrativos (associa\u00e7\u00f5es ou sindicatos, por exemplo), a permiss\u00e3o vale para seus associados ou cooperados.<\/p>\n\n\n\n<p><strong>Autoriza\u00e7\u00e3o<\/strong><br>Al\u00e9m de poder comprar vacinas contra a Covid-19 que tenham registro sanit\u00e1rio definitivo concedido pela Ag\u00eancia Nacional de Vigil\u00e2ncia Sanit\u00e1ria (Anvisa), as empresas e associa\u00e7\u00f5es poder\u00e3o comprar aquelas com autoriza\u00e7\u00e3o tempor\u00e1ria para uso emergencial ou autoriza\u00e7\u00e3o excepcional e tempor\u00e1ria para importa\u00e7\u00e3o e distribui\u00e7\u00e3o.<\/p>\n\n\n\n<p>Podem ser compradas tamb\u00e9m vacinas sem registro ou autoriza\u00e7\u00e3o da Anvisa, contanto que tenham esse aval de qualquer autoridade sanit\u00e1ria estrangeira reconhecida e certificada pela Organiza\u00e7\u00e3o Mundial da Sa\u00fade (OMS). Ser\u00e1 permitido ainda contratar estabelecimentos de sa\u00fade que tenham autoriza\u00e7\u00e3o para importar vacinas.<\/p>\n\n\n\n<p>Entretanto, o SUS n\u00e3o pode usar vacinas que n\u00e3o tenham sido aprovadas pela Anvisa. A ag\u00eancia j\u00e1 aprovou cinco vacinas, sendo duas para uso emergencial (Janssen e Coronavac) e as demais j\u00e1 com registro definitivo (AstraZeneca e Pfizer). A AstraZeneca \u00e9 contada duas vezes, pois considera as doses importadas da \u00cdndia e aquelas produzidas no Pa\u00eds.<\/p>\n\n\n\n<p>Entre as vacinas previstas no cronograma do Minist\u00e9rio da Sa\u00fade, duas ainda n\u00e3o t\u00eam autoriza\u00e7\u00e3o para uso no Brasil: Covaxin (\u00cdndia) e Sputnik V (R\u00fassia).<\/p>\n\n\n\n<p><strong>Prioridades<\/strong><br>Outra novidade no texto de Celina Le\u00e3o \u00e9 que a vacina\u00e7\u00e3o dos empregados deve seguir os crit\u00e9rios de prioridade estabelecidos no Programa Nacional de Imuniza\u00e7\u00f5es (PNI).<\/p>\n\n\n\n<p>Para a relatora, \u201co interesse do setor privado \u00e9 que a economia n\u00e3o pare, mas para este Parlamento o importante \u00e9 a quantidade de vidas que ser\u00e3o salvas dessa forma\u201d.<\/p>\n\n\n\n<p>Segundo o autor do projeto, a proposta n\u00e3o pretende legalizar o \u201cfura-fila\u201d. \u201cA cada pessoa vacinada, s\u00e3o tirados dois da fila do SUS, por isso estaremos fazendo Justi\u00e7a de fato\u201d, afirmou.<\/p>\n\n\n\n<p><strong>Multa<br><\/strong>A empresa ou entidade que descumprir as regras estar\u00e1 sujeita a multa equivalente a dez vezes o valor gasto na aquisi\u00e7\u00e3o das vacinas, sem preju\u00edzo das san\u00e7\u00f5es administrativas e penais.<\/p>\n\n\n\n<p>J\u00e1 a aplica\u00e7\u00e3o da vacina dever\u00e1 ocorrer em qualquer estabelecimento ou servi\u00e7o de sa\u00fade que possua sala para aplica\u00e7\u00e3o de injet\u00e1veis autorizada pelo servi\u00e7o local de vigil\u00e2ncia sanit\u00e1ria.<\/p>\n\n\n\n<p><strong>Emendas rejeitadas<\/strong><br>O Plen\u00e1rio rejeitou nesta quarta-feira os \u00faltimos tr\u00eas&nbsp;destaques&nbsp;que pediam a aprova\u00e7\u00e3o de emendas:<\/p>\n\n\n\n<p>\u2013 emenda do deputado Bohn Gass (PT-RS) pretendia proibir que as empresas deduzissem os valores gastos com a compra de vacinas de qualquer tipo de tributo devido;<\/p>\n\n\n\n<p>\u2013 emenda do deputado Danilo Cabral (PSB-PE) pretendia incluir no texto lista de grupos priorit\u00e1rios para vacina\u00e7\u00e3o segundo suas atividades; e<\/p>\n\n\n\n<p>\u2013 emenda do deputado Luiz Carlos Motta (PL-SP) pretendia direcionar 10% da arrecada\u00e7\u00e3o das contribui\u00e7\u00f5es para o Sistema S \u00e0 compra de vacinas para empres\u00e1rios e trabalhadores do com\u00e9rcio.<\/p>\n\n\n\n<p>Fonte: Mais RO com informa\u00e7\u00f5es da Ag\u00eancia C\u00e2mara.<\/p>\n","protected":false},"excerpt":{"rendered":"<p>Mais RO &#8211; A maioria da bancada federal de Rond\u00f4nia votou a favor da libera\u00e7\u00e3o de compras de vacina contra a covid-19 pelo setor privado. O entendimento do Legislativo brasileiro segue na contram\u00e3o do mundo, onde a imuniza\u00e7\u00e3o foi assumida pelos governos.<\/p>\n","protected":false},"author":1,"featured_media":0,"comment_status":"closed","ping_status":"open","sticky":false,"template":"","format":"standard","meta":{"_exactmetrics_skip_tracking":false,"_exactmetrics_sitenote_active":false,"_exactmetrics_sitenote_note":"","_exactmetrics_sitenote_category":0,"jetpack_post_was_ever_published":false,"_jetpack_newsletter_access":"","_jetpack_dont_email_post_to_subs":false,"_jetpack_newsletter_tier_id":0,"_jetpack_memberships_contains_paywalled_content":false,"_jetpack_memberships_contains_paid_content":false,"footnotes":"","jetpack_publicize_message":"","jetpack_publicize_feature_enabled":true,"jetpack_social_post_already_shared":true,"jetpack_social_options":{"image_generator_settings":{"template":"highway","enabled":false},"version":2}},"categories":[1],"tags":[473,475,476],"class_list":["post-31511","post","type-post","status-publish","format-standard","hentry","category-notas","tag-deputados-federais","tag-empresas","tag-fura-filas"],"jetpack_publicize_connections":[],"jetpack_sharing_enabled":true,"jetpack_featured_media_url":"","jetpack_shortlink":"https:\/\/wp.me\/p7wKYW-8cf","jetpack-related-posts":[],"_links":{"self":[{"href":"http:\/\/blogdalucianaoliveira.com.br\/blog\/wp-json\/wp\/v2\/posts\/31511","targetHints":{"allow":["GET"]}}],"collection":[{"href":"http:\/\/blogdalucianaoliveira.com.br\/blog\/wp-json\/wp\/v2\/posts"}],"about":[{"href":"http:\/\/blogdalucianaoliveira.com.br\/blog\/wp-json\/wp\/v2\/types\/post"}],"author":[{"embeddable":true,"href":"http:\/\/blogdalucianaoliveira.com.br\/blog\/wp-json\/wp\/v2\/users\/1"}],"replies":[{"embeddable":true,"href":"http:\/\/blogdalucianaoliveira.com.br\/blog\/wp-json\/wp\/v2\/comments?post=31511"}],"version-history":[{"count":1,"href":"http:\/\/blogdalucianaoliveira.com.br\/blog\/wp-json\/wp\/v2\/posts\/31511\/revisions"}],"predecessor-version":[{"id":31513,"href":"http:\/\/blogdalucianaoliveira.com.br\/blog\/wp-json\/wp\/v2\/posts\/31511\/revisions\/31513"}],"wp:attachment":[{"href":"http:\/\/blogdalucianaoliveira.com.br\/blog\/wp-json\/wp\/v2\/media?parent=31511"}],"wp:term":[{"taxonomy":"category","embeddable":true,"href":"http:\/\/blogdalucianaoliveira.com.br\/blog\/wp-json\/wp\/v2\/categories?post=31511"},{"taxonomy":"post_tag","embeddable":true,"href":"http:\/\/blogdalucianaoliveira.com.br\/blog\/wp-json\/wp\/v2\/tags?post=31511"}],"curies":[{"name":"wp","href":"https:\/\/api.w.org\/{rel}","templated":true}]}}