{"id":31519,"date":"2021-04-08T13:23:19","date_gmt":"2021-04-08T17:23:19","guid":{"rendered":"http:\/\/blogdalucianaoliveira.com.br\/blog\/?p=31519"},"modified":"2021-04-08T13:23:23","modified_gmt":"2021-04-08T17:23:23","slug":"araraquara-x-bauru-dois-retratos-do-brasil-com-e-sem-lockdown-contra-a-covid-19","status":"publish","type":"post","link":"http:\/\/blogdalucianaoliveira.com.br\/blog\/2021\/04\/08\/araraquara-x-bauru-dois-retratos-do-brasil-com-e-sem-lockdown-contra-a-covid-19\/","title":{"rendered":"Araraquara x Bauru: dois retratos do Brasil com e sem lockdown contra a Covid-19"},"content":{"rendered":"\n<figure class=\"wp-block-image size-large\"><img data-recalc-dims=\"1\" loading=\"lazy\" decoding=\"async\" width=\"600\" height=\"416\" data-attachment-id=\"31520\" data-permalink=\"http:\/\/blogdalucianaoliveira.com.br\/blog\/2021\/04\/08\/araraquara-x-bauru-dois-retratos-do-brasil-com-e-sem-lockdown-contra-a-covid-19\/d81d2a75-038c-472b-9e26-de6fd8367eb0\/\" data-orig-file=\"https:\/\/i0.wp.com\/blogdalucianaoliveira.com.br\/blog\/wp-content\/uploads\/2021\/04\/D81D2A75-038C-472B-9E26-DE6FD8367EB0.jpeg?fit=765%2C531\" data-orig-size=\"765,531\" data-comments-opened=\"0\" data-image-meta=\"{&quot;aperture&quot;:&quot;0&quot;,&quot;credit&quot;:&quot;&quot;,&quot;camera&quot;:&quot;&quot;,&quot;caption&quot;:&quot;&quot;,&quot;created_timestamp&quot;:&quot;0&quot;,&quot;copyright&quot;:&quot;&quot;,&quot;focal_length&quot;:&quot;0&quot;,&quot;iso&quot;:&quot;0&quot;,&quot;shutter_speed&quot;:&quot;0&quot;,&quot;title&quot;:&quot;&quot;,&quot;orientation&quot;:&quot;1&quot;}\" data-image-title=\"D81D2A75-038C-472B-9E26-DE6FD8367EB0\" data-image-description=\"\" data-image-caption=\"\" data-medium-file=\"https:\/\/i0.wp.com\/blogdalucianaoliveira.com.br\/blog\/wp-content\/uploads\/2021\/04\/D81D2A75-038C-472B-9E26-DE6FD8367EB0.jpeg?fit=300%2C208\" data-large-file=\"https:\/\/i0.wp.com\/blogdalucianaoliveira.com.br\/blog\/wp-content\/uploads\/2021\/04\/D81D2A75-038C-472B-9E26-DE6FD8367EB0.jpeg?fit=600%2C416\" src=\"https:\/\/i0.wp.com\/blogdalucianaoliveira.com.br\/blog\/wp-content\/uploads\/2021\/04\/D81D2A75-038C-472B-9E26-DE6FD8367EB0.jpeg?resize=600%2C416\" alt=\"\" class=\"wp-image-31520\" srcset=\"https:\/\/i0.wp.com\/blogdalucianaoliveira.com.br\/blog\/wp-content\/uploads\/2021\/04\/D81D2A75-038C-472B-9E26-DE6FD8367EB0.jpeg?w=765 765w, https:\/\/i0.wp.com\/blogdalucianaoliveira.com.br\/blog\/wp-content\/uploads\/2021\/04\/D81D2A75-038C-472B-9E26-DE6FD8367EB0.jpeg?resize=300%2C208 300w, https:\/\/i0.wp.com\/blogdalucianaoliveira.com.br\/blog\/wp-content\/uploads\/2021\/04\/D81D2A75-038C-472B-9E26-DE6FD8367EB0.jpeg?resize=432%2C300 432w\" sizes=\"auto, (max-width: 600px) 100vw, 600px\" \/><\/figure>\n\n\n\n<p>Ao mesmo tempo em que&nbsp;<a href=\"https:\/\/www1.folha.uol.com.br\/mercado\/2021\/04\/no-pior-momento-da-pandemia-no-pais-qual-e-o-brasil-que-existe-para-o-mercado-financeiro.shtml\">o Brasil enfrenta o momento mais mortal da pandemia<\/a>&nbsp;sem um plano nacional para conter o avan\u00e7o do coronav\u00edrus, governos locais v\u00eam tomando suas pr\u00f3prias a\u00e7\u00f5es para lidar com a Covid-19 e suas variantes. Mas isso nem sempre acontece de forma coordenada.<\/p>\n\n\n\n<!--more-->\n\n\n\n<p><strong><a href=\"https:\/\/www1.folha.uol.com.br\/autores\/lais-alegretti.shtml\">La\u00eds Alegretti<\/a> LONDRES | BBC NEWS BRASIL<\/strong><\/p>\n\n\n\n<p>Enquanto o governo estadual de S\u00e3o Paulo imp\u00f4s uma s\u00e9rie de restri\u00e7\u00f5es, dois munic\u00edpios chamam aten\u00e7\u00e3o por posturas opostas contra a pandemia. Bauru e Araraquara est\u00e3o separadas por cerca de 100 km.<\/p>\n\n\n\n<p>De um lado, o prefeito de Araraquara, Edinho Silva (PT),\u00a0<a href=\"https:\/\/www.bbc.com\/portuguese\/brasil-56355344\">decretou um rigoroso lockdown em fevereiro<\/a>, depois de um aumento brusco em n\u00fameros de casos e ocupa\u00e7\u00e3o de leitos de UTI. O munic\u00edpio suspendeu todos os servi\u00e7os que n\u00e3o t\u00eam rela\u00e7\u00e3o direta com a \u00e1rea da sa\u00fade, incluindo transporte p\u00fablico e supermercados \u2014 que s\u00f3 podiam funcionar pelo sistema de delivery.<\/p>\n\n\n\n<p><a href=\"https:\/\/www1.folha.uol.com.br\/equilibrioesaude\/2021\/03\/com-prefeita-anti-isolamento-bauru-ignora-fase-vermelha-e-tem-falta-de-leitos-para-covid.shtml\">J\u00e1 em Bauru, a prefeita Su\u00e9llen Rosim (Patriota) imp\u00f4s restri\u00e7\u00f5es mais leves.<\/a>\u00a0Ela defende a abertura de lojas e tem declarado que lockdown n\u00e3o funciona. No Instagram, Rosim publicou v\u00eddeo de uma carreata que, em suas palavras, pedia a &#8220;abertura respons\u00e1vel do com\u00e9rcio local&#8221;. Em outra publica\u00e7\u00e3o em que aparece cantando em uma igreja, em fevereiro, a prefeita disse que &#8220;tudo deveria ser considerado essencial em quase um ano de pandemia&#8221;.<\/p>\n\n\n\n<p>Em entrevistas, Rosim tamb\u00e9m criticou restri\u00e7\u00f5es impostas pelo governo estadual para tentar reduzir os casos de covid-19 e disse que o lockdown &#8220;n\u00e3o funcionaria em Bauru&#8221;.<\/p>\n\n\n\n<p>&#8220;Araraquara \u00e9 prova disso&#8221;, afirmou ao UOL.<\/p>\n\n\n\n<p>Depois do lockdown, no entanto, Araraquara viu queda em casos di\u00e1rios e mortes. J\u00e1 em Bauru, nas \u00faltimas semanas, tanto a m\u00e9dia di\u00e1ria de mortes quanto a de casos subiram.<\/p>\n\n\n\n<p>Veja, a seguir, como foi a evolu\u00e7\u00e3o desses n\u00fameros e como eles podem ser interpretados, segundo especialistas ouvidos pela BBC News Brasil.<\/p>\n\n\n\n<h3 class=\"wp-block-heading\">ANTES, O QUE \u00c9 LOCKDOWN?<\/h3>\n\n\n\n<p>Literalmente, a express\u00e3o em ingl\u00eas significa algo como &#8220;fechamento total&#8221;.<\/p>\n\n\n\n<p>N\u00e3o existe defini\u00e7\u00e3o \u00fanica para &#8220;lockdown&#8221;, mas o termo se refere a medidas duras tomadas por governos para restringir radicalmente a circula\u00e7\u00e3o de pessoas. Isso inclui o fechamento por longos per\u00edodos de escrit\u00f3rios, servi\u00e7os considerados n\u00e3o-essenciais (fora sa\u00fade e seguran\u00e7a, por exemplo) e locais p\u00fablicos.<\/p>\n\n\n\n<p>Em alguns pa\u00edses, decretos de lockdown inclu\u00edram multas e outras penas para quem insistir em sair de casa e desobedecer regras de isolamento.<\/p>\n\n\n\n<p>O objetivo da medida \u00e9 garantir o distanciamento social &#8211; uma defendida por cientistas, governos e pela Organiza\u00e7\u00e3o Mundial da Sa\u00fade para reduzir contamina\u00e7\u00f5es e mortes pelo coronav\u00edrus.<\/p>\n\n\n\n<h3 class=\"wp-block-heading\">O EFEITO DO LOCKDOWN<\/h3>\n\n\n\n<p>Araraquara registra m\u00e9dia de 11,9 mortes por 100 mil habitantes nos \u00faltimos 14 dias. A taxa de Bauru, no mesmo per\u00edodo, \u00e9 bem mais alta: 26,4 mortes por 100 mil habitantes, segundo dados de 7 de abril&nbsp;<a href=\"https:\/\/www.seade.gov.br\/coronavirus\/#\">divulgados pelo governo estadual.<\/a><\/p>\n\n\n\n<p>\u00c9 importante notar que esta compara\u00e7\u00e3o revela a propor\u00e7\u00e3o de mortes nas duas cidades, e n\u00e3o seus n\u00fameros absolutos. Este paralelo permite um retrato mais fiel da realidade nos dois lugares, especialmente porque suas popula\u00e7\u00f5es s\u00e3o bem distintas: Bauru tem 379 mil habitantes e Araraquara, 238 mil.<\/p>\n\n\n\n<p>Para analisar a evolu\u00e7\u00e3o dos casos, \u00f3bitos e interna\u00e7\u00f5es em cada um dos munic\u00edpios neste ano, tamb\u00e9m vale prestar aten\u00e7\u00e3o nos &#8220;caminhos&#8221; revelados pelos gr\u00e1ficos \u2014 eles sobem, caem ou seguem est\u00e1veis?<\/p>\n\n\n\n<p>Os dados de casos di\u00e1rios de covid-19 mostram que Araraquara, que apostou em lockdown, teve queda de mais de 50% na m\u00e9dia de novos casos di\u00e1rios, passando de quase 140 mortes no fim de fevereiro para pouco mais de 60 em meados de mar\u00e7o.<\/p>\n\n\n\n<p>No mesmo per\u00edodo, o n\u00famero de casos em Bauru subiu.<\/p>\n\n\n\n<p>Em mar\u00e7o, a quantidade de mortes \u2014que geralmente demora mais a refletir medidas restritivas, devido ao tempo natural que a doen\u00e7a leva para se desenvolver nas pessoas \u2014 subiu em Bauru e caiu em Araraquara.<\/p>\n\n\n\n<p>Outro dado essencial para entender a situa\u00e7\u00e3o da doen\u00e7a e a capacidade de atendimento das cidades \u00e9 o n\u00famero de interna\u00e7\u00f5es.<\/p>\n\n\n\n<figure class=\"wp-block-image\"><img data-recalc-dims=\"1\" decoding=\"async\" src=\"https:\/\/i0.wp.com\/f.i.uol.com.br\/fotografia\/2021\/04\/08\/1617882018606eeba26d81b_1617882018_1x1_md.jpg?w=600&#038;ssl=1\" alt=\"Ilustra\u00e7\u00e3o\"\/><figcaption>Ilustra\u00e7\u00e3o &#8211;&nbsp;BBC<\/figcaption><\/figure>\n\n\n\n<p>As informa\u00e7\u00f5es sobre fevereiro e mar\u00e7o mostram alta na m\u00e9dia di\u00e1ria de interna\u00e7\u00f5es em Bauru, que se aproximou de 130 na segunda quinzena de mar\u00e7o.<\/p>\n\n\n\n<p>Em Araraquara, a m\u00e9dia m\u00f3vel de interna\u00e7\u00f5es cresceu no in\u00edcio de fevereiro e, depois, se manteve relativamente est\u00e1vel. A prefeitura diz que os dados gerais de interna\u00e7\u00e3o n\u00e3o refletem totalmente quedas em casos e \u00f3bitos no per\u00edodo porque, depois da desacelera\u00e7\u00e3o no ritmo de infec\u00e7\u00f5es locais, Araraquara passou a atender maior pacientes de fora do munic\u00edpio.<\/p>\n\n\n\n<p>Em entrevista \u00e0 BBC News Brasil,&nbsp;<a href=\"https:\/\/www1.folha.uol.com.br\/colunas\/painel\/2021\/03\/vai-ser-a-maior-tragedia-humanitaria-da-historia-do-brasil-diz-prefeito-de-araraquara.shtml\">o prefeito Edinho Silva<\/a>&nbsp;disse que pacientes de Araraquara ocupam atualmente 36% dos leitos de UTI e 29% dos leitos de enfermaria. J\u00e1 moradores de outras cidades ocupam, segundo ele, 53% dos leitos de enfermaria e 61% dos leitos de UTI.<\/p>\n\n\n\n<p>Em fevereiro, no pico da contamina\u00e7\u00e3o, Silva diz que a maioria dos pacientes internados moravam na cidade.<\/p>\n\n\n\n<p>&#8220;Inclusive, (na \u00e9poca) mandamos pacientes para outras regi\u00f5es do Estado porque todos os nossos leitos estavam ocupados&#8221;, diz. &#8220;Agora completamos 30 dias sem nenhum paciente aguardando interna\u00e7\u00e3o nas unidades do munic\u00edpio. Para n\u00f3s, \u00e9 a principal demonstra\u00e7\u00e3o de que estamos no caminho certo.&#8221;<\/p>\n\n\n\n<p>Silva diz que &#8220;o lockdown \u00e9 a \u00faltima sa\u00edda, quando voc\u00ea tem uma curva de contamina\u00e7\u00e3o alt\u00edssima como essa que enfrentamos no fim de janeiro e come\u00e7o de fevereiro&#8221;. Ele considera o resultado das medidas restritivas &#8220;ineg\u00e1vel&#8221;, apontando a redu\u00e7\u00e3o de casos e mortes no munic\u00edpio.<\/p>\n\n\n\n<p>A BBC News Brasil procurou a prefeita de Bauru para entrevistas, mas sua assessoria de imprensa informou que ela n\u00e3o teria disponibilidade.<\/p>\n\n\n\n<p>Por e-mail, a prefeitura disse que o aumento de casos no munic\u00edpio &#8220;se deve \u00e0 presen\u00e7a das novas variantes, o que acontece no pa\u00eds todo&#8221;.<\/p>\n\n\n\n<p>A assessoria disse ainda que a prefeita &#8220;mant\u00e9m o mesmo posicionamento sobre o lockdown, diante da realidade econ\u00f4mica e social do pa\u00eds&#8221;. A reportagem havia questionado se, diante do atual cen\u00e1rio, a prefeita mantinha a vis\u00e3o de que &#8220;lockdown n\u00e3o funciona&#8221;.<\/p>\n\n\n\n<p>A nota aponta que a prefeitura considera que &#8220;o momento \u00e9 cr\u00edtico, como ocorre em praticamente todos os munic\u00edpios&#8221;.<\/p>\n\n\n\n<p>&#8220;A perspectiva \u00e9 que, com o avan\u00e7o na vacina\u00e7\u00e3o e com as medidas de enfrentamento, os casos e \u00f3bitos diminuam nas semanas seguintes.&#8221;<\/p>\n\n\n\n<p>A prefeitura de Bauru disse ainda que, al\u00e9m das determina\u00e7\u00f5es estaduais, &#8220;a prefeitura de Bauru limitou a 30% a capacidade de ocupa\u00e7\u00e3o dos supermercados, com a entrada de apenas uma pessoa de cada fam\u00edlia&#8221; e proibiu venda de bebidas alco\u00f3licas das 18h \u00e0s 6h, em todos os dias da semana, al\u00e9m de ter ampliado a fiscaliza\u00e7\u00e3o.<\/p>\n\n\n\n<p>Tanto Bauru quanto Araraquara informaram que seguem o calend\u00e1rio de vacina\u00e7\u00e3o do governo estadual e que nesta etapa (em 5 de abril) vacinam pessoas a partir de 68 anos e come\u00e7am a imuniza\u00e7\u00e3o de profissionais da seguran\u00e7a p\u00fablica.<\/p>\n\n\n\n<p>Especialistas t\u00eam apontado que o Brasil n\u00e3o pode apostar exclusivamente na vacina\u00e7\u00e3o, sem outras medidas de controle. O ritmo de imuniza\u00e7\u00f5es no pa\u00eds \u00e9 menor que o esperado e, mesmo pa\u00edses com vacina\u00e7\u00e3o mais acelerada, como Israel e Reino Unido, fizeram lockdown enquanto imunizavam boa parte de suas popula\u00e7\u00f5es.<\/p>\n\n\n\n<figure class=\"wp-block-image\"><img data-recalc-dims=\"1\" decoding=\"async\" src=\"https:\/\/i0.wp.com\/f.i.uol.com.br\/fotografia\/2021\/04\/08\/1617882528606eeda01a942_1617882528_1x1_md.jpg?w=600&#038;ssl=1\" alt=\"Ilustra\u00e7\u00e3o\"\/><figcaption>Ilustra\u00e7\u00e3o &#8211;&nbsp;BBC<\/figcaption><\/figure>\n\n\n\n<h3 class=\"wp-block-heading\">&#8216;AINDA N\u00c3O ESTAMOS VIVENDO O ESTRAGO TOTAL&#8217;<\/h3>\n\n\n\n<p>O epidemiologista Davi Rumel, que foi vice-diretor da Anvisa e professor de sa\u00fade p\u00fablica da USP, diz \u00e0 BBC News Brasil que o lockdown promovido por Araraquara &#8220;foi pra valer&#8221;, e n\u00e3o um &#8220;faz de conta&#8221; \u2014 termo que ele usa para descrever a situa\u00e7\u00e3o em cidades que usaram o termo lockdown, mas n\u00e3o pararam ou reduziram as atividades e circula\u00e7\u00e3o de fato.<\/p>\n\n\n\n<p>Rumel avalia que os n\u00fameros mostram sucesso, mas alerta que a medida, aplicada apenas uma vez, n\u00e3o \u00e9 garantia de controle da situa\u00e7\u00e3o.<\/p>\n\n\n\n<p>&#8220;Como a velocidade da taxa de imuniza\u00e7\u00e3o da popula\u00e7\u00e3o n\u00e3o acompanhou esse lockdown, voc\u00ea vai voltar a ter a mesma situa\u00e7\u00e3o j\u00e1 j\u00e1&#8221;, alerta.<\/p>\n\n\n\n<p>&#8220;Araraquara fez muito bem em sair na frente, mas uma vez s\u00f3 n\u00e3o \u00e9 suficiente. E Bauru corre o risco de querer adiar o lockdown e chegar em uma circunst\u00e2ncia em que nem vai adiantar mais porque j\u00e1 \u00e9 tarde. E a\u00ed vai enxugar gelo em situa\u00e7\u00e3o de alta transmissibilidade&#8221;, diz.<\/p>\n\n\n\n<p>&#8220;Essa \u00e9 a diferen\u00e7a entre Bauru e Araraquara. Bauru est\u00e1 indo para o desastre e Araraquara sinalizou a sa\u00edda, mas s\u00f3 sinalizou&#8221;.<\/p>\n\n\n\n<p>A epidemiologista Ad\u00e9lia Mar\u00e7al dos Santos, especialista na din\u00e2mica de transmiss\u00e3o de doen\u00e7as infecciosas e professora de Medicina da Universidade Municipal de S\u00e3o Caetano do Sul, diz que &#8220;ainda n\u00e3o estamos vivendo o estrago total que vai acontecer com a P1&#8221;, em refer\u00eancia \u00e0 variante descoberta em Manaus.<\/p>\n\n\n\n<p>Ela destaca que \u00e9 importante comparar a realidade de diferentes cidades n\u00e3o necessariamente no mesmo intervalo de tempo, mas nos mesmos &#8220;momentos epidemiol\u00f3gicos&#8221;.<\/p>\n\n\n\n<p>Nesta fase da pandemia, isso significaria, segundo ela, avaliar o momento de chegada de variantes a esses locais.<\/p>\n\n\n\n<p>&#8220;O tempo que a P1 leva para dobrar sua capacidade de espalhamento \u00e9 menor que o tempo que as variantes anteriores demoravam. Ent\u00e3o ela antecipa e a curva fica mais acentuada, considerando as mesmas circunst\u00e2ncias&#8221;, diz.<\/p>\n\n\n\n<p>O monitoramento das variantes no Brasil, no entanto, fica aqu\u00e9m do que desejariam os pesquisadores. &#8220;Seria important\u00edssimo ter esse monitoramento de variante para ajustar medida da resposta&#8221;, ela aponta.<\/p>\n\n\n\n<p>Em Araraquara, a variante P1 foi identificada inicialmente em 12 de 22 amostras coletadas entre 29\/01 e 09\/02. Mais tarde, ela apareceu em 64 de 139 amostras coletadas entre 15 e 23 de fevereiro, segundo a prefeitura.<\/p>\n\n\n\n<p>J\u00e1 em Bauru, a prefeitura confirmou no in\u00edcio de mar\u00e7o a identifica\u00e7\u00e3o de tr\u00eas casos da variante P1, junto a 23 casos de outras variantes. At\u00e9 agora, segundo a prefeitura, s\u00f3 essas amostras foram analisadas, &#8220;uma vez que n\u00e3o ocorreram mudan\u00e7as epidemiol\u00f3gicas significativas&#8221;.<\/p>\n\n\n\n<p>Os dois m\u00e9dicos apontam que, al\u00e9m de fazer ciclos de lockdown, \u00e9 necess\u00e1rio promover um trabalho de conscientiza\u00e7\u00e3o da popula\u00e7\u00e3o e adaptar estabelecimentos comerciais e transporte p\u00fablico \u00e0 nova realidade, com amplia\u00e7\u00e3o das condi\u00e7\u00f5es de ventila\u00e7\u00e3o.<\/p>\n\n\n\n<p>Santos diz que &#8220;uma coisa que dificultou muito a conten\u00e7\u00e3o da doen\u00e7a no mundo inteiro foi a dificuldade de admitir a transmiss\u00e3o a\u00e9rea do v\u00edrus&#8221;.<\/p>\n\n\n\n<p>Ela aponta que, at\u00e9 hoje, governos e empresas tentam conter uma transmiss\u00e3o que acontece pelo ar &#8211; e portanto se espalha com facilidade &#8211; com barreiras limitadas de transmiss\u00e3o por contato.<\/p>\n\n\n\n<p>&#8220;A gente fica apostando o tempo inteiro que ela (a pandemia) vai acabar, mas n\u00e3o vai acabar&#8221;, completou Rumel.<\/p>\n\n\n\n<p>Em boletim divulgado em 6 de abril, a Fiocruz aponta que &#8220;as medidas de bloqueio (lockdown) constituem um rem\u00e9dio amargo, mas que s\u00e3o absolutamente necess\u00e1rias em momentos de crise e colapso do sistema de sa\u00fade como a que o pa\u00eds vive agora, evitando mais mortes&#8221;.<\/p>\n\n\n\n<p>No mesmo texto, a funda\u00e7\u00e3o aponta que medidas de bloqueio precisam durar pelo menos 14 dias e, em algumas situa\u00e7\u00f5es, podem demandar mais tempo, dependendo de qu\u00e3o ampla e rigorosa for a aplica\u00e7\u00e3o.<\/p>\n\n\n\n<p>&#8220;Estudos internacionais mostram que pode haver uma redu\u00e7\u00e3o da ordem de 40%, se (as medidas) forem combinadas e aplicadas rigorosamente. Neste contexto, \u00e9 fundamental que todos os que n\u00e3o realizam atividades diretamente relacionadas aos servi\u00e7os essenciais fiquem em casa e que o estado, por meio de medidas emergenciais de aux\u00edlio e assist\u00eancia social, garanta isso.&#8221;<\/p>\n\n\n\n<p>A Fiocruz tamb\u00e9m aponta que o momento de crise exige medidas combinadas e complexas, o que torna fundamental &#8220;coer\u00eancia e converg\u00eancia dos diferentes poderes do Estado brasileiro (Executivo, Legislativo e Judici\u00e1rio), bem como dos diferentes n\u00edveis de governo (municipais, estaduais e federal) em favor das medidas de bloqueio&#8221;.<\/p>\n\n\n\n<figure class=\"wp-block-image\"><img data-recalc-dims=\"1\" decoding=\"async\" src=\"https:\/\/i0.wp.com\/f.i.uol.com.br\/fotografia\/2021\/04\/08\/1617882666606eee2ade8b2_1617882666_1x1_md.jpg?w=600&#038;ssl=1\" alt=\"Ilustra\u00e7\u00e3o\"\/><figcaption>Ilustra\u00e7\u00e3o &#8211;&nbsp;BBC<\/figcaption><\/figure>\n\n\n\n<h3 class=\"wp-block-heading\">FALTA DE COORDENA\u00c7\u00c3O<\/h3>\n\n\n\n<p><a href=\"https:\/\/www1.folha.uol.com.br\/equilibrioesaude\/2021\/04\/bolsonaro-ignora-4-mil-mortes-ironiza-titulo-de-genocida-e-critica-medidas-restritivas.shtml\">A falta de um plano nacional de medidas restritivas para combater a Covid-19<\/a>&nbsp;\u00e9 visto como um fator que dificulta o cumprimento de regras estaduais e municipais pela popula\u00e7\u00e3o. O presidente Jair Bolsonaro tem criticado repetidamente medidas de lockdown, normalmente sob o argumento de que muitos brasileiros precisam sair para trabalhar e sustentar suas fam\u00edlias.<\/p>\n\n\n\n<p>O governo federal, no entanto, passou os tr\u00eas primeiros meses de 2021 sem pagar o aux\u00edlio emergencial.&nbsp;<a href=\"https:\/\/www.bbc.com\/portuguese\/brasil-56595850\">A retomada acontece em abril.<\/a><\/p>\n\n\n\n<p>A cientista pol\u00edtica e professora na Universidade de Oxford Andreza Aruska de Souza Santos pesquisa sobre medidas tomadas por prefeituras no Brasil contra a covid em 2020.<\/p>\n\n\n\n<p>\u00c0 BBC News Brasil, ela diz que &#8220;os governos locais ficaram com uma grande responsabilidade&#8221; e aponta que eles s\u00e3o os agentes com maior contato direto com a popula\u00e7\u00e3o local.<\/p>\n\n\n\n<p>Ou seja, &#8220;est\u00e3o mais pr\u00f3ximos para receber a press\u00e3o social&#8221;, explica Santos.<\/p>\n\n\n\n<p>Sem comentar especificamente sobre Bauru e Araraquara, a professora diz que, em geral, um fator que dificulta \u00e9 que &#8220;nem todas as prefeituras e cidades t\u00eam centros de epidemiologia e pesquisa avan\u00e7ados para acompanhar a situa\u00e7\u00e3o local com exatid\u00e3o&#8221;.<\/p>\n\n\n\n<p>A influ\u00eancia de outros munic\u00edpios da mesma regi\u00e3o tamb\u00e9m \u00e9 apontada por epidemiologistas como um fator que afeta as tentativas de controle dos casos. Isso tamb\u00e9m ilustra a import\u00e2ncia de a\u00e7\u00f5es coordenadas: \u00e9 muito comum, por exemplo, que pessoas trabalhem em uma cidade e vivam em outra, transitando diariamente entre locais com regras diferentes e potencialmente levando consigo o v\u00edrus.<\/p>\n\n\n\n<p>As orienta\u00e7\u00f5es divergentes tamb\u00e9m podem confundir a popula\u00e7\u00e3o, diz a cientista pol\u00edtica.<\/p>\n\n\n\n<p>&#8220;\u00c9 poss\u00edvel que as pessoas se confundam com as regras por lerem jornais regionais, se informarem em programas de TV nacionais, mas terem regras locais a cumprir. Mesmo os pesquisadores t\u00eam dificuldade em acompanhar um pa\u00eds continental com milhares de a\u00e7\u00f5es distintas sendo tomadas em tempos distintos, com nomes distintos, e dura\u00e7\u00e3o distintas&#8221;, diz.<\/p>\n\n\n\n<h3 class=\"wp-block-heading\">FASE EMERGENCIAL<\/h3>\n\n\n\n<p>Os dois munic\u00edpios, assim como as demais cidades do estado de S\u00e3o Paulo, est\u00e3o hoje na chamada&nbsp;<a href=\"https:\/\/www1.folha.uol.com.br\/equilibrioesaude\/2021\/04\/e-provavel-que-fase-emergencial-seja-estendida-por-mais-algum-tempo-diz-comite-de-contingencia-de-sp.shtml\">fase emergencial<\/a>&nbsp;do plano do governo estadual de combate \u00e0 pandemia.<\/p>\n\n\n\n<p>Essa fase, que re\u00fane as medidas mais r\u00edgidas de restri\u00e7\u00e3o de circula\u00e7\u00e3o e atividades, est\u00e1 em vigor para todas as cidades do estado desde 15 de mar\u00e7o e terminaria no fim daquele m\u00eas, mas foi prorrogada pelo governo estadual at\u00e9 11 de abril para as mais de 600 cidades do estado.<\/p>\n\n\n\n<p>O objetivo \u00e9 frear transmiss\u00e3o e mortes, al\u00e9m de reduzir a sobrecarga em hospitais p\u00fablicos e particulares.<\/p>\n\n\n\n<p>Entre as medidas de restri\u00e7\u00e3o previstas pelo governo estadual nessa fase est\u00e3o o toque de recolher todos os dias, de 20h \u00e0s 5h, a proibi\u00e7\u00e3o do acesso a praias e parques, al\u00e9m da abertura das escolas da rede estadual exclusivamente para entrega de materiais e distribui\u00e7\u00e3o de merenda a alunos mais pobres.<\/p>\n\n\n\n<p>Pessoas tamb\u00e9m est\u00e3o proibidas de retirar pessoalmente produtos em restaurantes e lanchonetes e receberem atendimento presencial em lojas de material de constru\u00e7\u00e3o.<a href=\"https:\/\/www1.folha.uol.com.br\/cotidiano\/2021\/04\/doria-evita-se-posicionar-sobre-liberacao-de-cultos-e-missas.shtml\">&nbsp;Celebra\u00e7\u00f5es religiosas coletivas<\/a>&nbsp;e atividades esportivas em grupo tamb\u00e9m est\u00e3o vetadas at\u00e9 11 de abril.<\/p>\n","protected":false},"excerpt":{"rendered":"<p>Ao mesmo tempo em que&nbsp;o Brasil enfrenta o momento mais mortal da pandemia&nbsp;sem um plano nacional para conter o avan\u00e7o do coronav\u00edrus, governos locais v\u00eam tomando suas pr\u00f3prias a\u00e7\u00f5es para lidar com a Covid-19 e suas variantes. Mas isso nem sempre acontece de forma coordenada.<\/p>\n","protected":false},"author":1,"featured_media":0,"comment_status":"closed","ping_status":"open","sticky":false,"template":"","format":"standard","meta":{"_exactmetrics_skip_tracking":false,"_exactmetrics_sitenote_active":false,"_exactmetrics_sitenote_note":"","_exactmetrics_sitenote_category":0,"jetpack_post_was_ever_published":false,"_jetpack_newsletter_access":"","_jetpack_dont_email_post_to_subs":false,"_jetpack_newsletter_tier_id":0,"_jetpack_memberships_contains_paywalled_content":false,"_jetpack_memberships_contains_paid_content":false,"footnotes":"","jetpack_publicize_message":"","jetpack_publicize_feature_enabled":true,"jetpack_social_post_already_shared":true,"jetpack_social_options":{"image_generator_settings":{"template":"highway","enabled":false},"version":2}},"categories":[1],"tags":[],"class_list":["post-31519","post","type-post","status-publish","format-standard","hentry","category-notas"],"jetpack_publicize_connections":[],"jetpack_sharing_enabled":true,"jetpack_featured_media_url":"","jetpack_shortlink":"https:\/\/wp.me\/p7wKYW-8cn","jetpack-related-posts":[],"_links":{"self":[{"href":"http:\/\/blogdalucianaoliveira.com.br\/blog\/wp-json\/wp\/v2\/posts\/31519","targetHints":{"allow":["GET"]}}],"collection":[{"href":"http:\/\/blogdalucianaoliveira.com.br\/blog\/wp-json\/wp\/v2\/posts"}],"about":[{"href":"http:\/\/blogdalucianaoliveira.com.br\/blog\/wp-json\/wp\/v2\/types\/post"}],"author":[{"embeddable":true,"href":"http:\/\/blogdalucianaoliveira.com.br\/blog\/wp-json\/wp\/v2\/users\/1"}],"replies":[{"embeddable":true,"href":"http:\/\/blogdalucianaoliveira.com.br\/blog\/wp-json\/wp\/v2\/comments?post=31519"}],"version-history":[{"count":1,"href":"http:\/\/blogdalucianaoliveira.com.br\/blog\/wp-json\/wp\/v2\/posts\/31519\/revisions"}],"predecessor-version":[{"id":31521,"href":"http:\/\/blogdalucianaoliveira.com.br\/blog\/wp-json\/wp\/v2\/posts\/31519\/revisions\/31521"}],"wp:attachment":[{"href":"http:\/\/blogdalucianaoliveira.com.br\/blog\/wp-json\/wp\/v2\/media?parent=31519"}],"wp:term":[{"taxonomy":"category","embeddable":true,"href":"http:\/\/blogdalucianaoliveira.com.br\/blog\/wp-json\/wp\/v2\/categories?post=31519"},{"taxonomy":"post_tag","embeddable":true,"href":"http:\/\/blogdalucianaoliveira.com.br\/blog\/wp-json\/wp\/v2\/tags?post=31519"}],"curies":[{"name":"wp","href":"https:\/\/api.w.org\/{rel}","templated":true}]}}