{"id":31522,"date":"2021-04-08T20:13:37","date_gmt":"2021-04-09T00:13:37","guid":{"rendered":"http:\/\/blogdalucianaoliveira.com.br\/blog\/?p=31522"},"modified":"2021-04-08T20:13:42","modified_gmt":"2021-04-09T00:13:42","slug":"quem-e-washington-cinel-bilionario-ruralista-ex-pm-e-anfitriao-de-bolsonaro","status":"publish","type":"post","link":"http:\/\/blogdalucianaoliveira.com.br\/blog\/2021\/04\/08\/quem-e-washington-cinel-bilionario-ruralista-ex-pm-e-anfitriao-de-bolsonaro\/","title":{"rendered":"Quem \u00e9 Washington Cinel, bilion\u00e1rio ruralista, ex-PM e anfitri\u00e3o de Bolsonaro"},"content":{"rendered":"\n<figure class=\"wp-block-image size-large\"><img data-recalc-dims=\"1\" loading=\"lazy\" decoding=\"async\" width=\"600\" height=\"338\" data-attachment-id=\"31523\" data-permalink=\"http:\/\/blogdalucianaoliveira.com.br\/blog\/2021\/04\/08\/quem-e-washington-cinel-bilionario-ruralista-ex-pm-e-anfitriao-de-bolsonaro\/4c6fabcb-0d86-4002-b10f-d139f156bf46\/\" data-orig-file=\"https:\/\/i0.wp.com\/blogdalucianaoliveira.com.br\/blog\/wp-content\/uploads\/2021\/04\/4C6FABCB-0D86-4002-B10F-D139F156BF46.jpeg?fit=800%2C450\" data-orig-size=\"800,450\" data-comments-opened=\"0\" data-image-meta=\"{&quot;aperture&quot;:&quot;0&quot;,&quot;credit&quot;:&quot;&quot;,&quot;camera&quot;:&quot;&quot;,&quot;caption&quot;:&quot;&quot;,&quot;created_timestamp&quot;:&quot;0&quot;,&quot;copyright&quot;:&quot;&quot;,&quot;focal_length&quot;:&quot;0&quot;,&quot;iso&quot;:&quot;0&quot;,&quot;shutter_speed&quot;:&quot;0&quot;,&quot;title&quot;:&quot;&quot;,&quot;orientation&quot;:&quot;1&quot;}\" data-image-title=\"4C6FABCB-0D86-4002-B10F-D139F156BF46\" data-image-description=\"\" data-image-caption=\"\" data-medium-file=\"https:\/\/i0.wp.com\/blogdalucianaoliveira.com.br\/blog\/wp-content\/uploads\/2021\/04\/4C6FABCB-0D86-4002-B10F-D139F156BF46.jpeg?fit=300%2C169\" data-large-file=\"https:\/\/i0.wp.com\/blogdalucianaoliveira.com.br\/blog\/wp-content\/uploads\/2021\/04\/4C6FABCB-0D86-4002-B10F-D139F156BF46.jpeg?fit=600%2C338\" src=\"https:\/\/i0.wp.com\/blogdalucianaoliveira.com.br\/blog\/wp-content\/uploads\/2021\/04\/4C6FABCB-0D86-4002-B10F-D139F156BF46.jpeg?resize=600%2C338\" alt=\"\" class=\"wp-image-31523\" srcset=\"https:\/\/i0.wp.com\/blogdalucianaoliveira.com.br\/blog\/wp-content\/uploads\/2021\/04\/4C6FABCB-0D86-4002-B10F-D139F156BF46.jpeg?w=800 800w, https:\/\/i0.wp.com\/blogdalucianaoliveira.com.br\/blog\/wp-content\/uploads\/2021\/04\/4C6FABCB-0D86-4002-B10F-D139F156BF46.jpeg?resize=300%2C169 300w, https:\/\/i0.wp.com\/blogdalucianaoliveira.com.br\/blog\/wp-content\/uploads\/2021\/04\/4C6FABCB-0D86-4002-B10F-D139F156BF46.jpeg?resize=768%2C432 768w, https:\/\/i0.wp.com\/blogdalucianaoliveira.com.br\/blog\/wp-content\/uploads\/2021\/04\/4C6FABCB-0D86-4002-B10F-D139F156BF46.jpeg?resize=533%2C300 533w\" sizes=\"auto, (max-width: 600px) 100vw, 600px\" \/><\/figure>\n\n\n\n<h4 class=\"wp-block-heading\">O empres\u00e1rio diz que incentivou o filho a ter armas para usar nas fazendas do cl\u00e3. As filhas s\u00e3o colecionadoras de arte<\/h4>\n\n\n\n<!--more-->\n\n\n\n<p>Igor Carvalho &#8211; Brasil de Fato | S\u00e3o Paulo (SP) |<\/p>\n\n\n\n<p>Washington Umberto Cinel nasceu em Regin\u00f3polis, interior de S\u00e3o Paulo, \u00e9 ex-policial militar, ruralista e figurante na aristocracia brasileira. Um bolsonarista \u00e0 moda da casa, o baixo clero da fidalguia paulista.<\/p>\n\n\n\n<p>Bilion\u00e1rio, o empres\u00e1rio gosta de abrir as portas de sua mans\u00e3o, de 1,7 mil metros quadrados de \u00e1rea constru\u00edda, na rua M\u00e9xico, no Jardim Europa, bairro rico da zona sul da capital paulista, para receber&nbsp;<a href=\"https:\/\/www.pressreader.com\/brazil\/caras-brazil\/20191004\/282286732010091\">artistas em eventos beneficientes, como um almo\u00e7o em prol do Hospital do C\u00e2ncer de Barretos<\/a>, ou pol\u00edticos.<\/p>\n\n\n\n<p>Foi em um dessas reuni\u00f5es, realizada na \u00faltima quarta-feira (7), que o nome de Cinel circulou entre os principais portais do pa\u00eds.<\/p>\n\n\n\n<p>Ele foi o anfitri\u00e3o de um encontro do presidente Jair Bolsonaro (sem partido) com um grupo pequeno de empres\u00e1rios, exatamente na mans\u00e3o que gosta de ostentar, que j\u00e1 pertenceu ao falecido Ant\u00f4nio Erm\u00edrio de Moraes, e que foi adquirida em um leil\u00e3o no ano de 2015, por R$ 39 milh\u00f5es.<\/p>\n\n\n\n<p>Cinel \u00e9 fundador do Gocil Servi\u00e7os de Vigil\u00e2ncia e Seguran\u00e7a Ltda, uma das maiores do Brasil no setor, o que lhe garantiu a alcunha de &#8220;rei das terceiriza\u00e7\u00f5es&#8221;.<\/p>\n\n\n\n<p>Um dos seus mais generosos contratantes \u00e9 o governo de S\u00e3o Paulo, que desembolsou, somente em 2020, R$ 68 milh\u00f5es em contratos com o empres\u00e1rio. A empresa divulgou que seu faturamento no ano passado foi de R$ 1,2 bilh\u00e3o.<\/p>\n\n\n\n<p>Se os contratos com o governo de S\u00e3o Paulo s\u00e3o recentes, a amizade de Cinel com o governador paulista, Jo\u00e3o Doria (PSDB), vem de longe. O empres\u00e1rio ficou respons\u00e1vel por passar o chap\u00e9u entre amigos ricos para financiar a campanha do tucano em 2018.<\/p>\n\n\n\n<p>Cinel \u00e9 conselheiro para assuntos de Seguran\u00e7a P\u00fablica e um dos fundadores do Grupo de L\u00edderes Empresariais (Lide), que tem em Doria seu expoente mais ilustre. Em 20 de dezembro de 2019, no Pal\u00e1cio dos Bandeirantes, Cl\u00e1udia Cinel, companheira de Washington, foi respons\u00e1vel por oferecer o jantar de natal para o casal Doria.<\/p>\n\n\n\n<p>Em 2017, a dupla expandiu para al\u00e9m do Brasil a parceria e fundaram o Lide Paraguay. No pa\u00eds vizinho, come\u00e7aram o lobby para a recep\u00e7\u00e3o de empres\u00e1rios brasileiros e Cinel<a href=\"https:\/\/deolhonosruralistas.com.br\/deolhonoparaguai\/2018\/08\/25\/parceiro-de-doria-rei-da-seguranca-em-sp-avanca-com-arroz-e-agrotoxicos-no-paraguai\/\" target=\"_blank\" rel=\"noreferrer noopener\">&nbsp;fundou a Villa Oliva Rice<\/a>, uma das maiores produtoras de arroz em territ\u00f3rio paraguaio.<\/p>\n\n\n\n<p>A festa de inaugura\u00e7\u00e3o da empresa contou com a presen\u00e7a do ent\u00e3o presidente Hor\u00e1cio Cartes.&nbsp;<\/p>\n\n\n\n<p>A Villa Olivia Rice fornece arroz para a Camil e Guacira e ocupa uma \u00e1rea de 20 mil hectares no Paraguai. Moradores da regi\u00e3o<a href=\"https:\/\/deolhonosruralistas.com.br\/deolhonoparaguai\/2018\/08\/25\/parceiro-de-doria-rei-da-seguranca-em-sp-avanca-com-arroz-e-agrotoxicos-no-paraguai\/\" target=\"_blank\" rel=\"noreferrer noopener\">&nbsp;acusam a empres<\/a>a brasileira de desviar o curso de rios para irrigarem a lavoura.&nbsp;<\/p>\n\n\n\n<figure class=\"wp-block-image\"><img data-recalc-dims=\"1\" decoding=\"async\" src=\"https:\/\/i0.wp.com\/images02.brasildefato.com.br\/73190d14e7e12dcbb41ac03166dcf4a8.jpeg?w=600&#038;ssl=1\" alt=\"\"\/><\/figure>\n\n\n\n<p><br>Na inaugura\u00e7\u00e3o da Villa Olive Rice, Cinel aparece ao lado do presidente paraguaio \/ Foto: Reprodu\u00e7\u00e3o<\/p>\n\n\n\n<p>Carreira e fam\u00edlia<\/p>\n\n\n\n<p>Cinel se formou em 1976 na Academia de Pol\u00edcia do Barro Branco. J\u00e1 nas ruas, foi chamado para atender uma ocorr\u00eancia na sede da Rede Globo em Bauru. L\u00e1, foi contratado pela emissora para fazer seguran\u00e7a privada. Foi quando fundou a Gocil.<\/p>\n\n\n\n<p>\u00c9 comum, embora possa ser ilegal, que ex-policiais militares fundem empresas de vigil\u00e2ncia. Por\u00e9m, Cinel foi al\u00e9m e viu no agroneg\u00f3cio uma possibilidade de expandir.<\/p>\n\n\n\n<p>Hoje, \u00e9 s\u00f3cio ou propriet\u00e1rio de diversos empreendimentos no setor, como a Brangus Brasil Agropecu\u00e1ria Ltda, com sede em S\u00e3o Manuel, no interior de S\u00e3o Paulo, onde cria gado da ra\u00e7a Brangus, claro.<\/p>\n\n\n\n<p>Em algumas empresas, como a Mana Im\u00f3veis e Empreendimentos Ltda, com sede em Itapu\u00ed, tamb\u00e9m no interior de S\u00e3o Paulo, Washington Cinel \u00e9 s\u00f3cio com os quatro filhos: Washington Umberto Cinel Filho, Jessica Luciano Cinel, Victoria Luciano Cinel e Valentina Luciano Cinel.<\/p>\n\n\n\n<p>Com Junior, Cinel tem um epis\u00f3dio que mimetiza o cl\u00e3 Bolsonaro. Em 2019, o empres\u00e1rio, que \u00e9 defensor do porte de arma para a popula\u00e7\u00e3o,&nbsp;<a href=\"https:\/\/vejasp.abril.com.br\/blog\/terraco-paulistano\/washington-cinel-gocil\/\">deu uma entrevista&nbsp;<\/a>em que afirmava que ele e o filho andavam armados. Por\u00e9m, o herdeiro prefere utilizar o artefato somente nas fazendas da fam\u00edlia.<\/p>\n\n\n\n<p>Jessica Cinel \u00e9 figura comum nos editoriais de moda e arte de algumas revistas . \u201cEu era meio cafona. Adorava usar pe\u00e7as tradicionais de grandes marcas, como Missoni. Hoje, acho tudo isso muito manjado\u201d, afirma a herdeira de Cinel, em entrevista&nbsp;<a href=\"https:\/\/glamurama.uol.com.br\/revista-j-p-invadiu-o-closet-que-rompe-padroes-da-colecionadora-de-arte-jessica-cinel\/\">\u00e0 revista da jornalista Joyce Pascowitch<\/a>, em 2018, repleta de imagens em sua mans\u00e3o. Ela e a irm\u00e3, Victoria, s\u00e3o colecionadoras de arte.<\/p>\n\n\n\n<figure class=\"wp-block-image\"><img data-recalc-dims=\"1\" decoding=\"async\" src=\"https:\/\/i0.wp.com\/images01.brasildefato.com.br\/c768fe385de6607d2c5da69040f42b6b.jpeg?w=600&#038;ssl=1\" alt=\"\"\/><\/figure>\n\n\n\n<p><br>Jessica Cinel \u00e9 colecionadora de artes e fez um ensaio na frente da mans\u00e3o do pai \/ Foto: Reprodu\u00e7\u00e3o \/ Instagram<\/p>\n","protected":false},"excerpt":{"rendered":"<p>O empres\u00e1rio diz que incentivou o filho a ter armas para usar nas fazendas do cl\u00e3. As filhas s\u00e3o colecionadoras de arte<\/p>\n","protected":false},"author":1,"featured_media":0,"comment_status":"closed","ping_status":"open","sticky":false,"template":"","format":"standard","meta":{"_exactmetrics_skip_tracking":false,"_exactmetrics_sitenote_active":false,"_exactmetrics_sitenote_note":"","_exactmetrics_sitenote_category":0,"jetpack_post_was_ever_published":false,"_jetpack_newsletter_access":"","_jetpack_dont_email_post_to_subs":false,"_jetpack_newsletter_tier_id":0,"_jetpack_memberships_contains_paywalled_content":false,"_jetpack_memberships_contains_paid_content":false,"footnotes":"","jetpack_publicize_message":"","jetpack_publicize_feature_enabled":true,"jetpack_social_post_already_shared":true,"jetpack_social_options":{"image_generator_settings":{"template":"highway","enabled":false},"version":2}},"categories":[1],"tags":[],"class_list":["post-31522","post","type-post","status-publish","format-standard","hentry","category-notas"],"jetpack_publicize_connections":[],"jetpack_sharing_enabled":true,"jetpack_featured_media_url":"","jetpack_shortlink":"https:\/\/wp.me\/p7wKYW-8cq","jetpack-related-posts":[],"_links":{"self":[{"href":"http:\/\/blogdalucianaoliveira.com.br\/blog\/wp-json\/wp\/v2\/posts\/31522","targetHints":{"allow":["GET"]}}],"collection":[{"href":"http:\/\/blogdalucianaoliveira.com.br\/blog\/wp-json\/wp\/v2\/posts"}],"about":[{"href":"http:\/\/blogdalucianaoliveira.com.br\/blog\/wp-json\/wp\/v2\/types\/post"}],"author":[{"embeddable":true,"href":"http:\/\/blogdalucianaoliveira.com.br\/blog\/wp-json\/wp\/v2\/users\/1"}],"replies":[{"embeddable":true,"href":"http:\/\/blogdalucianaoliveira.com.br\/blog\/wp-json\/wp\/v2\/comments?post=31522"}],"version-history":[{"count":1,"href":"http:\/\/blogdalucianaoliveira.com.br\/blog\/wp-json\/wp\/v2\/posts\/31522\/revisions"}],"predecessor-version":[{"id":31524,"href":"http:\/\/blogdalucianaoliveira.com.br\/blog\/wp-json\/wp\/v2\/posts\/31522\/revisions\/31524"}],"wp:attachment":[{"href":"http:\/\/blogdalucianaoliveira.com.br\/blog\/wp-json\/wp\/v2\/media?parent=31522"}],"wp:term":[{"taxonomy":"category","embeddable":true,"href":"http:\/\/blogdalucianaoliveira.com.br\/blog\/wp-json\/wp\/v2\/categories?post=31522"},{"taxonomy":"post_tag","embeddable":true,"href":"http:\/\/blogdalucianaoliveira.com.br\/blog\/wp-json\/wp\/v2\/tags?post=31522"}],"curies":[{"name":"wp","href":"https:\/\/api.w.org\/{rel}","templated":true}]}}