{"id":31525,"date":"2021-04-08T21:18:11","date_gmt":"2021-04-09T01:18:11","guid":{"rendered":"http:\/\/blogdalucianaoliveira.com.br\/blog\/?p=31525"},"modified":"2021-04-08T21:18:17","modified_gmt":"2021-04-09T01:18:17","slug":"delcio-teobaldo-seguiu-viagem","status":"publish","type":"post","link":"http:\/\/blogdalucianaoliveira.com.br\/blog\/2021\/04\/08\/delcio-teobaldo-seguiu-viagem\/","title":{"rendered":"D\u00c9LCIO TEOBALDO SEGUIU VIAGEM"},"content":{"rendered":"\n<figure class=\"wp-block-image size-large\"><img data-recalc-dims=\"1\" loading=\"lazy\" decoding=\"async\" width=\"600\" height=\"450\" data-attachment-id=\"31526\" data-permalink=\"http:\/\/blogdalucianaoliveira.com.br\/blog\/2021\/04\/08\/delcio-teobaldo-seguiu-viagem\/584adda6-ef74-4145-aa33-582ad73a6f25\/\" data-orig-file=\"https:\/\/i0.wp.com\/blogdalucianaoliveira.com.br\/blog\/wp-content\/uploads\/2021\/04\/584ADDA6-EF74-4145-AA33-582AD73A6F25.jpeg?fit=640%2C480\" data-orig-size=\"640,480\" data-comments-opened=\"0\" data-image-meta=\"{&quot;aperture&quot;:&quot;0&quot;,&quot;credit&quot;:&quot;&quot;,&quot;camera&quot;:&quot;&quot;,&quot;caption&quot;:&quot;&quot;,&quot;created_timestamp&quot;:&quot;0&quot;,&quot;copyright&quot;:&quot;&quot;,&quot;focal_length&quot;:&quot;0&quot;,&quot;iso&quot;:&quot;0&quot;,&quot;shutter_speed&quot;:&quot;0&quot;,&quot;title&quot;:&quot;&quot;,&quot;orientation&quot;:&quot;0&quot;}\" data-image-title=\"584ADDA6-EF74-4145-AA33-582AD73A6F25\" data-image-description=\"\" data-image-caption=\"\" data-medium-file=\"https:\/\/i0.wp.com\/blogdalucianaoliveira.com.br\/blog\/wp-content\/uploads\/2021\/04\/584ADDA6-EF74-4145-AA33-582AD73A6F25.jpeg?fit=300%2C225\" data-large-file=\"https:\/\/i0.wp.com\/blogdalucianaoliveira.com.br\/blog\/wp-content\/uploads\/2021\/04\/584ADDA6-EF74-4145-AA33-582AD73A6F25.jpeg?fit=600%2C450\" src=\"https:\/\/i0.wp.com\/blogdalucianaoliveira.com.br\/blog\/wp-content\/uploads\/2021\/04\/584ADDA6-EF74-4145-AA33-582AD73A6F25.jpeg?resize=600%2C450\" alt=\"\" class=\"wp-image-31526\" srcset=\"https:\/\/i0.wp.com\/blogdalucianaoliveira.com.br\/blog\/wp-content\/uploads\/2021\/04\/584ADDA6-EF74-4145-AA33-582AD73A6F25.jpeg?w=640 640w, https:\/\/i0.wp.com\/blogdalucianaoliveira.com.br\/blog\/wp-content\/uploads\/2021\/04\/584ADDA6-EF74-4145-AA33-582AD73A6F25.jpeg?resize=300%2C225 300w, https:\/\/i0.wp.com\/blogdalucianaoliveira.com.br\/blog\/wp-content\/uploads\/2021\/04\/584ADDA6-EF74-4145-AA33-582AD73A6F25.jpeg?resize=400%2C300 400w\" sizes=\"auto, (max-width: 600px) 100vw, 600px\" \/><\/figure>\n\n\n\n<p><strong>Por Zola Xavier<\/strong> &#8211; Conheci Delcio Teobaldo quando cheguei a Maric\u00e1. Foram v\u00e1rios os encontros que tivemos a conversar sobre a vida.\u00a0D\u00e9lcio sabia escutar. Coisa para poucos.<\/p>\n\n\n\n<!--more-->\n\n\n\n<p>Profissional da comunica\u00e7\u00e3o, das artes e da cultura de nossos ancestrais africanos.&nbsp;Cineasta, trabalhou&nbsp; na TV Brasil, escrevendo roteiros e dirigindo programas. Atuou nos jornais O Dia e&nbsp;&nbsp;Jornal do Brasil. Etnom\u00fasico, escritor, autor do livro Pivetim, pr\u00eamio brasileiro Barco a Vapor, em 2009.&nbsp;<\/p>\n\n\n\n<p>A seu convite o acompanhei a Ponte Nova em Minas Gerais, numa de suas rotineiras excurs\u00f5es a sua cidade natal. D\u00e9lcio preservava com carinho suas ra\u00edzes mineiras. Ele dizia que nasceu no Brasil, mas era antes de tudo Mineiro.&nbsp;<\/p>\n\n\n\n<figure class=\"wp-block-image\"><a href=\"https:\/\/i0.wp.com\/1.bp.blogspot.com\/-GMqkVs9z82M\/YG-Mu4C64VI\/AAAAAAAAAlw\/6q1ot6dOLFQS49eFQTU_90H012t8RCZHACLcBGAsYHQ\/s2048\/IMG_0816.JPG?ssl=1\"><img data-recalc-dims=\"1\" decoding=\"async\" src=\"https:\/\/i0.wp.com\/1.bp.blogspot.com\/-GMqkVs9z82M\/YG-Mu4C64VI\/AAAAAAAAAlw\/6q1ot6dOLFQS49eFQTU_90H012t8RCZHACLcBGAsYHQ\/w640-h426\/IMG_0816.JPG?w=600&#038;ssl=1\" alt=\"\"\/><\/a><\/figure>\n\n\n\n<p><strong>Delcio Teobaldo no meio entre Carl\u00e3o e S\u00e9rgio Mesquita em<\/strong><strong>Ponte Nova &#8211; MG durante uma visita a Secretaria Municipal de Cultura &#8211; 2013<\/strong><\/p>\n\n\n\n<p>Quando, em 2008, contei sobre o trabalho de campo que havia realizado, colhendo informa\u00e7\u00f5es sobre o atentado pol\u00edtico ocorrido na cidade de Porto Velho \u2013 RO, em setembro de 1962, quando uma ca\u00e7amba da prefeitura invadiu um com\u00edcio da Frente Popular, ferindo e matando um sem n\u00fameros de v\u00edtimas, D\u00e9lcio de pronto, a queima roupa, falou que t\u00ednhamos que fazer esse trabalho. E assim foi feito.<\/p>\n\n\n\n<figure class=\"wp-block-image\"><a href=\"https:\/\/i0.wp.com\/1.bp.blogspot.com\/-cgqa5qoW3lQ\/YG-KmfKQsJI\/AAAAAAAAAlo\/TzSRW8Xb0qcq0TM4zqXc3eH7-A0ins2HQCLcBGAsYHQ\/s1600\/IMG_2683.jpg?ssl=1\"><img data-recalc-dims=\"1\" decoding=\"async\" src=\"https:\/\/i0.wp.com\/1.bp.blogspot.com\/-cgqa5qoW3lQ\/YG-KmfKQsJI\/AAAAAAAAAlo\/TzSRW8Xb0qcq0TM4zqXc3eH7-A0ins2HQCLcBGAsYHQ\/w640-h480\/IMG_2683.jpg?w=600&#038;ssl=1\" alt=\"\"\/><\/a><\/figure>\n\n\n\n<p><strong>&nbsp; &nbsp; D\u00e9lcio Teobaldo em a\u00e7\u00e3o,&nbsp;&nbsp;<\/strong><strong>dirigindo as filmagens do document\u00e1rio Ca\u00e7ambada Cutuba, com&nbsp; &nbsp; &nbsp; &nbsp; &nbsp; um dos sobreviventes do atentado pol\u00edtico &#8211;&nbsp;<\/strong><strong>Porto Velho-RO,&nbsp;<\/strong><strong>2009.<\/strong><\/p>\n\n\n\n<p>Foram mais de dez dias de intenso trabalho, percorrendo as ruas de Porto Velho, dirigindo as filmagens do document\u00e1rio &#8220;Ca\u00e7ambada Cutuba \u2013 a hist\u00f3ria que Rond\u00f4nia n\u00e3o escreveu&#8221;. D\u00e9lcio&nbsp;deixou bons amigos em Rond\u00f4nia, dentre eles as artistas&nbsp;&nbsp;pl\u00e1sticas&nbsp;&nbsp;Rita Queir\u00f3z, Margot Paiva, o escritor&nbsp;&nbsp;Antonio Serpa do Amaral, o ativista cultural Carlinhos Maracan\u00e3 e o memorialista An\u00edsio Gorayeb.<\/p>\n\n\n\n<figure class=\"wp-block-image\"><a href=\"https:\/\/i0.wp.com\/1.bp.blogspot.com\/-NDTr80IL2Ic\/YG-N3rlZXZI\/AAAAAAAAAl4\/3USp86RCvgYKd0I_wourDAC6q0Tu_otHgCLcBGAsYHQ\/s1600\/AN%2525C3%25258DSIO%252BGORAYEB%25252C%252BDELCIO%252BTEOBALDO%25252C%252BTONI%252BNOGUEIRA%25252C%252BJULIO%252BYRIARTE%252BE%252BZOLA%252BXAVIER%252B%252B2008%252B%252B_2839.jpg?ssl=1\"><img data-recalc-dims=\"1\" decoding=\"async\" src=\"https:\/\/i0.wp.com\/1.bp.blogspot.com\/-NDTr80IL2Ic\/YG-N3rlZXZI\/AAAAAAAAAl4\/3USp86RCvgYKd0I_wourDAC6q0Tu_otHgCLcBGAsYHQ\/w640-h480\/AN%2525C3%25258DSIO%252BGORAYEB%25252C%252BDELCIO%252BTEOBALDO%25252C%252BTONI%252BNOGUEIRA%25252C%252BJULIO%252BYRIARTE%252BE%252BZOLA%252BXAVIER%252B%252B2008%252B%252B_2839.jpg?w=600&#038;ssl=1\" alt=\"\"\/><\/a><\/figure>\n\n\n\n<p><strong>&nbsp; &nbsp; &nbsp;An\u00edsio Gorayeb, D\u00e9lcio Teobaldo, Toni Nogueira, Julio Yriarte e Zola Xavier em visita a&nbsp; &nbsp; &nbsp; &nbsp; &nbsp; &nbsp; &nbsp; &nbsp; &nbsp;Funda\u00e7\u00e3o Cultural de Porto Velho &#8211; RO &#8211; 2009.<br><\/strong><\/p>\n\n\n\n<figure class=\"wp-block-image\"><a href=\"https:\/\/i0.wp.com\/1.bp.blogspot.com\/-KzA6sKWom60\/YG-T7CDALvI\/AAAAAAAAAmA\/zut5rIicF00yqdf3NuXcmB5w-W1AsT_EACLcBGAsYHQ\/s1600\/IMG_2975.jpg?ssl=1\"><img data-recalc-dims=\"1\" decoding=\"async\" src=\"https:\/\/i0.wp.com\/1.bp.blogspot.com\/-KzA6sKWom60\/YG-T7CDALvI\/AAAAAAAAAmA\/zut5rIicF00yqdf3NuXcmB5w-W1AsT_EACLcBGAsYHQ\/w640-h480\/IMG_2975.jpg?w=600&#038;ssl=1\" alt=\"\"\/><\/a><\/figure>\n\n\n\n<p><strong>&nbsp; &nbsp; Zola Xavier, Toni Nogueira, Carlinhos Maracan\u00e3, D\u00e9lcio Teobaldo e o jornalista Silvio Santos&nbsp; &nbsp; &nbsp; &nbsp; &nbsp;em uma roda na Biblioteca Francisco Meireles &#8211; Porto Velho &#8211; RO &#8211; 2009.<br><\/strong><\/p>\n\n\n\n<p>Recentemente, conversamos &nbsp;sobre o trabalho \u201cDo Congo ao Guapor\u00e9\u201d, um musical baseado na saga dos afrodescendentes que chegaram ao Vale do Guapor\u00e9. Essa parceria ficou na prateleira.<\/p>\n","protected":false},"excerpt":{"rendered":"<p>Por Zola Xavier &#8211; Conheci Delcio Teobaldo quando cheguei a Maric\u00e1. Foram v\u00e1rios os encontros que tivemos a conversar sobre a vida.\u00a0D\u00e9lcio sabia escutar. Coisa para poucos.<\/p>\n","protected":false},"author":1,"featured_media":0,"comment_status":"closed","ping_status":"open","sticky":false,"template":"","format":"standard","meta":{"_exactmetrics_skip_tracking":false,"_exactmetrics_sitenote_active":false,"_exactmetrics_sitenote_note":"","_exactmetrics_sitenote_category":0,"jetpack_post_was_ever_published":false,"_jetpack_newsletter_access":"","_jetpack_dont_email_post_to_subs":false,"_jetpack_newsletter_tier_id":0,"_jetpack_memberships_contains_paywalled_content":false,"_jetpack_memberships_contains_paid_content":false,"footnotes":"","jetpack_publicize_message":"","jetpack_publicize_feature_enabled":true,"jetpack_social_post_already_shared":true,"jetpack_social_options":{"image_generator_settings":{"template":"highway","enabled":false},"version":2}},"categories":[1],"tags":[477,472],"class_list":["post-31525","post","type-post","status-publish","format-standard","hentry","category-notas","tag-cacambada","tag-zola-xavier"],"jetpack_publicize_connections":[],"jetpack_sharing_enabled":true,"jetpack_featured_media_url":"","jetpack_shortlink":"https:\/\/wp.me\/p7wKYW-8ct","jetpack-related-posts":[],"_links":{"self":[{"href":"http:\/\/blogdalucianaoliveira.com.br\/blog\/wp-json\/wp\/v2\/posts\/31525","targetHints":{"allow":["GET"]}}],"collection":[{"href":"http:\/\/blogdalucianaoliveira.com.br\/blog\/wp-json\/wp\/v2\/posts"}],"about":[{"href":"http:\/\/blogdalucianaoliveira.com.br\/blog\/wp-json\/wp\/v2\/types\/post"}],"author":[{"embeddable":true,"href":"http:\/\/blogdalucianaoliveira.com.br\/blog\/wp-json\/wp\/v2\/users\/1"}],"replies":[{"embeddable":true,"href":"http:\/\/blogdalucianaoliveira.com.br\/blog\/wp-json\/wp\/v2\/comments?post=31525"}],"version-history":[{"count":1,"href":"http:\/\/blogdalucianaoliveira.com.br\/blog\/wp-json\/wp\/v2\/posts\/31525\/revisions"}],"predecessor-version":[{"id":31527,"href":"http:\/\/blogdalucianaoliveira.com.br\/blog\/wp-json\/wp\/v2\/posts\/31525\/revisions\/31527"}],"wp:attachment":[{"href":"http:\/\/blogdalucianaoliveira.com.br\/blog\/wp-json\/wp\/v2\/media?parent=31525"}],"wp:term":[{"taxonomy":"category","embeddable":true,"href":"http:\/\/blogdalucianaoliveira.com.br\/blog\/wp-json\/wp\/v2\/categories?post=31525"},{"taxonomy":"post_tag","embeddable":true,"href":"http:\/\/blogdalucianaoliveira.com.br\/blog\/wp-json\/wp\/v2\/tags?post=31525"}],"curies":[{"name":"wp","href":"https:\/\/api.w.org\/{rel}","templated":true}]}}