{"id":31531,"date":"2021-04-09T10:01:31","date_gmt":"2021-04-09T14:01:31","guid":{"rendered":"http:\/\/blogdalucianaoliveira.com.br\/blog\/?p=31531"},"modified":"2021-04-09T10:01:37","modified_gmt":"2021-04-09T14:01:37","slug":"caso-henry-especialistas-alertam-sobre-como-identificar-sinais-de-violencia-em-criancas","status":"publish","type":"post","link":"http:\/\/blogdalucianaoliveira.com.br\/blog\/2021\/04\/09\/caso-henry-especialistas-alertam-sobre-como-identificar-sinais-de-violencia-em-criancas\/","title":{"rendered":"Caso Henry: especialistas alertam sobre como identificar sinais de viol\u00eancia em crian\u00e7as"},"content":{"rendered":"\n<figure class=\"wp-block-image\"><img data-recalc-dims=\"1\" decoding=\"async\" src=\"https:\/\/i0.wp.com\/ichef.bbci.co.uk\/news\/640\/cpsprodpb\/16F30\/production\/_105200049_gettyimages-509930344.jpg?w=600&#038;ssl=1\" alt=\"Foto ilustrativa sobre abuso infantil - menino visto atrav\u00e9s de porta de vidro fosco\"\/><\/figure>\n\n\n\n<p><strong>A&nbsp;<\/strong><a href=\"https:\/\/www.bbc.com\/portuguese\/brasil-56681829\">morte do menino Henry Borel<\/a><strong>, de 4 anos, no Rio de Janeiro criou um alerta em rela\u00e7\u00e3o a agress\u00f5es contra crian\u00e7as, especialmente durante a pandemia, quando as fam\u00edlias est\u00e3o em isolamento social. A m\u00e3e e o padrasto do menino, o vereador Dr. Jairinho (Solidariedade), foram presos nesta quinta-feira (8\/4) sob a suspeita de atrapalhar a investiga\u00e7\u00e3o.<\/strong><\/p>\n\n\n\n<!--more-->\n\n\n\n<p>O menino foi encontrado morto no apartamento da m\u00e3e, com diversas les\u00f5es graves pelo corpo. A m\u00e3e de Henry e Dr. Jairinho, padrasto do menino, disseram \u00e0 pol\u00edcia que o garoto teria sofrido um acidente dom\u00e9stico no dia.<\/p>\n\n\n\n<p>Segundo o delegado respons\u00e1vel pela investiga\u00e7\u00e3o, Henrique Damasceno, hoje o casal \u00e9 investigado por homic\u00eddio duplamente qualificado, por conta de tortura e impossibilidade de defesa da v\u00edtima.<\/p>\n\n\n\n<figure class=\"wp-block-image\"><img data-recalc-dims=\"1\" decoding=\"async\" src=\"https:\/\/i0.wp.com\/ichef.bbci.co.uk\/news\/640\/cpsprodpb\/425C\/production\/_117888961_11.png?w=600&#038;ssl=1\" alt=\"Dr Jairinho e Monique, presos nesta quinta\"\/><figcaption>Legenda da foto,Dr Jairinho (saindo do carro) e Monique (\u00e0 frente na foto), presos nesta quinta, est\u00e3o sendo acusados de atrapalhar as investiga\u00e7\u00f5es sobre a morte do filho dela<\/figcaption><\/figure>\n\n\n\n<p>Sem o contato com funcion\u00e1rios de creches, escolas ou at\u00e9 mesmo outros familiares durante o isolamento social, as v\u00edtimas t\u00eam muita dificuldade para fazer as den\u00fancias.<br><\/p>\n\n\n\n<p>A diretora-presidente do Instituto Liberta, Luciana Temer, disse que o afastamento das\u00a0<a href=\"https:\/\/www.bbc.com\/portuguese\/topics\/cpzd4zxwgddt\">crian\u00e7as<\/a>\u00a0e adolescentes da escola rompeu o principal canal de den\u00fancias usado por elas para relatar a viol\u00eancia: o professor.<br><\/p>\n\n\n\n<p>&#8220;Dados do Minist\u00e9rio da Sa\u00fade dizem que mais de 70% dos casos de abuso infantil acontecem dentro da resid\u00eancia. O professor \u00e9 um adulto que pode perceber esse tipo de situa\u00e7\u00e3o, seja por uma marca f\u00edsica, por uma mudan\u00e7a no comportamento ou at\u00e9 mesmo por uma den\u00fancia da crian\u00e7a. Sem ele, hoje essas v\u00edtimas est\u00e3o impossibilitadas de se encontrar com algu\u00e9m fora do ambiente familiar&#8221;, afirmou Temer.<\/p>\n\n\n\n<p>Mas como identificar se uma crian\u00e7a pode estar sofrendo abuso ou sendo violentada?<\/p>\n\n\n\n<h2 class=\"wp-block-heading\" id=\"Sinais\">Sinais<\/h2>\n\n\n\n<figure class=\"wp-block-image\"><img data-recalc-dims=\"1\" decoding=\"async\" src=\"https:\/\/i0.wp.com\/ichef.bbci.co.uk\/news\/640\/cpsprodpb\/9C43\/production\/_103830004_gettyimages-821264312.jpg?w=600&#038;ssl=1\" alt=\"M\u00e3o de adulto aponta para caderno em que crian\u00e7a escreve com l\u00e1pis\"\/><figcaption>Legenda da foto,Luciana Temer diz que suspens\u00e3o das aulas presenciais rompeu o principal canal de den\u00fancias usado por elas para relatar a viol\u00eancia: o professor<\/figcaption><\/figure>\n\n\n\n<p>A Sociedade de Pediatria de S\u00e3o Paulo (SPSP) lan\u00e7ou a segunda edi\u00e7\u00e3o de uma cartilha em parceria com a Sociedade Brasileira de Pediatria (SBP) e o Conselho Federal de Medicina (CFM) chamada&nbsp;<em>Manual de Atendimento \u00e0s Crian\u00e7as e Adolescentes V\u00edtimas de Viol\u00eancia<\/em>. Nela, os especialistas, entre m\u00e9dicos e psic\u00f3logos, d\u00e3o dicas de como identificar poss\u00edveis sinais de que uma crian\u00e7a est\u00e1 sofrendo algum tipo de viol\u00eancia.<\/p>\n\n\n\n<p>Um dos principais alertas \u00e9 uma mudan\u00e7a dr\u00e1stica de comportamento. \u00c9 quando uma crian\u00e7a agitada passa a ficar mais quieta, acuada. Ou uma crian\u00e7a alegre que se torna triste e at\u00e9 agressiva.<\/p>\n\n\n\n<p>O adulto tamb\u00e9m deve ficar atento a sinais de agress\u00e3o aparentes no corpo da crian\u00e7a, como verg\u00f5es, roxos ou machucados. Os especialistas explicam, por\u00e9m, que nem sempre as agress\u00f5es deixam marcas no corpo.<\/p>\n\n\n\n<p>A crian\u00e7a agredida, dizem os especialistas, tamb\u00e9m pode apresentar altera\u00e7\u00e3o no sono, seja ter ins\u00f4nia ou passar a dormir demais, e na alimenta\u00e7\u00e3o. Neste caso, algumas podem passar a comer por ansiedade, enquanto outras podem se tornar anor\u00e9xicas ou desenvolver bulimia.<\/p>\n\n\n\n<p>Outro poss\u00edvel sinal apresentado por uma crian\u00e7a que sofre viol\u00eancia \u00e9 apresentar depress\u00e3o, sinais de baixa auto-estima e deixar de confiar nas pessoas ao redor dela.<\/p>\n\n\n\n<h2 class=\"wp-block-heading\" id=\"Percep\u00e7\u00e3o-de-um-adulto\">Percep\u00e7\u00e3o de um adulto<\/h2>\n\n\n\n<p>Luciana Temer explica que muitas vezes as crian\u00e7as precisam contar com a ajuda de um adulto de fora do ambiente familiar para contar suas ang\u00fastias e fazer den\u00fancias. Essa pessoa tamb\u00e9m pode monitorar a crian\u00e7a e perceber alguns sinais de viol\u00eancia sem mesmo que a v\u00edtima precise contar. Seja dentro ou fora do c\u00edrculo familiar, \u00e9 preciso prestar aten\u00e7\u00e3o aos sinais dados pelas crian\u00e7as.<\/p>\n\n\n\n<p>&#8220;Eu fa\u00e7o um apelo para que vizinhos e familiares fiquem atentos, na medida do poss\u00edvel, se a crian\u00e7a tiver um comportamento estranho. A fam\u00edlia est\u00e1 fechada, mas tem um vizinho que escuta agress\u00f5es, tem uma tia que tem contato distante e percebe. \u00c9 um chamado de responsabilidade de todos n\u00f3s, principalmente quando a crian\u00e7a est\u00e1 mais confinada&#8221;, afirmou.<\/p>\n\n\n\n<figure class=\"wp-block-image\"><img data-recalc-dims=\"1\" decoding=\"async\" src=\"https:\/\/i0.wp.com\/ichef.bbci.co.uk\/news\/640\/cpsprodpb\/1DA6\/production\/_110409570_gettyimages-483234179.jpg?w=600&#038;ssl=1\" alt=\"crian\u00e7a\"\/><figcaption>Legenda da foto,Um dos principais alertas de que algo errado pode estar acontecendo \u00e9 a mudan\u00e7a dr\u00e1stica de comportamento da crian\u00e7a<\/figcaption><\/figure>\n\n\n\n<p>Ela disse que n\u00e3o sabe como \u00e9 poss\u00edvel resolver esse problema de outra forma, mas que o importante neste momento \u00e9 evitar que ele cres\u00e7a ainda mais durante o isolamento e que esse aprendizado tamb\u00e9m se estenda para depois da quarentena.<\/p>\n\n\n\n<p>&#8220;\u00c9 uma situa\u00e7\u00e3o muito grave e que n\u00e3o \u00e9 excepcional da pandemia. Os n\u00fameros da viol\u00eancia s\u00e3o muito assustadores h\u00e1 anos. Precisamos fazer o Brasil falar disso com indigna\u00e7\u00e3o. Essas situa\u00e7\u00f5es se naturalizaram porque somos um pa\u00eds machista e o corpo feminino e infantil n\u00e3o s\u00e3o respeitados&#8221;.<\/p>\n\n\n\n<p>Quem perceber alguma atitude suspeita de abuso infantil pode fazer uma den\u00fancia pelo Disque 100 ou acionar diretamente a pol\u00edcia pelo 190.<\/p>\n\n\n\n<p>Doutora em direito pela PUC-SP e ex-secret\u00e1ria da Juventude, Esporte e Lazer do Estado de S\u00e3o Paulo, Luciana Temer disse que o ambiente familiar cria uma &#8220;rela\u00e7\u00e3o \u00f3bvia de desprote\u00e7\u00e3o&#8221; para a crian\u00e7a que sofre abuso. Segundo ela, isso \u00e9 agravado porque a m\u00e3e, que em tese deveria proteger a crian\u00e7a tamb\u00e9m est\u00e1 submetida \u00e0 viol\u00eancia geralmente cometida pelo marido contra as duas.<\/p>\n\n\n\n<p>A educa\u00e7\u00e3o da pr\u00f3pria crian\u00e7a para identificar uma situa\u00e7\u00e3o de abuso ou viol\u00eancia tamb\u00e9m \u00e9 importante, segundo ela.<\/p>\n\n\n\n<p>Um grupo de artistas, ativistas e outros profissionais lan\u00e7aram a m\u00fasica&nbsp;<a href=\"https:\/\/www.youtube.com\/watch?v=J1RHieEwRNE\">&#8220;Ningu\u00e9m Mexe Comigo!&#8221; no YouTube<\/a>&nbsp;para conscientizar crian\u00e7as e adolescentes de forma l\u00fadica sobre o que pode ser considerado um abuso e como denunci\u00e1-lo. A can\u00e7\u00e3o, composta pela cantora Bruna Caram foi inspirada no livro infantil&nbsp;<em>N\u00e3o Me Toca, Seu Boboca<\/em>, de Andrea Viviana Taubman.<\/p>\n\n\n\n<p>Durante o videoclipe, idealizado pela designer e ativista Paola Bellucci Ortolan, s\u00e3o mostradas ilustra\u00e7\u00f5es que ajudam a crian\u00e7a a identificar e relatar um abuso.<\/p>\n\n\n\n<p>A can\u00e7\u00e3o \u00e9 acompanhada por Marcelo Jeneci na voz e sanfona, Alice Bevilaqua de Castro com violino e conta com a interpreta\u00e7\u00e3o de libras da Roberta Almeida.<\/p>\n","protected":false},"excerpt":{"rendered":"<p>A&nbsp;morte do menino Henry Borel, de 4 anos, no Rio de Janeiro criou um alerta em rela\u00e7\u00e3o a agress\u00f5es contra crian\u00e7as, especialmente durante a pandemia, quando as fam\u00edlias est\u00e3o em isolamento social. A m\u00e3e e o padrasto do menino, o vereador Dr. Jairinho (Solidariedade), foram presos nesta quinta-feira (8\/4) sob a suspeita de atrapalhar a&#8230;<a class=\"more-link\" href=\"http:\/\/blogdalucianaoliveira.com.br\/blog\/2021\/04\/09\/caso-henry-especialistas-alertam-sobre-como-identificar-sinais-de-violencia-em-criancas\/\">Continue a leitura <span class=\"meta-nav\">&raquo;<\/span><\/a><\/p>\n","protected":false},"author":1,"featured_media":0,"comment_status":"closed","ping_status":"open","sticky":false,"template":"","format":"standard","meta":{"_exactmetrics_skip_tracking":false,"_exactmetrics_sitenote_active":false,"_exactmetrics_sitenote_note":"","_exactmetrics_sitenote_category":0,"jetpack_post_was_ever_published":false,"_jetpack_newsletter_access":"","_jetpack_dont_email_post_to_subs":false,"_jetpack_newsletter_tier_id":0,"_jetpack_memberships_contains_paywalled_content":false,"_jetpack_memberships_contains_paid_content":false,"footnotes":"","jetpack_publicize_message":"","jetpack_publicize_feature_enabled":true,"jetpack_social_post_already_shared":true,"jetpack_social_options":{"image_generator_settings":{"template":"highway","enabled":false},"version":2}},"categories":[1],"tags":[],"class_list":["post-31531","post","type-post","status-publish","format-standard","hentry","category-notas"],"jetpack_publicize_connections":[],"jetpack_sharing_enabled":true,"jetpack_featured_media_url":"","jetpack_shortlink":"https:\/\/wp.me\/p7wKYW-8cz","jetpack-related-posts":[],"_links":{"self":[{"href":"http:\/\/blogdalucianaoliveira.com.br\/blog\/wp-json\/wp\/v2\/posts\/31531","targetHints":{"allow":["GET"]}}],"collection":[{"href":"http:\/\/blogdalucianaoliveira.com.br\/blog\/wp-json\/wp\/v2\/posts"}],"about":[{"href":"http:\/\/blogdalucianaoliveira.com.br\/blog\/wp-json\/wp\/v2\/types\/post"}],"author":[{"embeddable":true,"href":"http:\/\/blogdalucianaoliveira.com.br\/blog\/wp-json\/wp\/v2\/users\/1"}],"replies":[{"embeddable":true,"href":"http:\/\/blogdalucianaoliveira.com.br\/blog\/wp-json\/wp\/v2\/comments?post=31531"}],"version-history":[{"count":1,"href":"http:\/\/blogdalucianaoliveira.com.br\/blog\/wp-json\/wp\/v2\/posts\/31531\/revisions"}],"predecessor-version":[{"id":31532,"href":"http:\/\/blogdalucianaoliveira.com.br\/blog\/wp-json\/wp\/v2\/posts\/31531\/revisions\/31532"}],"wp:attachment":[{"href":"http:\/\/blogdalucianaoliveira.com.br\/blog\/wp-json\/wp\/v2\/media?parent=31531"}],"wp:term":[{"taxonomy":"category","embeddable":true,"href":"http:\/\/blogdalucianaoliveira.com.br\/blog\/wp-json\/wp\/v2\/categories?post=31531"},{"taxonomy":"post_tag","embeddable":true,"href":"http:\/\/blogdalucianaoliveira.com.br\/blog\/wp-json\/wp\/v2\/tags?post=31531"}],"curies":[{"name":"wp","href":"https:\/\/api.w.org\/{rel}","templated":true}]}}