{"id":31534,"date":"2021-04-10T19:19:04","date_gmt":"2021-04-10T23:19:04","guid":{"rendered":"http:\/\/blogdalucianaoliveira.com.br\/blog\/?p=31534"},"modified":"2021-04-10T19:19:08","modified_gmt":"2021-04-10T23:19:08","slug":"o-escandaloso-desequilibrio-na-distribuicao-de-vacinas-contra-a-covid-19-entre-ricos-e-pobres","status":"publish","type":"post","link":"http:\/\/blogdalucianaoliveira.com.br\/blog\/2021\/04\/10\/o-escandaloso-desequilibrio-na-distribuicao-de-vacinas-contra-a-covid-19-entre-ricos-e-pobres\/","title":{"rendered":"O \u201cescandaloso desequil\u00edbrio\u201d na distribui\u00e7\u00e3o de vacinas contra a covid-19 entre ricos e pobres"},"content":{"rendered":"\n<figure class=\"wp-block-image size-large\"><img data-recalc-dims=\"1\" loading=\"lazy\" decoding=\"async\" width=\"600\" height=\"338\" data-attachment-id=\"31535\" data-permalink=\"http:\/\/blogdalucianaoliveira.com.br\/blog\/2021\/04\/10\/o-escandaloso-desequilibrio-na-distribuicao-de-vacinas-contra-a-covid-19-entre-ricos-e-pobres\/64a1f154-3d48-4430-904b-18c179a1ed63\/\" data-orig-file=\"https:\/\/i0.wp.com\/blogdalucianaoliveira.com.br\/blog\/wp-content\/uploads\/2021\/04\/64A1F154-3D48-4430-904B-18C179A1ED63.jpeg?fit=828%2C466\" data-orig-size=\"828,466\" data-comments-opened=\"0\" data-image-meta=\"{&quot;aperture&quot;:&quot;0&quot;,&quot;credit&quot;:&quot;&quot;,&quot;camera&quot;:&quot;&quot;,&quot;caption&quot;:&quot;&quot;,&quot;created_timestamp&quot;:&quot;0&quot;,&quot;copyright&quot;:&quot;&quot;,&quot;focal_length&quot;:&quot;0&quot;,&quot;iso&quot;:&quot;0&quot;,&quot;shutter_speed&quot;:&quot;0&quot;,&quot;title&quot;:&quot;&quot;,&quot;orientation&quot;:&quot;0&quot;}\" data-image-title=\"64A1F154-3D48-4430-904B-18C179A1ED63\" data-image-description=\"\" data-image-caption=\"\" data-medium-file=\"https:\/\/i0.wp.com\/blogdalucianaoliveira.com.br\/blog\/wp-content\/uploads\/2021\/04\/64A1F154-3D48-4430-904B-18C179A1ED63.jpeg?fit=300%2C169\" data-large-file=\"https:\/\/i0.wp.com\/blogdalucianaoliveira.com.br\/blog\/wp-content\/uploads\/2021\/04\/64A1F154-3D48-4430-904B-18C179A1ED63.jpeg?fit=600%2C338\" src=\"https:\/\/i0.wp.com\/blogdalucianaoliveira.com.br\/blog\/wp-content\/uploads\/2021\/04\/64A1F154-3D48-4430-904B-18C179A1ED63.jpeg?resize=600%2C338\" alt=\"\" class=\"wp-image-31535\" srcset=\"https:\/\/i0.wp.com\/blogdalucianaoliveira.com.br\/blog\/wp-content\/uploads\/2021\/04\/64A1F154-3D48-4430-904B-18C179A1ED63.jpeg?w=828 828w, https:\/\/i0.wp.com\/blogdalucianaoliveira.com.br\/blog\/wp-content\/uploads\/2021\/04\/64A1F154-3D48-4430-904B-18C179A1ED63.jpeg?resize=300%2C169 300w, https:\/\/i0.wp.com\/blogdalucianaoliveira.com.br\/blog\/wp-content\/uploads\/2021\/04\/64A1F154-3D48-4430-904B-18C179A1ED63.jpeg?resize=768%2C432 768w, https:\/\/i0.wp.com\/blogdalucianaoliveira.com.br\/blog\/wp-content\/uploads\/2021\/04\/64A1F154-3D48-4430-904B-18C179A1ED63.jpeg?resize=533%2C300 533w\" sizes=\"auto, (max-width: 600px) 100vw, 600px\" \/><\/figure>\n\n\n\n<p>A OMS estabeleceu a meta de iniciar a imuniza\u00e7\u00e3o contra o coronav\u00edrus em 220 pa\u00edses nos primeiros 100 dias de 2021. N\u00e3o foi alcan\u00e7ada e as doses prometidas \u00e0s economias mais pobres tampouco foram distribu\u00eddas pelo Covax: enquanto 87% dos vacinados s\u00e3o de pa\u00edses ricos, nos menos desenvolvidos apenas 0,2% da popula\u00e7\u00e3o foi imunizada.<\/p>\n\n\n\n<!--more-->\n\n\n\n<p>El Pa\u00eds<\/p>\n\n\n\n<p>A<a rel=\"noreferrer noopener\" href=\"https:\/\/brasil.elpais.com\/noticias\/oms-organizacion-mundial-salud\/\" target=\"_blank\">\u00a0Organiza\u00e7\u00e3o Mundial da Sa\u00fade (OMS)<\/a>\u00a0tem uma lista de 220 territ\u00f3rios nos quais a vacina\u00e7\u00e3o contra a\u00a0<a rel=\"noreferrer noopener\" href=\"https:\/\/brasil.elpais.com\/noticias\/coronavirus\/a\/\" target=\"_blank\">covid-19\u00a0<\/a>j\u00e1 deveria ter sido iniciada. Pelo menos essa era a meta definida no in\u00edcio deste ano: que nos primeiros 100 dias de 2021 as doses teriam come\u00e7ado a ser administradas em todos. Neste s\u00e1bado, 10 de abril, vencer\u00e1 o prazo e a meta n\u00e3o foi atingida: em 14 pa\u00edses ainda n\u00e3o h\u00e1 o menor rastro das vacinas, como reconhece a pr\u00f3pria organiza\u00e7\u00e3o. \u201cAlguns deles n\u00e3o solicitaram vacinas, outros ainda n\u00e3o est\u00e3o prontos e outros planejam come\u00e7ar nas pr\u00f3ximas semanas ou meses\u201d, disse em uma entrevista coletiva o diretor-geral da OMS,\u00a0<a rel=\"noreferrer noopener\" href=\"https:\/\/brasil.elpais.com\/sociedade\/2021-03-30\/diretor-da-oms-pede-mais-estudos-sobre-hipotese-de-o-coronavirus-ter-escapado-de-laboratorio-em-wuhan.html\" target=\"_blank\">Tedros Adhanom Ghebreyesus.<\/a><\/p>\n\n\n\n<p>Adhanom detalhou que 194 pa\u00edses e economias j\u00e1 iniciaram a vacina\u00e7\u00e3o e outros 12 come\u00e7ar\u00e3o em breve, pois acabaram de receber as primeiras doses ou devem receb\u00ea-las nos pr\u00f3ximos dias. Mas esta n\u00e3o foi a \u00fanica falha da estrat\u00e9gia: tampouco se conseguiu atingir a\u00a0<a rel=\"noreferrer noopener\" href=\"https:\/\/brasil.elpais.com\/internacional\/2020-07-26\/quem-recebera-as-primeiras-vacinas-contra-a-covid-19.html\" target=\"_blank\">meta de distribuir 100 milh\u00f5es de doses por meio do programa Covax<\/a>, iniciativa liderada pela OMS, pelas Na\u00e7\u00f5es Unidas e pela\u00a0<a rel=\"noreferrer noopener\" href=\"https:\/\/www.gavi.org\/\" target=\"_blank\">Alian\u00e7a Global de Vacinas<\/a>(GAVI) para garantir o acesso \u00e0 vacina a pa\u00edses em desenvolvimento. O objetivo final \u00e9 entregar 2 bilh\u00f5es de doses este ano para todo o mundo, 80% delas para esses pa\u00edses com maiores dificuldades financeiras, mas nas primeiras seis semanas de envios desde que o primeiro carregamento chegou a Gana em 24 de fevereiro, s\u00f3 foram disponibilizadas 38 milh\u00f5es.\u00a0<br><\/p>\n\n\n\n<p>Dessa quantidade, mais de 37 milh\u00f5es s\u00e3o da empresa&nbsp;<a href=\"https:\/\/brasil.elpais.com\/noticias\/astra-zeneca\/\" target=\"_blank\" rel=\"noreferrer noopener\">AstraZeneca<\/a>. O atraso, segundo a OMS, se deve ao fato de que as principais empresas farmac\u00eauticas associadas ao Covax (AstraZeneca, Pfizer-BioNTech e o Instituto Serum da \u00cdndia) est\u00e3o otimizando seus processos de produ\u00e7\u00e3o na fase inicial do lan\u00e7amento.<\/p>\n\n\n\n<p>No caso do Instituto Serum, al\u00e9m disso, o atraso est\u00e1 acontecendo porque a \u00cdndia, pa\u00eds onde est\u00e1 localizada a produ\u00e7\u00e3o, enfrenta uma grave segunda onda da pandemia, o que levou as autoridades nacionais a aumentarem o ritmo de vacina\u00e7\u00e3o e isso provocou uma redu\u00e7\u00e3o da quantidade de doses destinadas \u00e0 exporta\u00e7\u00e3o.<\/p>\n\n\n\n<p>Adhanom insistiu que a vacina\u00e7\u00e3o ainda \u00e9 muito desigual no mundo, j\u00e1 que das mais de 700 milh\u00f5es de doses administradas no planeta at\u00e9 hoje, 87% foram inoculadas nos pa\u00edses mais ricos e apenas 0,2% foram para os pa\u00edses de menor renda, algo que o mais alto representante da OMS descreveu como um \u201cdesequil\u00edbrio escandaloso\u201d. \u201cNos pa\u00edses de alta renda, uma em cada quatro pessoas em m\u00e9dia j\u00e1 foi vacinada, enquanto nos pa\u00edses pobres apenas uma em cada 500 foi imunizada\u201d, denunciou.<\/p>\n\n\n\n<h3 class=\"wp-block-heading\">A amea\u00e7a de aumento da desigualdade<\/h3>\n\n\n\n<p>O especialista et\u00edope acrescentou que os acordos e doa\u00e7\u00f5es bilaterais que alguns pa\u00edses optam por fazer fora do programa Covax \u201camea\u00e7am aumentar a desigualdade na vacina\u00e7\u00e3o\u201d e alertou que a escassez de doses \u201calimenta o nacionalismo e o uso das vacinas com fins diplom\u00e1ticos\u201d.<\/p>\n\n\n\n<p>\u201cNecessitamos do apoio cont\u00ednuo de Governos e fabricantes, pois toda vez que um acordo bilateral \u00e9 feito sem passar pelo Covax, isso significa menos doses para o programa\u201d, acrescentou o diretor executivo da GAVI, Seth Berkley. O norte-americano manifestou confian\u00e7a em que os atuais problemas de abastecimento do Covax ser\u00e3o resolvidos no segundo semestre. \u201cE poderemos nos beneficiar do aumento da capacidade de produ\u00e7\u00e3o.\u201d<\/p>\n\n\n\n<p><\/p>\n\n\n\n<p><\/p>\n","protected":false},"excerpt":{"rendered":"<p>A OMS estabeleceu a meta de iniciar a imuniza\u00e7\u00e3o contra o coronav\u00edrus em 220 pa\u00edses nos primeiros 100 dias de 2021. N\u00e3o foi alcan\u00e7ada e as doses prometidas \u00e0s economias mais pobres tampouco foram distribu\u00eddas pelo Covax: enquanto 87% dos vacinados s\u00e3o de pa\u00edses ricos, nos menos desenvolvidos apenas 0,2% da popula\u00e7\u00e3o foi imunizada.<\/p>\n","protected":false},"author":1,"featured_media":0,"comment_status":"closed","ping_status":"open","sticky":false,"template":"","format":"standard","meta":{"_exactmetrics_skip_tracking":false,"_exactmetrics_sitenote_active":false,"_exactmetrics_sitenote_note":"","_exactmetrics_sitenote_category":0,"jetpack_post_was_ever_published":false,"_jetpack_newsletter_access":"","_jetpack_dont_email_post_to_subs":false,"_jetpack_newsletter_tier_id":0,"_jetpack_memberships_contains_paywalled_content":false,"_jetpack_memberships_contains_paid_content":false,"footnotes":"","jetpack_publicize_message":"","jetpack_publicize_feature_enabled":true,"jetpack_social_post_already_shared":true,"jetpack_social_options":{"image_generator_settings":{"template":"highway","enabled":false},"version":2}},"categories":[1],"tags":[],"class_list":["post-31534","post","type-post","status-publish","format-standard","hentry","category-notas"],"jetpack_publicize_connections":[],"jetpack_sharing_enabled":true,"jetpack_featured_media_url":"","jetpack_shortlink":"https:\/\/wp.me\/p7wKYW-8cC","jetpack-related-posts":[],"_links":{"self":[{"href":"http:\/\/blogdalucianaoliveira.com.br\/blog\/wp-json\/wp\/v2\/posts\/31534","targetHints":{"allow":["GET"]}}],"collection":[{"href":"http:\/\/blogdalucianaoliveira.com.br\/blog\/wp-json\/wp\/v2\/posts"}],"about":[{"href":"http:\/\/blogdalucianaoliveira.com.br\/blog\/wp-json\/wp\/v2\/types\/post"}],"author":[{"embeddable":true,"href":"http:\/\/blogdalucianaoliveira.com.br\/blog\/wp-json\/wp\/v2\/users\/1"}],"replies":[{"embeddable":true,"href":"http:\/\/blogdalucianaoliveira.com.br\/blog\/wp-json\/wp\/v2\/comments?post=31534"}],"version-history":[{"count":1,"href":"http:\/\/blogdalucianaoliveira.com.br\/blog\/wp-json\/wp\/v2\/posts\/31534\/revisions"}],"predecessor-version":[{"id":31536,"href":"http:\/\/blogdalucianaoliveira.com.br\/blog\/wp-json\/wp\/v2\/posts\/31534\/revisions\/31536"}],"wp:attachment":[{"href":"http:\/\/blogdalucianaoliveira.com.br\/blog\/wp-json\/wp\/v2\/media?parent=31534"}],"wp:term":[{"taxonomy":"category","embeddable":true,"href":"http:\/\/blogdalucianaoliveira.com.br\/blog\/wp-json\/wp\/v2\/categories?post=31534"},{"taxonomy":"post_tag","embeddable":true,"href":"http:\/\/blogdalucianaoliveira.com.br\/blog\/wp-json\/wp\/v2\/tags?post=31534"}],"curies":[{"name":"wp","href":"https:\/\/api.w.org\/{rel}","templated":true}]}}