{"id":31537,"date":"2021-04-11T10:19:07","date_gmt":"2021-04-11T14:19:07","guid":{"rendered":"http:\/\/blogdalucianaoliveira.com.br\/blog\/?p=31537"},"modified":"2021-04-11T10:19:12","modified_gmt":"2021-04-11T14:19:12","slug":"em-marica-o-direito-de-ir-e-vir-e-real","status":"publish","type":"post","link":"http:\/\/blogdalucianaoliveira.com.br\/blog\/2021\/04\/11\/em-marica-o-direito-de-ir-e-vir-e-real\/","title":{"rendered":"EM MARIC\u00c1 O DIREITO DE IR E VIR \u00c9 REAL"},"content":{"rendered":"\n<figure class=\"wp-block-image size-large\"><img data-recalc-dims=\"1\" loading=\"lazy\" decoding=\"async\" width=\"600\" height=\"399\" data-attachment-id=\"31538\" data-permalink=\"http:\/\/blogdalucianaoliveira.com.br\/blog\/2021\/04\/11\/em-marica-o-direito-de-ir-e-vir-e-real\/ad43f2c5-d005-41c0-82ba-61aa62982fee\/\" data-orig-file=\"https:\/\/i0.wp.com\/blogdalucianaoliveira.com.br\/blog\/wp-content\/uploads\/2021\/04\/AD43F2C5-D005-41C0-82BA-61AA62982FEE.jpeg?fit=640%2C426\" data-orig-size=\"640,426\" data-comments-opened=\"0\" data-image-meta=\"{&quot;aperture&quot;:&quot;0&quot;,&quot;credit&quot;:&quot;&quot;,&quot;camera&quot;:&quot;&quot;,&quot;caption&quot;:&quot;&quot;,&quot;created_timestamp&quot;:&quot;0&quot;,&quot;copyright&quot;:&quot;&quot;,&quot;focal_length&quot;:&quot;0&quot;,&quot;iso&quot;:&quot;0&quot;,&quot;shutter_speed&quot;:&quot;0&quot;,&quot;title&quot;:&quot;&quot;,&quot;orientation&quot;:&quot;0&quot;}\" data-image-title=\"AD43F2C5-D005-41C0-82BA-61AA62982FEE\" data-image-description=\"\" data-image-caption=\"\" data-medium-file=\"https:\/\/i0.wp.com\/blogdalucianaoliveira.com.br\/blog\/wp-content\/uploads\/2021\/04\/AD43F2C5-D005-41C0-82BA-61AA62982FEE.jpeg?fit=300%2C200\" data-large-file=\"https:\/\/i0.wp.com\/blogdalucianaoliveira.com.br\/blog\/wp-content\/uploads\/2021\/04\/AD43F2C5-D005-41C0-82BA-61AA62982FEE.jpeg?fit=600%2C399\" src=\"https:\/\/i0.wp.com\/blogdalucianaoliveira.com.br\/blog\/wp-content\/uploads\/2021\/04\/AD43F2C5-D005-41C0-82BA-61AA62982FEE.jpeg?resize=600%2C399\" alt=\"\" class=\"wp-image-31538\" srcset=\"https:\/\/i0.wp.com\/blogdalucianaoliveira.com.br\/blog\/wp-content\/uploads\/2021\/04\/AD43F2C5-D005-41C0-82BA-61AA62982FEE.jpeg?w=640 640w, https:\/\/i0.wp.com\/blogdalucianaoliveira.com.br\/blog\/wp-content\/uploads\/2021\/04\/AD43F2C5-D005-41C0-82BA-61AA62982FEE.jpeg?resize=300%2C200 300w, https:\/\/i0.wp.com\/blogdalucianaoliveira.com.br\/blog\/wp-content\/uploads\/2021\/04\/AD43F2C5-D005-41C0-82BA-61AA62982FEE.jpeg?resize=451%2C300 451w\" sizes=\"auto, (max-width: 600px) 100vw, 600px\" \/><\/figure>\n\n\n\n<p><strong>Por Zola Xavier<\/strong> &#8211; Durante o seu primeiro mandato de prefeito em Maric\u00e1, em 2009, Washington Quaqu\u00e1\u00a0 implantou os \u00f4nibus Tarifa Zero, os chamados &#8220;Vermelhinhos&#8221;, administrados pela Empresa P\u00fablica de Transporte \u2013 EPT, o que n\u00e3o foi nenhuma surpresa para quem acompanha a pol\u00edtica local, pois desde as primeiras disputas eleitorais, ainda em 1996, que os transportes p\u00fablicos foram uma de suas\u00a0 principais prioridades. Dessa maneira, Quaqu\u00e1 trilhou na contram\u00e3o da pol\u00edtica neoliberal privatista e excludente, pondo\u00a0 em pr\u00e1tica um dos pilares da vertente do pensamento socialista, o direito ao transporte p\u00fablico, quebrando um tabu para os incr\u00e9dulos e mostrando para o resto do pa\u00eds que o sonho n\u00e3o acabou.\u00a0<\/p>\n\n\n\n<!--more-->\n\n\n\n<figure class=\"wp-block-image\"><a href=\"https:\/\/i0.wp.com\/1.bp.blogspot.com\/--y3qx2Cl1Ns\/YEuSEjOgV3I\/AAAAAAAAAi8\/h6OMVMsf78o-uyixPK4KiFbhZqGh7onSwCLcBGAsYHQ\/s2048\/IMG_1431.JPG?ssl=1\"><img data-recalc-dims=\"1\" decoding=\"async\" src=\"https:\/\/i0.wp.com\/1.bp.blogspot.com\/--y3qx2Cl1Ns\/YEuSEjOgV3I\/AAAAAAAAAi8\/h6OMVMsf78o-uyixPK4KiFbhZqGh7onSwCLcBGAsYHQ\/w640-h426\/IMG_1431.JPG?w=600&#038;ssl=1\" alt=\"\"\/><\/a><\/figure>\n\n\n\n<p><strong>&nbsp; &nbsp; &nbsp; &nbsp; &nbsp; &nbsp; &nbsp; &nbsp; &nbsp; &nbsp; &nbsp; &nbsp;A frota do \u00f4nibus vermelhinhos chegando \u00e0 Maric\u00e1 &#8211; 2013&nbsp; &#8211;&nbsp;&nbsp;foto: Zola Xavier<\/strong><\/p>\n\n\n\n<p>Mas n\u00e3o foi f\u00e1cil, pois foram v\u00e1rias as tentativas por parte&nbsp;do Setrerj, sindicato que representa as empresas privadas de \u00f4nibus no estado do Rio de Janeiro, para&nbsp;inviabilizar esse benef\u00edcio que hoje toda a popula\u00e7\u00e3o de Maric\u00e1 usufrui, \u00f4nibus Tarifa Zero para todos os recantos do munic\u00edpio.<\/p>\n\n\n\n<figure class=\"wp-block-image\"><a href=\"https:\/\/i0.wp.com\/1.bp.blogspot.com\/-yj6c29E5uyk\/YEuq8z4aWOI\/AAAAAAAAAjU\/BFV75XK81EofKqPD9AZacpHks3Tbu5vKgCLcBGAsYHQ\/s720\/%2525C3%252594NIBUS%252BTARIFA%252BZERO%252B-%252BMARIC%2525C3%252581%252B%252BDEZ.%252B2014.jpg?ssl=1\"><img data-recalc-dims=\"1\" decoding=\"async\" src=\"https:\/\/i0.wp.com\/1.bp.blogspot.com\/-yj6c29E5uyk\/YEuq8z4aWOI\/AAAAAAAAAjU\/BFV75XK81EofKqPD9AZacpHks3Tbu5vKgCLcBGAsYHQ\/w640-h480\/%2525C3%252594NIBUS%252BTARIFA%252BZERO%252B-%252BMARIC%2525C3%252581%252B%252BDEZ.%252B2014.jpg?w=600&#038;ssl=1\" alt=\"\"\/><\/a><\/figure>\n\n\n\n<p><strong>&nbsp; &nbsp; &nbsp; &nbsp; &nbsp;Da esquerda para a direita: Adair, Fernanda Split, Hildeberto Hildo, Rogerinho, S\u00e9rgio&nbsp; &nbsp; &nbsp; &nbsp; &nbsp; &nbsp; &nbsp; &nbsp; &nbsp; &nbsp; &nbsp; &nbsp; &nbsp; Mesquita, Zola Xavier e Ronaldo Valentim &#8211;&nbsp; Centro de Maric\u00e1 &#8211; 2015<\/strong><br><\/p>\n\n\n\n<p>Na foto acima, em frente \u00e0 Rodovi\u00e1ria, centro de Maric\u00e1,&nbsp;&nbsp;vemos uma das manifesta\u00e7\u00f5es convocadas pelo governo municipal em defesa da manuten\u00e7\u00e3o dessa hist\u00f3rica&nbsp; conquista dos maricaenses, amea\u00e7ada pela justi\u00e7a, em a\u00e7\u00e3o movida pelo sindicato das empresas de \u00f4nibus.<\/p>\n\n\n\n<p>Agora, com a implanta\u00e7\u00e3o das \u201c Bicicletas Vermelhinhas\u201d&nbsp; a popula\u00e7\u00e3o recebe&nbsp; a &#8220;cereja do bolo&#8221;. Com uma malha ciclovi\u00e1ria de&nbsp;38,2 km,&nbsp; aumentou significativamente os benef\u00edcios para popula\u00e7\u00e3o em seus deslocamentos para o trabalho,&nbsp; mas tamb\u00e9m para o lazer, nas&nbsp; faixas destinadas aos ciclistas, ao longo de toda a orla.<\/p>\n\n\n\n<p>\u201cTivemos na \u00faltima semana a chegada dos \u2018Vermelhinhos\u2019 a toda a cidade, e hoje temos este novo modal, a bicicleta, para integrar a cidade em seu cotidiano e nos per\u00edodos de lazer. \u00c9 para ser usada nos deslocamentos a trabalho, mas tamb\u00e9m nas visitas aos pontos tur\u00edsticos e \u00e1reas de lazer. Nossa malha ciclovi\u00e1ria tem sido expandida e \u00e9 fundamental demarcar a import\u00e2ncia desse meio de transporte, que dialoga com h\u00e1bitos de vida mais saud\u00e1veis e com a sustentabilidade\u201d, declarou o prefeito Fabiano Horta. (site da Prefeitura de Maric\u00e1)&nbsp;<\/p>\n\n\n\n<p>&nbsp;Para o presidente da EPT, Celso Haddad,&nbsp;\u201cA chegada das bicicletas \u00e9 um marco para a cidade, para o governo e para a EPT, ao trazer um novo modal de transporte, que vai se integrar \u00e0s linhas de \u00f4nibus \u2018Vermelhinhos\u2019 e \u00e9, obviamente, mais sustent\u00e1vel\u201d, celebrou ele, acrescentando que o projeto vai se expandir rapidamente, acompanhando os investimentos na amplia\u00e7\u00e3o da malha ciclovi\u00e1ria de Maric\u00e1. E concluiu,&nbsp;\u201cVamos aos poucos chegar a todo o munic\u00edpio, e al\u00e9m disso tamb\u00e9m j\u00e1 estamos providenciando bicicletas infantis e para pessoas com defici\u00eancia, tudo para levar essa nova op\u00e7\u00e3o de mobilidade ao maior n\u00famero de moradores poss\u00edvel\u201d. (Site da Prefeitura de Maric\u00e1)&nbsp;<\/p>\n\n\n\n<figure class=\"wp-block-image\"><a href=\"https:\/\/i0.wp.com\/1.bp.blogspot.com\/-3v8Vx5ZJf9A\/YE-yXfb0lDI\/AAAAAAAAAjk\/p8m-w6rY2osiQFJSme1P9nXzSP4JC9nPgCLcBGAsYHQ\/s2048\/CAROLINA%252BII.jpg?ssl=1\"><img data-recalc-dims=\"1\" decoding=\"async\" src=\"https:\/\/i0.wp.com\/1.bp.blogspot.com\/-3v8Vx5ZJf9A\/YE-yXfb0lDI\/AAAAAAAAAjk\/p8m-w6rY2osiQFJSme1P9nXzSP4JC9nPgCLcBGAsYHQ\/w480-h640\/CAROLINA%252BII.jpg?w=600&#038;ssl=1\" alt=\"\"\/><\/a><\/figure>\n\n\n\n<p>&nbsp; &nbsp; &nbsp; &nbsp; &nbsp; &nbsp; &nbsp; &nbsp; &nbsp; &nbsp; &nbsp; &nbsp;<strong>Carolina Gismont na Esta\u00e7\u00e3o da Rodovi\u00e1ria&nbsp; &#8211;&nbsp;foto: Zola Xavier<\/strong><\/p>\n\n\n\n<p>Para a visitante Carolina Gismont, moradora da cidade do Rio de Janeiro, a iniciativa da prefeitura de Maric\u00e1 foi uma boa, &#8220;l\u00e1 no Rio tamb\u00e9m tem as bicicletas, mas s\u00e3o pagas e aqui s\u00e3o gratuitas. Peguei uma bicicleta aqui&nbsp; na esta\u00e7\u00e3o da rodovi\u00e1ria, fui at\u00e9 a Barra de Maric\u00e1 e, na volta, furou um pneu, mas o \u00f4nibus Vermelhinho ia passando e me deu uma carona junto com a bicicleta&#8221;, disse Carolina.<\/p>\n\n\n\n<p>O direito de ir e vir \u00e9 assegurado na Constitui\u00e7\u00e3o Federal, em seu art. 5\u00ba,&nbsp; por\u00e9m, na pr\u00e1tica torna-se &#8220;letra morta&#8221; uma vez que o cidad\u00e3o precisar\u00e1 de recursos pr\u00f3prios para o seu deslocamento. Em Maric\u00e1, esse direito \u00e9 assegurado com os \u00f4nibus Tarifa Zero e agora com as Bicicletas Vermelhinhas.<br><strong>&nbsp; &nbsp; &nbsp; &nbsp; &nbsp;&nbsp;<\/strong><strong>SERVI\u00c7OS:&nbsp; &nbsp; &nbsp; &nbsp; &nbsp; &nbsp; &nbsp; &nbsp; &nbsp; &nbsp; &nbsp; &nbsp; &nbsp;&nbsp;<\/strong><\/p>\n\n\n\n<figure class=\"wp-block-image\"><a href=\"https:\/\/i0.wp.com\/1.bp.blogspot.com\/-nJTiKqOQJwc\/YE-0fRdFYYI\/AAAAAAAAAj0\/HS8m0CMeekgQPlI9yAjxSxm_AfEVLS52wCLcBGAsYHQ\/s2048\/INSTRU%2525C3%252587%2525C3%252583O%252BDE%252BCOMO%252BUSAR.jpg?ssl=1\"><img data-recalc-dims=\"1\" decoding=\"async\" src=\"https:\/\/i0.wp.com\/1.bp.blogspot.com\/-nJTiKqOQJwc\/YE-0fRdFYYI\/AAAAAAAAAj0\/HS8m0CMeekgQPlI9yAjxSxm_AfEVLS52wCLcBGAsYHQ\/w402-h640\/INSTRU%2525C3%252587%2525C3%252583O%252BDE%252BCOMO%252BUSAR.jpg?w=600&#038;ssl=1\" alt=\"\"\/><\/a><\/figure>\n\n\n\n<p><strong>Como usar as Vermelhinhas&nbsp; &#8211;&nbsp;&nbsp;foto: Zola Xavier&nbsp;<\/strong><\/p>\n\n\n\n<figure class=\"wp-block-image\"><a href=\"https:\/\/i0.wp.com\/1.bp.blogspot.com\/-IdZkhRNnxqs\/YEuw6o6GmQI\/AAAAAAAAAjc\/_nzK5zCsZGU2mC_QDESItDHGSR2jsMf_ACLcBGAsYHQ\/s2048\/20210312_094829.jpg?ssl=1\"><img data-recalc-dims=\"1\" decoding=\"async\" src=\"https:\/\/i0.wp.com\/1.bp.blogspot.com\/-IdZkhRNnxqs\/YEuw6o6GmQI\/AAAAAAAAAjc\/_nzK5zCsZGU2mC_QDESItDHGSR2jsMf_ACLcBGAsYHQ\/w640-h469\/20210312_094829.jpg?w=600&#038;ssl=1\" alt=\"\"\/><\/a><\/figure>\n\n\n\n<p>&nbsp; &nbsp; &nbsp; &nbsp; &nbsp; &nbsp; &nbsp; &nbsp; &nbsp; &nbsp; &nbsp; &nbsp; &nbsp; &nbsp; &nbsp; &nbsp; &nbsp; &nbsp; &nbsp; &nbsp; &nbsp; &nbsp; &nbsp; &nbsp; &nbsp; &nbsp; &nbsp;&nbsp; &nbsp; &nbsp; &nbsp; &nbsp; &nbsp; &nbsp; &nbsp; &nbsp; &nbsp; &nbsp; &nbsp; &nbsp; &nbsp; &nbsp;&nbsp;<strong>Esta\u00e7\u00e3o das Vermelhinhas na&nbsp; Rodovi\u00e1ria &#8211;&nbsp;foto: Zola Xavier<\/strong><\/p>\n","protected":false},"excerpt":{"rendered":"<p>Por Zola Xavier &#8211; Durante o seu primeiro mandato de prefeito em Maric\u00e1, em 2009, Washington Quaqu\u00e1\u00a0 implantou os \u00f4nibus Tarifa Zero, os chamados &#8220;Vermelhinhos&#8221;, administrados pela Empresa P\u00fablica de Transporte \u2013 EPT, o que n\u00e3o foi nenhuma surpresa para quem acompanha a pol\u00edtica local, pois desde as primeiras disputas eleitorais, ainda em 1996, que&#8230;<a class=\"more-link\" href=\"http:\/\/blogdalucianaoliveira.com.br\/blog\/2021\/04\/11\/em-marica-o-direito-de-ir-e-vir-e-real\/\">Continue a leitura <span class=\"meta-nav\">&raquo;<\/span><\/a><\/p>\n","protected":false},"author":1,"featured_media":0,"comment_status":"closed","ping_status":"open","sticky":false,"template":"","format":"standard","meta":{"_exactmetrics_skip_tracking":false,"_exactmetrics_sitenote_active":false,"_exactmetrics_sitenote_note":"","_exactmetrics_sitenote_category":0,"jetpack_post_was_ever_published":false,"_jetpack_newsletter_access":"","_jetpack_dont_email_post_to_subs":false,"_jetpack_newsletter_tier_id":0,"_jetpack_memberships_contains_paywalled_content":false,"_jetpack_memberships_contains_paid_content":false,"footnotes":"","jetpack_publicize_message":"","jetpack_publicize_feature_enabled":true,"jetpack_social_post_already_shared":true,"jetpack_social_options":{"image_generator_settings":{"template":"highway","enabled":false},"version":2}},"categories":[1],"tags":[],"class_list":["post-31537","post","type-post","status-publish","format-standard","hentry","category-notas"],"jetpack_publicize_connections":[],"jetpack_sharing_enabled":true,"jetpack_featured_media_url":"","jetpack_shortlink":"https:\/\/wp.me\/p7wKYW-8cF","jetpack-related-posts":[],"_links":{"self":[{"href":"http:\/\/blogdalucianaoliveira.com.br\/blog\/wp-json\/wp\/v2\/posts\/31537","targetHints":{"allow":["GET"]}}],"collection":[{"href":"http:\/\/blogdalucianaoliveira.com.br\/blog\/wp-json\/wp\/v2\/posts"}],"about":[{"href":"http:\/\/blogdalucianaoliveira.com.br\/blog\/wp-json\/wp\/v2\/types\/post"}],"author":[{"embeddable":true,"href":"http:\/\/blogdalucianaoliveira.com.br\/blog\/wp-json\/wp\/v2\/users\/1"}],"replies":[{"embeddable":true,"href":"http:\/\/blogdalucianaoliveira.com.br\/blog\/wp-json\/wp\/v2\/comments?post=31537"}],"version-history":[{"count":1,"href":"http:\/\/blogdalucianaoliveira.com.br\/blog\/wp-json\/wp\/v2\/posts\/31537\/revisions"}],"predecessor-version":[{"id":31539,"href":"http:\/\/blogdalucianaoliveira.com.br\/blog\/wp-json\/wp\/v2\/posts\/31537\/revisions\/31539"}],"wp:attachment":[{"href":"http:\/\/blogdalucianaoliveira.com.br\/blog\/wp-json\/wp\/v2\/media?parent=31537"}],"wp:term":[{"taxonomy":"category","embeddable":true,"href":"http:\/\/blogdalucianaoliveira.com.br\/blog\/wp-json\/wp\/v2\/categories?post=31537"},{"taxonomy":"post_tag","embeddable":true,"href":"http:\/\/blogdalucianaoliveira.com.br\/blog\/wp-json\/wp\/v2\/tags?post=31537"}],"curies":[{"name":"wp","href":"https:\/\/api.w.org\/{rel}","templated":true}]}}