{"id":31540,"date":"2021-04-11T17:04:40","date_gmt":"2021-04-11T21:04:40","guid":{"rendered":"http:\/\/blogdalucianaoliveira.com.br\/blog\/?p=31540"},"modified":"2021-04-11T17:04:46","modified_gmt":"2021-04-11T21:04:46","slug":"diagnosticando-o-medico-bolsonarista","status":"publish","type":"post","link":"http:\/\/blogdalucianaoliveira.com.br\/blog\/2021\/04\/11\/diagnosticando-o-medico-bolsonarista\/","title":{"rendered":"Diagnosticando o \u201cm\u00e9dico bolsonarista\u201d"},"content":{"rendered":"\n<figure class=\"wp-block-image size-large\"><img data-recalc-dims=\"1\" loading=\"lazy\" decoding=\"async\" width=\"600\" height=\"338\" data-attachment-id=\"31541\" data-permalink=\"http:\/\/blogdalucianaoliveira.com.br\/blog\/2021\/04\/11\/diagnosticando-o-medico-bolsonarista\/8c1e0e7c-c38b-4352-992a-72c50ef91c6b\/\" data-orig-file=\"https:\/\/i0.wp.com\/blogdalucianaoliveira.com.br\/blog\/wp-content\/uploads\/2021\/04\/8C1E0E7C-C38B-4352-992A-72C50EF91C6B.jpeg?fit=800%2C451\" data-orig-size=\"800,451\" data-comments-opened=\"0\" data-image-meta=\"{&quot;aperture&quot;:&quot;0&quot;,&quot;credit&quot;:&quot;&quot;,&quot;camera&quot;:&quot;&quot;,&quot;caption&quot;:&quot;&quot;,&quot;created_timestamp&quot;:&quot;0&quot;,&quot;copyright&quot;:&quot;&quot;,&quot;focal_length&quot;:&quot;0&quot;,&quot;iso&quot;:&quot;0&quot;,&quot;shutter_speed&quot;:&quot;0&quot;,&quot;title&quot;:&quot;&quot;,&quot;orientation&quot;:&quot;1&quot;}\" data-image-title=\"8C1E0E7C-C38B-4352-992A-72C50EF91C6B\" data-image-description=\"\" data-image-caption=\"\" data-medium-file=\"https:\/\/i0.wp.com\/blogdalucianaoliveira.com.br\/blog\/wp-content\/uploads\/2021\/04\/8C1E0E7C-C38B-4352-992A-72C50EF91C6B.jpeg?fit=300%2C169\" data-large-file=\"https:\/\/i0.wp.com\/blogdalucianaoliveira.com.br\/blog\/wp-content\/uploads\/2021\/04\/8C1E0E7C-C38B-4352-992A-72C50EF91C6B.jpeg?fit=600%2C338\" src=\"https:\/\/i0.wp.com\/blogdalucianaoliveira.com.br\/blog\/wp-content\/uploads\/2021\/04\/8C1E0E7C-C38B-4352-992A-72C50EF91C6B.jpeg?resize=600%2C338\" alt=\"\" class=\"wp-image-31541\" srcset=\"https:\/\/i0.wp.com\/blogdalucianaoliveira.com.br\/blog\/wp-content\/uploads\/2021\/04\/8C1E0E7C-C38B-4352-992A-72C50EF91C6B.jpeg?w=800 800w, https:\/\/i0.wp.com\/blogdalucianaoliveira.com.br\/blog\/wp-content\/uploads\/2021\/04\/8C1E0E7C-C38B-4352-992A-72C50EF91C6B.jpeg?resize=300%2C169 300w, https:\/\/i0.wp.com\/blogdalucianaoliveira.com.br\/blog\/wp-content\/uploads\/2021\/04\/8C1E0E7C-C38B-4352-992A-72C50EF91C6B.jpeg?resize=768%2C433 768w, https:\/\/i0.wp.com\/blogdalucianaoliveira.com.br\/blog\/wp-content\/uploads\/2021\/04\/8C1E0E7C-C38B-4352-992A-72C50EF91C6B.jpeg?resize=532%2C300 532w\" sizes=\"auto, (max-width: 600px) 100vw, 600px\" \/><\/figure>\n\n\n\n<p><strong>Revista Cult<\/strong> &#8211; Dos tipos pol\u00edticos mais extravagantes encontrados no fundo desse abismo em que nos encontramos, o \u201cm\u00e9dico bolsonarista\u201d \u00e9 um dos mais intrigantes. <br><\/p>\n\n\n\n<!--more-->\n\n\n\n<p>O enigma come\u00e7a com as duas palavras que o designam: ele \u00e9 m\u00e9dico por substantivo, quer dizer que exerce um of\u00edcio considerado nobre em qualquer sociedade, que consiste em curar e salvar vidas; mas \u00e9 tamb\u00e9m bolsonarista, por adjetivo, portanto filiado a uma atitude pol\u00edtica que, como sobejamente demonstrado a este ponto da nossa odisseia pand\u00eamica, coloca a identidade tribal e o fanatismo em um lugar infinitamente superior ao apre\u00e7o por vidas humanas e \u00e0 miss\u00e3o de cuidar e curar. A tens\u00e3o entre o substantivo e o adjetivo parece indicar um paradoxo. Na verdade, trata-se de um oximoro, como em \u201cclaro enigma\u201d, \u201csom do sil\u00eancio\u201d ou \u201cinstante eterno\u201d. Tamb\u00e9m neste caso, o adjetivo devora, anula ou contradiz o substantivo. O \u201cm\u00e9dico bolsonarista\u201d \u00e9, portanto, uma contradi\u00e7\u00e3o ambulante, que s\u00f3 a singularidade da fauna dos abismos poderia comportar.<\/p>\n\n\n\n<p>N\u00e3o se enganem supondo a superioridade do substantivo sobre o adjetivo. O \u201cm\u00e9dico bolsonarista\u201d n\u00e3o \u00e9 um m\u00e9dico que tamb\u00e9m \u00e9 bolsonarista, mas um bolsonarista que ganha a vida exercendo a medicina. O&nbsp;<a href=\"http:\/\/revistacult.uol.com.br\/home\/o-bolsonarismo-e-o-admiravel-mundo-novo-depois-do-fim-da-corrupcao\/\">bolsonarismo<\/a>&nbsp;\u00e9 que o define, posto que a ele se subordina tudo o mais o que a pessoa \u00e9, como pai, amigo, vizinho e, naturalmente, profissional da \u00e1rea de sa\u00fade. N\u00e3o ter\u00e1 escr\u00fapulos de usar, por exemplo, o prest\u00edgio, a distin\u00e7\u00e3o e a autoridade que a sociedade lhe concede por ser m\u00e9dico para fazer propaganda para a sua fac\u00e7\u00e3o pol\u00edtica mesmo em mat\u00e9rias e posi\u00e7\u00f5es que violem francamente o seu juramento e ponham em risco a sa\u00fade dos seus pacientes, pois ele \u00e9 primeiro um mission\u00e1rio de uma cren\u00e7a e o soldado de uma causa. A medicina vem depois disso, para ser usada como argumento de autoridade e facilitar a inocula\u00e7\u00e3o desta subesp\u00e9cie de bolsonarismo que surgiu na pandemia, o bolsonarismo cl\u00ednico.&nbsp;<\/p>\n\n\n\n<p>Chegou-se ao ponto que as m\u00eddias sociais est\u00e3o cheias de exemplos de m\u00e9dicos autoconcedendo-se um upgrade ao status de cientista, mas n\u00e3o para ajudar as pessoas e as autoridades neste momento em que mais se precisaria deles, e sim para neutralizar o que prescreve e recomendam as autoridades de sa\u00fade mundo afora e para desqualificar os poucos consensos que a comunidade cient\u00edfica internacional tem conseguido sobre os modos corretos de se enfrentar o v\u00edrus. Ele n\u00e3o descobre nem cria conhecimento, ele os sabota, exorbitando da sua autoridade.&nbsp;<\/p>\n\n\n\n<p>M\u00e9dicos n\u00e3o s\u00e3o cientistas, s\u00e3o graduados e, eventualmente, p\u00f3s-graduados em medicina, e n\u00e3o pesquisadores com anos de laborat\u00f3rio, publica\u00e7\u00f5es cient\u00edficas e um t\u00edtulo de PhD para in\u00edcio de conversa. O \u201cm\u00e9dico bolsonarista\u201d, contudo, n\u00e3o reconhece a distin\u00e7\u00e3o e pontifica em v\u00eddeos no WhatsApp, no Instagram ou no YouTube \u201cdesmascarando\u201d a ci\u00eancia e \u201crevelando\u201d a verdade sobre a&nbsp;<a href=\"http:\/\/www.revistacult.com.br\/home\/tag\/coronavirus\">Covid-19<\/a>&nbsp;que, por coincid\u00eancia, \u00e9 a mesma do bolsonarismo e dos negacionistas e e dos militantes antivacinas pelo mundo. Baseados em qu\u00ea? Em ci\u00eancia n\u00e3o \u00e9, porque o campo cient\u00edfico da sa\u00fade, nos dias que correm, publica diariamente centenas de estudos cl\u00ednicos sobre Covid-19, que o profissional m\u00e9dico que est\u00e1 atendendo n\u00e3o tem a m\u00ednima condi\u00e7\u00e3o de revisar. Mas o \u201cm\u00e9dico bolsonarista\u201d n\u00e3o se baseia na ponta de lan\u00e7a da ci\u00eancia nem nas deontologias b\u00e1sicas da sua \u00e1rea, e sim nos embustes tribais da extrema-direita sobre o comunismo e o globalismo, mas, tamb\u00e9m, sobre epidemiologia, virologia e farmacologia e medicina.&nbsp;&nbsp;<\/p>\n\n\n\n<p>M\u00e9dicos n\u00e3o s\u00e3o cidad\u00e3os e, portanto, n\u00e3o podem ter sua pr\u00f3pria ideologia pol\u00edtica? Bem, para come\u00e7ar, \u00e9 certamente superestimar o est\u00e1gio atual do bolsonarismo consider\u00e1-lo uma ideologia. Seria supor algum sistema, um conjunto de valores coerentes, uma vis\u00e3o de mundo e de pa\u00eds. Como ouvi esta semana do embaixador Marcos Azambuja, pensar o bolsonarismo como ideologia \u00e9 tentar encontrar algum m\u00e9todo nessa loucura.&nbsp;<a href=\"http:\/\/revistacult.uol.com.br\/home\/por-que-quem-e-bolsonarista-precisa-ser-contra-vacina\/\">A posi\u00e7\u00e3o antivacina<\/a>, a insist\u00eancia em pseudomedicamentos, a nega\u00e7\u00e3o e minimiza\u00e7\u00e3o da doen\u00e7a tem qualquer coisa a ver com ser de esquerda ou direita, conservador ou liberal? Nada. N\u00e3o h\u00e1 um por qu\u00ea nem para qu\u00ea nesse comportamento e nessa convic\u00e7\u00e3o, como \u00e9 claro neste momento para qualquer pessoa l\u00facida. N\u00e3o se trata, portanto, de ideologia, de uma perspectiva minimamente coerente, mas de uma atitude e de umas concep\u00e7\u00f5es avulsas e avessas \u00e0 racionalidade que,&nbsp;<em>per se<\/em>, s\u00e3o claramente incompat\u00edveis com a vis\u00e3o de mundo da pr\u00f3pria medicina.&nbsp;<\/p>\n\n\n\n<p>Al\u00e9m disso, embora muitos m\u00e9dicos tenham se recuperado da patologia bolsonarista com o choque de realidade que tomaram com a pandemia, ainda h\u00e1 mais m\u00e9dicos no bolsonarismo do que qualquer outra classe profissional, exceto talvez policiais, milicianos e profissionais da \u00e1rea de seguran\u00e7a em geral. O que \u00e9 de causar perplexidade, pois os m\u00e9dicos e os profissionais da \u00e1rea de sa\u00fade est\u00e3o dentre os que pagaram o pre\u00e7o mais alto em vida e sacrif\u00edcios pessoais pela pandemia que nos assola h\u00e1 um ano. E s\u00e3o estes mesmo m\u00e9dicos os que sabem por experi\u00eancia pessoal, nos plant\u00f5es excruciantes, na experi\u00eancia da morte e da doen\u00e7a do pessoal da linha de frente bem como de seus colegas e amigos, o quanto a mais completa falta de atua\u00e7\u00e3o produtiva do governo levou a este mortic\u00ednio. Por que insistem em ficar do lado da peste em vez de lutar contra ela?&nbsp;<\/p>\n\n\n\n<h3 class=\"wp-block-heading\">Infelizmente, o bolsonarismo<br>n\u00e3o infectou a classe m\u00e9dica<br>com tal intensidade e<br>velocidade por acaso.<br>Lastimavelmente, h\u00e1 uma<br>cultura da classe m\u00e9dica<br>brasileira \u2013 quer dizer, um<br>conjunto de significados,<br>mentalidades e valores<br>compartilhados coletivamente<br>\u2013 que \u00e9 majoritariamente<br>conservadora e elitista.<\/h3>\n\n\n\n<p>E n\u00e3o me venham com corporativismos, pois disso sabem muito melhor que eu os m\u00e9dicos e profissionais de sa\u00fade que, por sorte, s\u00e3o dissidentes e reativos a esses valores dominantes. Foi esse elemento conservador e elitista do DNA da classe m\u00e9dica que serviu como porta de entrada do v\u00edrus do bolsonarismo no organismo da corpora\u00e7\u00e3o e dos seus profissionais. E \u00e9 o que tanto dificulta a recupera\u00e7\u00e3o dos pacientes.<\/p>\n\n\n\n<p>A hist\u00f3ria da simbiose entre m\u00e9dicos e a extrema-direita pode ser registrada em v\u00e1rios momentos dos oitos anos que nos trouxeram ao abismo. Assim, em 2013, vimos o m\u00e9dico protobolsonarista assediando m\u00e9dicos cubanos nos aeroportos, enquanto, em 2015, assistimos ao m\u00e9dico antipetista em manifesta\u00e7\u00f5es, com seus jalecos brancos, gritando \u201cDilma Vaca\u201d e denunciando a infiltra\u00e7\u00e3o comunista por meio do&nbsp;<a href=\"http:\/\/revistacult.uol.com.br\/home\/o-bolsonarismo-e-os-medicos-cubanos\/\">Programa Mais M\u00e9dicos<\/a>. Em 2018, fomos finalmente apresentados ao m\u00e9dico bolsonarista declarando n\u00e3o atender filhos de petistas, desejando malignamente que petistas importantes viessem parar no seu plant\u00e3o, e compartilhando&nbsp;<em>fake news<\/em>&nbsp;(\u201cat\u00e9 cair o dedo\u201d) sobre kit gay, a grana de Lulinha e o perigo comunista em seus grupos de WhatsApp. Sim, as nossas pesquisas constataram que os grupos de m\u00e9dicos s\u00e3o das mais importantes correias de transmiss\u00e3o de fake news bolsonaristas no Brasil.&nbsp;<\/p>\n\n\n\n<p>Durante todo o ano de 2020 vimos o m\u00e9dico bolsonarista, sob o olhar silente ou c\u00famplice do Conselho Federal de Medicina, sabotando as medidas da OMS, promovendo e prescrevendo falsos medicamentos, negando a pandemia e minimizando as mortes dela decorrentes. Muitos o fazem at\u00e9 hoje. N\u00e3o temos mais, em 2021, contudo, o benef\u00edcio da ignor\u00e2ncia com respeito a de que lado est\u00e1 o bolsonarismo no mortic\u00ednio a que assistimos, estarrecidos, todos os dias.&nbsp;<\/p>\n\n\n\n<p>Os m\u00e9dicos e outros agentes da \u00e1rea de sa\u00fade n\u00e3o podem mais honestamente alegar desconhecimento ou d\u00favida. Os doutores que continuam desafiando a OMS e o senso comum mundial&nbsp;<a href=\"http:\/\/revistacult.uol.com.br\/home\/tratamento-precoce-e-a-arte-da-propaganda\/\">prescrevendo ivermectina e cloroquina<\/a>como se tivesse cabimento fazer de uma prescri\u00e7\u00e3o a um paciente enfermo um&nbsp;<em>statement&nbsp;<\/em>pol\u00edtico, os doutores que gravam e postam v\u00eddeos de WhatsApp negando a letalidade da pandemia ou atacando o isolamento social e o lockdown, esses doutores j\u00e1 n\u00e3o s\u00e3o mais apenas um constrangimento moral, como os que insultaram cubanos ou gritavam palavras de baixo cal\u00e3o contra a ex-presidente. S\u00e3o a nega\u00e7\u00e3o de tudo o que a medicina deve ser para as pessoas. Quando estamos morrendo \u00e0 raz\u00e3o de mais de 4 mil brasileiros por dia, a quem recorreremos se o m\u00e9dico que nos atender pode estar mais interessado em defender sua fac\u00e7\u00e3o pol\u00edtica e suas cren\u00e7as tribais do que em nos tratar?&nbsp;<\/p>\n\n\n\n<p>O bolsonarismo na classe m\u00e9dica, al\u00e9m de uma patologia moral, virou uma doen\u00e7a intelectual e uma mol\u00e9stia profissional que leva o acometido a sacrificar tudo \u2013 toda e cada uma das cren\u00e7as da medicina e do seu sublime contrato com a humanidade \u2013 no altar do seu fanatismo ideol\u00f3gico. Hoje, depois de tudo o que sabemos sobre a doen\u00e7a e a sua letalidade, quando os erros cometidos s\u00e3o cristalinos e ningu\u00e9m pode alegar ignor\u00e2ncia ou inoc\u00eancia, o \u201cm\u00e9dico bolsonarista\u201d, essa triste entidade, \u00e9 basicamente um colaboracionista, um d\u00f3cil e empenhado soldadinho de jaleco branco do bolsonarismo e da sua Solu\u00e7\u00e3o Final.&nbsp;&nbsp;<\/p>\n\n\n\n<p><strong>Wilson Gomes&nbsp;<\/strong>\u00e9 doutor em Filosofia, professor titular da Faculdade de Comunica\u00e7\u00e3o da UFBA e autor de&nbsp;<em>A democracia no mundo digital: hist\u00f3ria, problemas e temas<\/em>&nbsp;(Edi\u00e7\u00f5es Sesc SP)<\/p>\n","protected":false},"excerpt":{"rendered":"<p>Revista Cult &#8211; Dos tipos pol\u00edticos mais extravagantes encontrados no fundo desse abismo em que nos encontramos, o \u201cm\u00e9dico bolsonarista\u201d \u00e9 um dos mais intrigantes.<\/p>\n","protected":false},"author":1,"featured_media":0,"comment_status":"closed","ping_status":"open","sticky":false,"template":"","format":"standard","meta":{"_exactmetrics_skip_tracking":false,"_exactmetrics_sitenote_active":false,"_exactmetrics_sitenote_note":"","_exactmetrics_sitenote_category":0,"jetpack_post_was_ever_published":false,"_jetpack_newsletter_access":"","_jetpack_dont_email_post_to_subs":false,"_jetpack_newsletter_tier_id":0,"_jetpack_memberships_contains_paywalled_content":false,"_jetpack_memberships_contains_paid_content":false,"footnotes":"","jetpack_publicize_message":"","jetpack_publicize_feature_enabled":true,"jetpack_social_post_already_shared":true,"jetpack_social_options":{"image_generator_settings":{"template":"highway","enabled":false},"version":2}},"categories":[1],"tags":[],"class_list":["post-31540","post","type-post","status-publish","format-standard","hentry","category-notas"],"jetpack_publicize_connections":[],"jetpack_sharing_enabled":true,"jetpack_featured_media_url":"","jetpack_shortlink":"https:\/\/wp.me\/p7wKYW-8cI","jetpack-related-posts":[],"_links":{"self":[{"href":"http:\/\/blogdalucianaoliveira.com.br\/blog\/wp-json\/wp\/v2\/posts\/31540","targetHints":{"allow":["GET"]}}],"collection":[{"href":"http:\/\/blogdalucianaoliveira.com.br\/blog\/wp-json\/wp\/v2\/posts"}],"about":[{"href":"http:\/\/blogdalucianaoliveira.com.br\/blog\/wp-json\/wp\/v2\/types\/post"}],"author":[{"embeddable":true,"href":"http:\/\/blogdalucianaoliveira.com.br\/blog\/wp-json\/wp\/v2\/users\/1"}],"replies":[{"embeddable":true,"href":"http:\/\/blogdalucianaoliveira.com.br\/blog\/wp-json\/wp\/v2\/comments?post=31540"}],"version-history":[{"count":1,"href":"http:\/\/blogdalucianaoliveira.com.br\/blog\/wp-json\/wp\/v2\/posts\/31540\/revisions"}],"predecessor-version":[{"id":31542,"href":"http:\/\/blogdalucianaoliveira.com.br\/blog\/wp-json\/wp\/v2\/posts\/31540\/revisions\/31542"}],"wp:attachment":[{"href":"http:\/\/blogdalucianaoliveira.com.br\/blog\/wp-json\/wp\/v2\/media?parent=31540"}],"wp:term":[{"taxonomy":"category","embeddable":true,"href":"http:\/\/blogdalucianaoliveira.com.br\/blog\/wp-json\/wp\/v2\/categories?post=31540"},{"taxonomy":"post_tag","embeddable":true,"href":"http:\/\/blogdalucianaoliveira.com.br\/blog\/wp-json\/wp\/v2\/tags?post=31540"}],"curies":[{"name":"wp","href":"https:\/\/api.w.org\/{rel}","templated":true}]}}