{"id":31543,"date":"2021-04-12T11:32:45","date_gmt":"2021-04-12T15:32:45","guid":{"rendered":"http:\/\/blogdalucianaoliveira.com.br\/blog\/?p=31543"},"modified":"2021-04-12T11:32:51","modified_gmt":"2021-04-12T15:32:51","slug":"os-tres-gols-seguidos-em-bolsonaro-podem-prever-sua-derrota-final","status":"publish","type":"post","link":"http:\/\/blogdalucianaoliveira.com.br\/blog\/2021\/04\/12\/os-tres-gols-seguidos-em-bolsonaro-podem-prever-sua-derrota-final\/","title":{"rendered":"Os tr\u00eas gols seguidos em Bolsonaro podem prever sua derrota final"},"content":{"rendered":"\n<figure class=\"wp-block-image size-large\"><img data-recalc-dims=\"1\" loading=\"lazy\" decoding=\"async\" width=\"600\" height=\"400\" data-attachment-id=\"31544\" data-permalink=\"http:\/\/blogdalucianaoliveira.com.br\/blog\/2021\/04\/12\/os-tres-gols-seguidos-em-bolsonaro-podem-prever-sua-derrota-final\/5d8855a5-d091-44fd-b390-41f6fbb3e04f\/\" data-orig-file=\"https:\/\/i0.wp.com\/blogdalucianaoliveira.com.br\/blog\/wp-content\/uploads\/2021\/04\/5D8855A5-D091-44FD-B390-41F6FBB3E04F.jpeg?fit=828%2C552\" data-orig-size=\"828,552\" data-comments-opened=\"0\" data-image-meta=\"{&quot;aperture&quot;:&quot;0&quot;,&quot;credit&quot;:&quot;&quot;,&quot;camera&quot;:&quot;&quot;,&quot;caption&quot;:&quot;&quot;,&quot;created_timestamp&quot;:&quot;0&quot;,&quot;copyright&quot;:&quot;&quot;,&quot;focal_length&quot;:&quot;0&quot;,&quot;iso&quot;:&quot;0&quot;,&quot;shutter_speed&quot;:&quot;0&quot;,&quot;title&quot;:&quot;&quot;,&quot;orientation&quot;:&quot;0&quot;}\" data-image-title=\"5D8855A5-D091-44FD-B390-41F6FBB3E04F\" data-image-description=\"\" data-image-caption=\"\" data-medium-file=\"https:\/\/i0.wp.com\/blogdalucianaoliveira.com.br\/blog\/wp-content\/uploads\/2021\/04\/5D8855A5-D091-44FD-B390-41F6FBB3E04F.jpeg?fit=300%2C200\" data-large-file=\"https:\/\/i0.wp.com\/blogdalucianaoliveira.com.br\/blog\/wp-content\/uploads\/2021\/04\/5D8855A5-D091-44FD-B390-41F6FBB3E04F.jpeg?fit=600%2C400\" src=\"https:\/\/i0.wp.com\/blogdalucianaoliveira.com.br\/blog\/wp-content\/uploads\/2021\/04\/5D8855A5-D091-44FD-B390-41F6FBB3E04F.jpeg?resize=600%2C400\" alt=\"\" class=\"wp-image-31544\" srcset=\"https:\/\/i0.wp.com\/blogdalucianaoliveira.com.br\/blog\/wp-content\/uploads\/2021\/04\/5D8855A5-D091-44FD-B390-41F6FBB3E04F.jpeg?w=828 828w, https:\/\/i0.wp.com\/blogdalucianaoliveira.com.br\/blog\/wp-content\/uploads\/2021\/04\/5D8855A5-D091-44FD-B390-41F6FBB3E04F.jpeg?resize=300%2C200 300w, https:\/\/i0.wp.com\/blogdalucianaoliveira.com.br\/blog\/wp-content\/uploads\/2021\/04\/5D8855A5-D091-44FD-B390-41F6FBB3E04F.jpeg?resize=768%2C512 768w, https:\/\/i0.wp.com\/blogdalucianaoliveira.com.br\/blog\/wp-content\/uploads\/2021\/04\/5D8855A5-D091-44FD-B390-41F6FBB3E04F.jpeg?resize=450%2C300 450w\" sizes=\"auto, (max-width: 600px) 100vw, 600px\" \/><\/figure>\n\n\n\n<p>At\u00e9 os que continuavam apoiando-o porque o viam como o grande inimigo da esquerda come\u00e7aram a se distanciar dele principalmente ap\u00f3s a desastrosa gest\u00e3o da pandemia com seu negacionismo exasperado.<\/p>\n\n\n\n<!--more-->\n\n\n\n<p>El Pa\u00eds, por Juan Arias <\/p>\n\n\n\n<p>Os que convivem com o\u00a0<a rel=\"noreferrer noopener\" href=\"https:\/\/brasil.elpais.com\/noticias\/jair-messias-bolsonaro\/\" target=\"_blank\">presidente Jair Bolsonaro\u00a0<\/a>afirmam que nunca o viram t\u00e3o irritado como nestes dias. Talvez porque tenha sofrido tr\u00eas gols seguidos que podem prever sua derrota definitiva.<\/p>\n\n\n\n<p>At\u00e9 os que continuavam apoiando-o porque o viam como o grande inimigo da esquerda come\u00e7aram a se distanciar dele principalmente ap\u00f3s a desastrosa&nbsp;<a href=\"https:\/\/brasil.elpais.com\/noticias\/coronavirus\/a\/\" target=\"_blank\" rel=\"noreferrer noopener\">gest\u00e3o da pandemia<\/a>&nbsp;com seu negacionismo exasperado que fez com o que o<a href=\"https:\/\/brasil.elpais.com\/opiniao\/2021-01-13\/brasil-e-motivo-de-escarnio-do-mundo-com-sua-politica-desastrosa-sobre-a-vacina.html\" target=\"_blank\" rel=\"noreferrer noopener\">Brasil seja visto hoje no exterior como o maior perigo sanit\u00e1rio do mundo<\/a>.<\/p>\n\n\n\n<p>O capit\u00e3o viu de repente seu governo vazado tr\u00eas vezes. Primeiro quando o Ex\u00e9rcito fez com que ele\u00a0<a rel=\"noreferrer noopener\" href=\"https:\/\/brasil.elpais.com\/brasil\/2021-03-30\/troca-na-defesa-denuncia-crise-militar-e-marca-divisao-entre-generais-sobre-radicalismo-de-bolsonaro.html\" target=\"_blank\">soubesse com a ren\u00fancia dos tr\u00eas chefes das For\u00e7as Armadas\u00a0<\/a>que n\u00e3o est\u00e1 disposto a entrar em pol\u00edtica e deu a entender que n\u00e3o \u00e9 \u201cseu Ex\u00e9rcito\u201d como ele cacareja a cada dia.<\/p>\n\n\n\n<p>O Supremo que ele achava ter dominado marcou dois gols seguidos em Bolsonaro. Primeiro derrubando por 9 votos contra 2 sua pretens\u00e3o de que as Igrejas se mantivessem abertas ao culto apesar do agravamento da pandemia. Os magistrados se mantiveram firmes em que s\u00e3o os governadores e prefeitos que, segundo a gravidade do momento, poder\u00e3o ou n\u00e3o impedir o culto presencial nos templos.<\/p>\n\n\n\n<p><a rel=\"noreferrer noopener\" href=\"https:\/\/brasil.elpais.com\/brasil\/2021-04-09\/stf-impoe-duas-derrotas-a-bolsonaro-com-proibicao-de-cultos-e-aval-para-cpi-da-pandemia.html\" target=\"_blank\">O outro gol do Supremo foi marcado pelo juiz Barroso obrigando o Senado a dar sinal verde \u00e0 abertura de uma CPI\u00a0<\/a>para analisar as responsabilidades do Presidente e de seu Governo na gest\u00e3o da pandemia que levou o pa\u00eds \u00e0 cat\u00e1strofe que est\u00e1 sofrendo com o horror de que\u00a0<a rel=\"noreferrer noopener\" href=\"https:\/\/brasil.elpais.com\/brasil\/2021-04-09\/cidades-ja-somam-mais-mortes-que-nascimentos-em-desvio-de-curva-que-pode-avancar-em-todo-brasil.html\" target=\"_blank\">em muitas cidades os mortos j\u00e1 superam os nascimentos<\/a>. No Senado j\u00e1 existiam os votos suficientes para dar andamento \u00e0 CPI, mas o presidente da\u00a0Casa se fazia de desentendido e continuava sem abrir a comiss\u00e3o de inqu\u00e9rito sobre os poss\u00edveis crimes de Bolsonaro que zomba do que ele chamou de uma simples \u201cgripezinha\u201d. Enfurecido, o Presidente amea\u00e7ou o Supremo e o Senado em usar a \u201cbomba at\u00f4mica\u201d contra eles. Amea\u00e7a que deixa a descoberto sua fragilidade e o poder que achava ter sobre as institui\u00e7\u00f5es.<\/p>\n\n\n\n<p>Essas tr\u00eas derrotas \u00e0s que \u00e9 preciso somar o fato de ter sido obrigado a&nbsp;<a href=\"https:\/\/brasil.elpais.com\/brasil\/2021-03-29\/chanceler-ernesto-araujo-comunica-sua-demissao-aos-subordinados-no-itamaraty.html\" target=\"_blank\" rel=\"noreferrer noopener\">demitir seu ministro das Rela\u00e7\u00f5es Exteriores, Ernesto Ara\u00fajo<\/a>, considerado o cora\u00e7\u00e3o ideol\u00f3gico do Governo, seguidor fiel de&nbsp;<a href=\"https:\/\/brasil.elpais.com\/brasil\/2021-03-29\/chanceler-ernesto-araujo-comunica-sua-demissao-aos-subordinados-no-itamaraty.html\" target=\"_blank\" rel=\"noreferrer noopener\">Donald Trump&nbsp;<\/a>e que estava fazendo com que o Brasil brigasse com meio mundo, indicam que as placas tect\u00f4nicas de seu poder est\u00e3o se movimentando e podem causar um terremoto pol\u00edtico.<\/p>\n\n\n\n<p>\u00c9 importante que o amante das ditaduras comece a ver seu poder se quebrar porque com seus desmandos e ataques cont\u00ednuos \u00e0 democracia est\u00e1 fazendo com que o Brasil perca as esperan\u00e7as. E j\u00e1 sabemos o que costuma acontecer quando um povo perde as esperan\u00e7as nos que o governam.<\/p>\n\n\n\n<p>De fato, com Bolsonaro o Brasil do futuro ficou muito para tr\u00e1s, o do Deus \u00e9 brasileiro, o do milagre econ\u00f4mico, o pa\u00eds desejado pelos europeus que queriam vir trabalhar aqui, o Brasil respeitado em todos os foros internacionais, o de sua invejada diplomacia exterior. Tudo isso parece de repente ter se desfeito como uma bolha de sab\u00e3o dando lugar a um pessimismo nacional.<\/p>\n\n\n\n<p>Hoje predominam as\u00a0<em>fake news<\/em>\u00a0que envenenam a sociedade e a desorientam levada pelo \u00f3dio em vez da conviv\u00eancia pac\u00edfica. Onde se esconderam envergonhadas a esperan\u00e7a e a alegria de viver? Hoje at\u00e9 a m\u00fasica popular se tornou mais violenta.<\/p>\n\n\n\n<p>De tanto falar de armas, de militares, de golpes de Estado, de genoc\u00eddios e de sentirem-se abandonados em meio \u00e0 matan\u00e7a da pandemia os brasileiros se veem a cada dia mais abandonados \u00e0 sua sorte.<\/p>\n\n\n\n<p>Enquanto os mortos se amontoam e j\u00e1 faltam cemit\u00e9rios, soam macabras as zombarias, as ironias e at\u00e9 as imita\u00e7\u00f5es grosseiras de algu\u00e9m que morre asfixiado por falta de oxig\u00eanio por parte de quem det\u00e9m o poder da na\u00e7\u00e3o e deveria mostrar solidariedade e compaix\u00e3o com tanta dor.<\/p>\n\n\n\n<p>D\u00e1 a sensa\u00e7\u00e3o de uma grande confus\u00e3o que desorienta as pessoas que j\u00e1 n\u00e3o sabem em quem confiar com as institui\u00e7\u00f5es do Estado tamb\u00e9m at\u00e9 ontem desorientadas e incapazes de se unir contra o perigo comum de quem s\u00f3 pensa em conseguir o poder absoluto para impor um sombrio golpe ditatorial.<\/p>\n\n\n\n<p>\u00c9 surpreendente ver, por exemplo,\u00a0<a rel=\"noreferrer noopener\" href=\"https:\/\/brasil.elpais.com\/economia\/2021-04-08\/na-plateia-de-bolsonaro-empresarios-sao-vistos-como-cumplices-da-politica-que-ja-matou-345000-brasileiros.html\" target=\"_blank\">os grandes empres\u00e1rios aplaudindo o candidato a ditador que arrastou o pa\u00eds a uma das maiores crises<\/a>econ\u00f4micas da hist\u00f3ria com milh\u00f5es que ou passam fome, ou est\u00e3o sem trabalho e que quase n\u00e3o conseguem viver com dignidade com o que ganham.<\/p>\n\n\n\n<p>Est\u00e3o cegas essas elites financeiras que n\u00e3o veem as l\u00e1grimas de milh\u00f5es de brasileiros que levantam todas as manh\u00e3s sem saber se poder\u00e3o dar de comer aos seus filhos? Esses empres\u00e1rios que manejam as finan\u00e7as do pa\u00eds n\u00e3o veem que o Brasil est\u00e1 desmoronando e que a cada dia se sente mais inseguro sem saber que futuro seus filhos esperam?<\/p>\n\n\n\n<p>Essas elites da pol\u00edtica e do dinheiro n\u00e3o veem que o Brasil amanhece a cada manh\u00e3 com os grandes ve\u00edculos de comunica\u00e7\u00e3o mundiais anunciando a queda e desmoraliza\u00e7\u00e3o de um pa\u00eds que deveria e poderia ser o cora\u00e7\u00e3o do continente?<\/p>\n\n\n\n<p>N\u00e3o, o Brasil n\u00e3o precisa para ser governado e para recuperar sua esperan\u00e7a hoje quebrada de mais messias e redentores, e sim de estadistas capazes de organizar o pa\u00eds em rela\u00e7\u00e3o \u00e0 sua dignidade, sem saque\u00e1-lo vergonhosamente para que eles e suas fam\u00edlias enrique\u00e7am condenando um pa\u00eds rico material e espiritualmente \u00e0 pobreza e ao desalento.<\/p>\n\n\n\n<p>A \u00fanica esperan\u00e7a \u00e9 que a sociedade procure sua unidade e o ant\u00eddoto para se defender contra os v\u00edrus pol\u00edticos mais mortais do que os da pandemia porque envenenam n\u00e3o s\u00f3 o presente, e sim tamb\u00e9m o futuro da na\u00e7\u00e3o.<\/p>\n\n\n\n<p>A palavra de ordem dos brasileiros hoje deveria ser a da resist\u00eancia aos que se divertem e lucram saqueando n\u00e3o s\u00f3 seus recursos, como suas liberdades at\u00e9 de express\u00e3o e, principalmente, a esperan\u00e7a de sair do pesadelo que os aflige mais unidos e com orgulho do que realmente representa este pa\u00eds no mundo.<\/p>\n\n\n\n<p>O que espera, por exemplo, o Congresso para dar seguimento aos aproximadamente cem pedidos de impeachment contra o Presidente por parte da sociedade? O Congresso n\u00e3o \u00e9 a voz e a express\u00e3o dos anseios da sociedade?<\/p>\n\n\n\n<p>\u00c9 desmoralizador ver essa voz da sociedade sufocada pelos interesses puramente pessoais dos que a governam. O que podem pensar os milh\u00f5es sem casa e morando em pardieiros como animais vendo um&nbsp;<a href=\"https:\/\/brasil.elpais.com\/brasil\/2021-03-03\/mansao-de-flavio-bolsonaro-em-brasilia-o-21-imovel-do-senador-em-16-anos-constrange-o-planalto.html\" target=\"_blank\" rel=\"noreferrer noopener\">senador jovem, filho do Presidente, investigado por corrup\u00e7\u00e3o, comprar uma mans\u00e3o de seis milh\u00f5es<\/a>&nbsp;no cora\u00e7\u00e3o aristocr\u00e1tico de Bras\u00edlia?<\/p>\n\n\n\n<p>Quando o poder que deveria pensar em como melhorar a vida das pessoas aparece preocupado somente em acumular privil\u00e9gios e benef\u00edcios, a democracia se quebra envergonhada e humilhada.<\/p>\n\n\n\n<p>O Brasil sofreu como trag\u00e9dia os 21 anos de ditadura militar e agora parece viver como farsa a democracia. S\u00f3 que \u00e0s vezes a farsa dos aprendizes a ditadores pode ser mais grave do que a realidade.<\/p>\n\n\n\n<p>O Brasil precisa com urg\u00eancia de verdadeiros l\u00edderes capazes de devolver a esperan\u00e7a perdida a 220 milh\u00f5es de pessoas submersas hoje no medo e na desilus\u00e3o. A hist\u00f3ria \u00e9 sempre m\u00e3e da sabedoria. O que o Brasil vive hoje pode lembrar quando h\u00e1 mais de 2.000 anos C\u00edcero, senador romano, jurista, pol\u00edtico e escritor enfrentou o conspirador Catilina que pretendia tomar o poder absoluto, com suas famosas palavras que atravessaram os s\u00e9culos: \u201cAt\u00e9 quando, Catilina, abusar\u00e1s de nossa paci\u00eancia? Por quanto tempo tua loucura zombar\u00e1 de n\u00f3s? A que extremo chegou tua aud\u00e1cia desenfreada? N\u00e3o percebeu que seus planos foram descobertos?\u201d. O conspirador Catilina acabou fugindo de Roma com suas hostes fan\u00e1ticas e derrotado.<\/p>\n\n\n\n<p>Sim, o Brasil precisa de um novo C\u00edcero capaz de repetir ao conspirador que s\u00f3 sonha em conquistar o poder absoluto zombando da Constitui\u00e7\u00e3o e da democracia: at\u00e9 quando continuar\u00e1 abusando de nossa paci\u00eancia?<\/p>\n\n\n\n<p><em><strong>Juan Arias<\/strong><\/em><em>&nbsp;\u00e9 jornalista e escritor, com obras traduzidas em mais de 15 idiomas. \u00c9 autor de livros como Madalena, Jesus esse Grande Desconhecido, Jos\u00e9 Saramago: o Amor Poss\u00edvel, entre muitos outros. Trabalha no EL PA\u00cdS desde 1976. Foi correspondente deste jornal no Vaticano e na It\u00e1lia por quase duas d\u00e9cadas e, desde 1999, vive e escreve no Brasil. \u00c9 colunista do EL PA\u00cdS no Brasil desde 2013, quando a edi\u00e7\u00e3o brasileira foi lan\u00e7ada, onde escreve semanalmente.<\/em><\/p>\n","protected":false},"excerpt":{"rendered":"<p>At\u00e9 os que continuavam apoiando-o porque o viam como o grande inimigo da esquerda come\u00e7aram a se distanciar dele principalmente ap\u00f3s a desastrosa gest\u00e3o da pandemia com seu negacionismo exasperado.<\/p>\n","protected":false},"author":1,"featured_media":0,"comment_status":"closed","ping_status":"open","sticky":false,"template":"","format":"standard","meta":{"_exactmetrics_skip_tracking":false,"_exactmetrics_sitenote_active":false,"_exactmetrics_sitenote_note":"","_exactmetrics_sitenote_category":0,"jetpack_post_was_ever_published":false,"_jetpack_newsletter_access":"","_jetpack_dont_email_post_to_subs":false,"_jetpack_newsletter_tier_id":0,"_jetpack_memberships_contains_paywalled_content":false,"_jetpack_memberships_contains_paid_content":false,"footnotes":"","jetpack_publicize_message":"","jetpack_publicize_feature_enabled":true,"jetpack_social_post_already_shared":true,"jetpack_social_options":{"image_generator_settings":{"template":"highway","enabled":false},"version":2}},"categories":[1],"tags":[53,433],"class_list":["post-31543","post","type-post","status-publish","format-standard","hentry","category-notas","tag-bolsonaro","tag-queda"],"jetpack_publicize_connections":[],"jetpack_sharing_enabled":true,"jetpack_featured_media_url":"","jetpack_shortlink":"https:\/\/wp.me\/p7wKYW-8cL","jetpack-related-posts":[],"_links":{"self":[{"href":"http:\/\/blogdalucianaoliveira.com.br\/blog\/wp-json\/wp\/v2\/posts\/31543","targetHints":{"allow":["GET"]}}],"collection":[{"href":"http:\/\/blogdalucianaoliveira.com.br\/blog\/wp-json\/wp\/v2\/posts"}],"about":[{"href":"http:\/\/blogdalucianaoliveira.com.br\/blog\/wp-json\/wp\/v2\/types\/post"}],"author":[{"embeddable":true,"href":"http:\/\/blogdalucianaoliveira.com.br\/blog\/wp-json\/wp\/v2\/users\/1"}],"replies":[{"embeddable":true,"href":"http:\/\/blogdalucianaoliveira.com.br\/blog\/wp-json\/wp\/v2\/comments?post=31543"}],"version-history":[{"count":1,"href":"http:\/\/blogdalucianaoliveira.com.br\/blog\/wp-json\/wp\/v2\/posts\/31543\/revisions"}],"predecessor-version":[{"id":31545,"href":"http:\/\/blogdalucianaoliveira.com.br\/blog\/wp-json\/wp\/v2\/posts\/31543\/revisions\/31545"}],"wp:attachment":[{"href":"http:\/\/blogdalucianaoliveira.com.br\/blog\/wp-json\/wp\/v2\/media?parent=31543"}],"wp:term":[{"taxonomy":"category","embeddable":true,"href":"http:\/\/blogdalucianaoliveira.com.br\/blog\/wp-json\/wp\/v2\/categories?post=31543"},{"taxonomy":"post_tag","embeddable":true,"href":"http:\/\/blogdalucianaoliveira.com.br\/blog\/wp-json\/wp\/v2\/tags?post=31543"}],"curies":[{"name":"wp","href":"https:\/\/api.w.org\/{rel}","templated":true}]}}