{"id":31548,"date":"2021-04-12T12:30:03","date_gmt":"2021-04-12T16:30:03","guid":{"rendered":"http:\/\/blogdalucianaoliveira.com.br\/blog\/?p=31548"},"modified":"2021-04-12T12:30:09","modified_gmt":"2021-04-12T16:30:09","slug":"oms-comeca-a-perder-a-paciencia-com-bolsonaro-diz-jornal-frances-les-echos","status":"publish","type":"post","link":"http:\/\/blogdalucianaoliveira.com.br\/blog\/2021\/04\/12\/oms-comeca-a-perder-a-paciencia-com-bolsonaro-diz-jornal-frances-les-echos\/","title":{"rendered":"OMS come\u00e7a a perder a paci\u00eancia com Bolsonaro, diz jornal franc\u00eas Les Echos"},"content":{"rendered":"\n<figure class=\"wp-block-image size-large\"><img data-recalc-dims=\"1\" loading=\"lazy\" decoding=\"async\" width=\"483\" height=\"240\" data-attachment-id=\"31549\" data-permalink=\"http:\/\/blogdalucianaoliveira.com.br\/blog\/2021\/04\/12\/oms-comeca-a-perder-a-paciencia-com-bolsonaro-diz-jornal-frances-les-echos\/cfe29c24-c993-4de4-88bf-e50c6502ca57\/\" data-orig-file=\"https:\/\/i0.wp.com\/blogdalucianaoliveira.com.br\/blog\/wp-content\/uploads\/2021\/04\/CFE29C24-C993-4DE4-88BF-E50C6502CA57.jpeg?fit=483%2C240\" data-orig-size=\"483,240\" data-comments-opened=\"0\" data-image-meta=\"{&quot;aperture&quot;:&quot;0&quot;,&quot;credit&quot;:&quot;&quot;,&quot;camera&quot;:&quot;&quot;,&quot;caption&quot;:&quot;&quot;,&quot;created_timestamp&quot;:&quot;0&quot;,&quot;copyright&quot;:&quot;&quot;,&quot;focal_length&quot;:&quot;0&quot;,&quot;iso&quot;:&quot;0&quot;,&quot;shutter_speed&quot;:&quot;0&quot;,&quot;title&quot;:&quot;&quot;,&quot;orientation&quot;:&quot;0&quot;}\" data-image-title=\"CFE29C24-C993-4DE4-88BF-E50C6502CA57\" data-image-description=\"\" data-image-caption=\"\" data-medium-file=\"https:\/\/i0.wp.com\/blogdalucianaoliveira.com.br\/blog\/wp-content\/uploads\/2021\/04\/CFE29C24-C993-4DE4-88BF-E50C6502CA57.jpeg?fit=300%2C149\" data-large-file=\"https:\/\/i0.wp.com\/blogdalucianaoliveira.com.br\/blog\/wp-content\/uploads\/2021\/04\/CFE29C24-C993-4DE4-88BF-E50C6502CA57.jpeg?fit=483%2C240\" src=\"https:\/\/i0.wp.com\/blogdalucianaoliveira.com.br\/blog\/wp-content\/uploads\/2021\/04\/CFE29C24-C993-4DE4-88BF-E50C6502CA57.jpeg?resize=483%2C240\" alt=\"\" class=\"wp-image-31549\" srcset=\"https:\/\/i0.wp.com\/blogdalucianaoliveira.com.br\/blog\/wp-content\/uploads\/2021\/04\/CFE29C24-C993-4DE4-88BF-E50C6502CA57.jpeg?w=483 483w, https:\/\/i0.wp.com\/blogdalucianaoliveira.com.br\/blog\/wp-content\/uploads\/2021\/04\/CFE29C24-C993-4DE4-88BF-E50C6502CA57.jpeg?resize=300%2C149 300w\" sizes=\"auto, (max-width: 483px) 100vw, 483px\" \/><\/figure>\n\n\n\n<p><a rel=\"noreferrer noopener\" target=\"_blank\" href=\"https:\/\/www.rfi.fr\/br\/am%C3%A9ricas\/20210412-jornal-franc%C3%AAs-les-echos-diz-que-oms-come%C3%A7a-a-perder-a-paci%C3%AAncia-com-bolsonaro\"><strong>RFI<\/strong><\/a><strong>\u00a0&#8211;\u00a0<\/strong>&#8220;Brasil: nenhum lockdown \u00e0 vista apesar da explos\u00e3o da pandemia&#8221;, lamenta nesta segunda-feira (12) o jornal Les Echos. O di\u00e1rio econ\u00f4mico franc\u00eas, que \u00e9 refer\u00eancia no meio empresarial, escreve que &#8220;apesar de um tributo humano cada vez mais pesado e insuport\u00e1vel, o presidente Jair Bolsonaro resiste ao lockdown desejado pela comunidade cient\u00edfica&#8221;. &#8220;Ele ter\u00e1 de responder a uma comiss\u00e3o parlamentar de inqu\u00e9rito&#8221;, informa o correspondente em S\u00e3o Paulo, Thierry Ogier.<\/p>\n\n\n\n<!--more-->\n\n\n\n<p>A m\u00e9dia de v\u00edtimas continuou acima de 3 mil pessoas por dia nesse final de semana, e o n\u00famero de mortos continua aumentando. &#8220;At\u00e9 a Organiza\u00e7\u00e3o Mundial da Sa\u00fade (OMS) come\u00e7a a perder a paci\u00eancia diante de uma pandemia cuja &#8216;trajet\u00f3ria vai na m\u00e1 dire\u00e7\u00e3o'&#8221;, observa o ve\u00edculo. \u201cO n\u00famero de casos e mortes vem crescendo h\u00e1 seis semanas\u201d, nota Maria van Kerkhove, epidemiologista da OMS. O pa\u00eds ultrapassou 350 mil mortes no fim de semana.<\/p>\n\n\n\n<p>Mas Bolsonaro voltou a descartar a possibilidade de adotar um lockdown nacional. Les Echos cita a declara\u00e7\u00e3o recente na qual o presidente de extrema direita afirmou que n\u00e3o colocaria o &#8220;ex\u00e9rcito nas ruas para for\u00e7ar o povo a ficar em casa&#8221;. Discurso que foi reiterado pelo novo ministro da Justi\u00e7a e Seguran\u00e7a P\u00fablica, Anderson Torres, que disse que a pol\u00edcia vai &#8220;garantir a todos a liberdade de ir e vir com serenidade e paz&#8221;.<\/p>\n\n\n\n<p>O jornal gratuito 20 Minutos mostra que a maioria dos pacientes hospitalizados em cuidados intensivos no Brasil tem menos de 40 anos de idade, uma situa\u00e7\u00e3o &#8220;alarmante&#8221; que \u00e9 explicada pela variante brasileira P1, mais contagiosa e letal que as cepas anteriores.&nbsp;<\/p>\n\n\n\n<h2 class=\"wp-block-heading\"><strong>Popula\u00e7\u00e3o dividida<\/strong><\/h2>\n\n\n\n<p>A intransig\u00eancia de Bolsonaro n\u00e3o surpreende a comunidade cient\u00edfica brasileira, mas causa irrita\u00e7\u00e3o. Ouvida pela reportagem, Natalia Pasternak, presidente do Instituto Quest\u00e3o de Ci\u00eancia, conta que &#8220;desde o in\u00edcio da pandemia, tem sido assim\u201d. O governo federal insiste que medidas preventivas n\u00e3o s\u00e3o necess\u00e1rias e, hoje, a popula\u00e7\u00e3o est\u00e1 dividida. &#8220;Tem muita gente que acaba acreditando no presidente e n\u00e3o adere \u00e0s medidas preventivas\u201d, lamenta a microbi\u00f3loga.<\/p>\n\n\n\n<p>Les Echos explica que os partid\u00e1rios de Jair Bolsonaro asseguram que \u00e9 melhor \u201cabrir\u201d a economia a todo custo. Mas, na pr\u00e1tica, o Brasil perde nas duas frentes. \u201cEles dizem que o lockdown vai arruinar a economia. Mas hoje vemos, por um lado, que a economia j\u00e1 est\u00e1 arruinada por um ano de pandemia e temos, por outro lado, at\u00e9 4 mil mortes por dia&#8221;, destaca Pasternak.<\/p>\n\n\n\n<h2 class=\"wp-block-heading\"><strong>Lockdown necess\u00e1rio<\/strong><\/h2>\n\n\n\n<p>Como a maior parte de seus colegas, essa microbiologista \u00e9 a favor de medidas de conten\u00e7\u00e3o r\u00edgidas, assinala o Les Echos. \u201cNunca tivemos isolamento no Brasil, como houve em Portugal ou na Inglaterra, e isso nos conduziu \u00e0 situa\u00e7\u00e3o atual\u201d, afirma.<\/p>\n\n\n\n<p>A \u00fanica exce\u00e7\u00e3o nesse cen\u00e1rio dram\u00e1tico \u00e9 a cidade de Araraquara, munic\u00edpio do interior de S\u00e3o Paulo, que conseguiu reduzir o n\u00famero de mortes ap\u00f3s 10 dias de lockdown local. Mas no resto do pa\u00eds a situa\u00e7\u00e3o permanece cr\u00edtica, com falta de leitos, equipamentos e anest\u00e9sicos nos hospitais.&nbsp;<\/p>\n\n\n\n<p>Paulo Almeida, do mesmo instituto, teme um futuro sombrio. &#8220;Enquanto Bolsonaro estiver \u00e0 frente do pa\u00eds, o governo federal n\u00e3o apoiar\u00e1 esse tipo de medida\u201d, conclui o diretor-executivo do IQC.<\/p>\n","protected":false},"excerpt":{"rendered":"<p>RFI\u00a0&#8211;\u00a0&#8220;Brasil: nenhum lockdown \u00e0 vista apesar da explos\u00e3o da pandemia&#8221;, lamenta nesta segunda-feira (12) o jornal Les Echos. O di\u00e1rio econ\u00f4mico franc\u00eas, que \u00e9 refer\u00eancia no meio empresarial, escreve que &#8220;apesar de um tributo humano cada vez mais pesado e insuport\u00e1vel, o presidente Jair Bolsonaro resiste ao lockdown desejado pela comunidade cient\u00edfica&#8221;. &#8220;Ele ter\u00e1 de&#8230;<a class=\"more-link\" href=\"http:\/\/blogdalucianaoliveira.com.br\/blog\/2021\/04\/12\/oms-comeca-a-perder-a-paciencia-com-bolsonaro-diz-jornal-frances-les-echos\/\">Continue a leitura <span class=\"meta-nav\">&raquo;<\/span><\/a><\/p>\n","protected":false},"author":1,"featured_media":0,"comment_status":"closed","ping_status":"open","sticky":false,"template":"","format":"standard","meta":{"_exactmetrics_skip_tracking":false,"_exactmetrics_sitenote_active":false,"_exactmetrics_sitenote_note":"","_exactmetrics_sitenote_category":0,"jetpack_post_was_ever_published":false,"_jetpack_newsletter_access":"","_jetpack_dont_email_post_to_subs":false,"_jetpack_newsletter_tier_id":0,"_jetpack_memberships_contains_paywalled_content":false,"_jetpack_memberships_contains_paid_content":false,"footnotes":"","jetpack_publicize_message":"","jetpack_publicize_feature_enabled":true,"jetpack_social_post_already_shared":true,"jetpack_social_options":{"image_generator_settings":{"template":"highway","enabled":false},"version":2}},"categories":[1],"tags":[],"class_list":["post-31548","post","type-post","status-publish","format-standard","hentry","category-notas"],"jetpack_publicize_connections":[],"jetpack_sharing_enabled":true,"jetpack_featured_media_url":"","jetpack_shortlink":"https:\/\/wp.me\/p7wKYW-8cQ","jetpack-related-posts":[],"_links":{"self":[{"href":"http:\/\/blogdalucianaoliveira.com.br\/blog\/wp-json\/wp\/v2\/posts\/31548","targetHints":{"allow":["GET"]}}],"collection":[{"href":"http:\/\/blogdalucianaoliveira.com.br\/blog\/wp-json\/wp\/v2\/posts"}],"about":[{"href":"http:\/\/blogdalucianaoliveira.com.br\/blog\/wp-json\/wp\/v2\/types\/post"}],"author":[{"embeddable":true,"href":"http:\/\/blogdalucianaoliveira.com.br\/blog\/wp-json\/wp\/v2\/users\/1"}],"replies":[{"embeddable":true,"href":"http:\/\/blogdalucianaoliveira.com.br\/blog\/wp-json\/wp\/v2\/comments?post=31548"}],"version-history":[{"count":1,"href":"http:\/\/blogdalucianaoliveira.com.br\/blog\/wp-json\/wp\/v2\/posts\/31548\/revisions"}],"predecessor-version":[{"id":31550,"href":"http:\/\/blogdalucianaoliveira.com.br\/blog\/wp-json\/wp\/v2\/posts\/31548\/revisions\/31550"}],"wp:attachment":[{"href":"http:\/\/blogdalucianaoliveira.com.br\/blog\/wp-json\/wp\/v2\/media?parent=31548"}],"wp:term":[{"taxonomy":"category","embeddable":true,"href":"http:\/\/blogdalucianaoliveira.com.br\/blog\/wp-json\/wp\/v2\/categories?post=31548"},{"taxonomy":"post_tag","embeddable":true,"href":"http:\/\/blogdalucianaoliveira.com.br\/blog\/wp-json\/wp\/v2\/tags?post=31548"}],"curies":[{"name":"wp","href":"https:\/\/api.w.org\/{rel}","templated":true}]}}