{"id":31551,"date":"2021-04-12T19:35:21","date_gmt":"2021-04-12T23:35:21","guid":{"rendered":"http:\/\/blogdalucianaoliveira.com.br\/blog\/?p=31551"},"modified":"2021-04-12T19:35:26","modified_gmt":"2021-04-12T23:35:26","slug":"e-inevitavel-que-bolsonaro-responda-por-seus-crimes-diz-autor-de-pedidos-de-impeachment","status":"publish","type":"post","link":"http:\/\/blogdalucianaoliveira.com.br\/blog\/2021\/04\/12\/e-inevitavel-que-bolsonaro-responda-por-seus-crimes-diz-autor-de-pedidos-de-impeachment\/","title":{"rendered":"\u201c\u00c9 inevit\u00e1vel que Bolsonaro responda por seus crimes\u201d, diz autor de pedidos de impeachment"},"content":{"rendered":"\n<figure class=\"wp-block-image\"><img data-recalc-dims=\"1\" height=\"399\" width=\"600\" decoding=\"async\" src=\"https:\/\/i0.wp.com\/www.diariodocentrodomundo.com.br\/wp-content\/uploads\/2019\/05\/bolsonaro-eua-600x399.jpg?resize=600%2C399&#038;ssl=1\" alt=\"\"\/><\/figure>\n\n\n\n<p><strong>No DCM, publicado originalmente no\u00a0<a href=\"https:\/\/www.rfi.fr\/br\/podcasts\/rfi-convida\/20210412-bolsonaro-tem-encontro-marcado-com-a-hist%C3%B3ria-e-os-tribunais-diz-autor-de-pedidos-de-impeachment\">RFI<\/a><\/strong>, <strong>Por L\u00facia M\u00fczell<\/strong> &#8211; A CPI da Covid mal foi anunciada no Senado e j\u00e1 \u00e9 alvo de press\u00f5es. O presidente Jair Bolsonaro pediu a pelo menos um senador, Jorge Kajuru, para que\u00a0<a href=\"https:\/\/www.diariodocentrodomundo.com.br\/essencial\/janio-de-freitas-diz-que-bolsonaro-cometeu-crimes-contra-humanidade-e-nao-so-de-responsabilidade\/\">comiss\u00e3o investigue n\u00e3o apenas a gest\u00e3o da pandemia pelo governo federal<\/a>, mas tamb\u00e9m por governos estaduais e prefeituras, numa tentativa de dispersar as responsabilidades pelas mais de 353 mil mortes por coronav\u00edrus registradas no pa\u00eds at\u00e9 o momento.<\/p>\n\n\n\n<!--more-->\n\n\n\n<p><br>Enquanto isso, mais de 100 pedidos de impeachment do presidente j\u00e1 foram protocolados no Congresso. Dois deles s\u00e3o assinados pelo advogado Mauro Menezes, que acredita que, \u201ccedo ou tarde\u201d, Jair Bolsonaro ter\u00e1 de responder pela nega\u00e7\u00e3o da pandemia e a omiss\u00e3o diante do avan\u00e7o da doen\u00e7a no Brasil.<br><\/p>\n\n\n\n<p>\u201cH\u00e1 de prevalecer o ordenamento jur\u00eddico e o imp\u00e9rio do Direito. \u00c9 inevit\u00e1vel que Jair Bolsonaro venha a responder por seus crimes, sejam crimes de responsabilidade, sejam crimes comuns\u201d, alega o advogado em Bras\u00edlia e ex-presidente da Comiss\u00e3o de \u00c9tica P\u00fablica da Presid\u00eancia da Rep\u00fablica. \u201cJair Bolsonaro tem um encontro marcado com a hist\u00f3ria e com as barras dos tribunais. Isso n\u00e3o \u00e9 algo percept\u00edvel apenas por n\u00f3s, juristas. \u00c9 percept\u00edvel pelas pessoas que tenham bom senso e conhe\u00e7am as leis e a Constitui\u00e7\u00e3o.\u201d<\/p>\n\n\n\n<p><strong>Pedido de lockdown nacional<\/strong><\/p>\n\n\n\n<p>Em nome de cientistas e entidades sindicais e trabalhistas, Menezes e um grupo de advogados acabam de entregar ao STF (Supremo Tribunal Federal) uma a\u00e7\u00e3o para pedir a imposi\u00e7\u00e3o de um lockdown nacional de 21 dias, para frear a din\u00e2mica de cont\u00e1gios e mortes por Covid no pa\u00eds e trazer um al\u00edvio para os hospitais saturados. Reiteradamente, Bolsonaro se op\u00f5e a qualquer tipo de restri\u00e7\u00e3o de atividades comerciais e circula\u00e7\u00e3o de pessoas, apontadas pelos epidemiologistas como medidas fundamentais para conter a dissemina\u00e7\u00e3o do v\u00edrus. O confinamento, alegam os requerentes, preservaria ao menos 22 mil vidas no m\u00eas de abril.<\/p>\n\n\n\n<p>\u201cO Supremo, de acordo com a nossa Constitui\u00e7\u00e3o, tem, sim, a compet\u00eancia para impor o lockdown, fazendo cumprir as diretrizes constitucionais de redu\u00e7\u00e3o dos riscos da doen\u00e7a, de garantia do direito de todos \u00e0 sa\u00fade, como um dever do Estado, e de defesa da vida\u201d, afirma Menezes. \u201cEstamos diante do que chamamos de um Estado de coisas inconstitucional. Existe no Brasil um conflito muito claro entre uma autoridade exacerbada e abusiva do presidente, de um lado, e o Estado Constitucional, do outro. Ele tem se empenhado de maneira reiterada e agravada em combater e em afrontar diversas normas e comandos constitucionais\u201d, diz o advogado.<\/p>\n\n\n\n<p><strong>CPI dar\u00e1 destaque \u00e0 falta de atua\u00e7\u00e3o do governo<\/strong><\/p>\n\n\n\n<p>A gravidade da situa\u00e7\u00e3o sanit\u00e1ria, que&nbsp;elevou o Brasil a epicentro mundial da pandemia e a celeiro de novas variantes do v\u00edrus, tende a acelerar os procedimentos jur\u00eddicos contra Bolsonaro, argumenta Menezes.<\/p>\n\n\n\n<p>\u201cSe o presidente agora amea\u00e7a senadores, direta ou indiretamente, para desviar a investiga\u00e7\u00e3o de onde realmente interessa, que \u00e9 o governo federal, estamos diante de algo an\u00f4malo que refor\u00e7a o pedido de impeachment. E ele vai al\u00e9m, chega a sugerir que senadores abram processo de impeachment contra ministros do Supremo Tribunal Federal\u201d, frisa. \u201cA desobedi\u00eancia \u00e0s regras b\u00e1sicas da democracia s\u00e3o pr\u00f3prias da atua\u00e7\u00e3o de Jair Bolsonaro. Esperemos que a CPI seja capaz de empreender um passo importante na supera\u00e7\u00e3o e na virada de p\u00e1gina desse momento tr\u00e1gico vivido pela sociedade brasileira.\u201d<\/p>\n","protected":false},"excerpt":{"rendered":"<p>No DCM, publicado originalmente no\u00a0RFI, Por L\u00facia M\u00fczell &#8211; A CPI da Covid mal foi anunciada no Senado e j\u00e1 \u00e9 alvo de press\u00f5es. O presidente Jair Bolsonaro pediu a pelo menos um senador, Jorge Kajuru, para que\u00a0comiss\u00e3o investigue n\u00e3o apenas a gest\u00e3o da pandemia pelo governo federal, mas tamb\u00e9m por governos estaduais e prefeituras,&#8230;<a class=\"more-link\" href=\"http:\/\/blogdalucianaoliveira.com.br\/blog\/2021\/04\/12\/e-inevitavel-que-bolsonaro-responda-por-seus-crimes-diz-autor-de-pedidos-de-impeachment\/\">Continue a leitura <span class=\"meta-nav\">&raquo;<\/span><\/a><\/p>\n","protected":false},"author":1,"featured_media":0,"comment_status":"closed","ping_status":"open","sticky":false,"template":"","format":"standard","meta":{"_exactmetrics_skip_tracking":false,"_exactmetrics_sitenote_active":false,"_exactmetrics_sitenote_note":"","_exactmetrics_sitenote_category":0,"jetpack_post_was_ever_published":false,"_jetpack_newsletter_access":"","_jetpack_dont_email_post_to_subs":false,"_jetpack_newsletter_tier_id":0,"_jetpack_memberships_contains_paywalled_content":false,"_jetpack_memberships_contains_paid_content":false,"footnotes":"","jetpack_publicize_message":"","jetpack_publicize_feature_enabled":true,"jetpack_social_post_already_shared":true,"jetpack_social_options":{"image_generator_settings":{"template":"highway","enabled":false},"version":2}},"categories":[1],"tags":[478,14,479,366],"class_list":["post-31551","post","type-post","status-publish","format-standard","hentry","category-notas","tag-cpi","tag-impeachment","tag-kajuru","tag-pandemia"],"jetpack_publicize_connections":[],"jetpack_sharing_enabled":true,"jetpack_featured_media_url":"","jetpack_shortlink":"https:\/\/wp.me\/p7wKYW-8cT","jetpack-related-posts":[],"_links":{"self":[{"href":"http:\/\/blogdalucianaoliveira.com.br\/blog\/wp-json\/wp\/v2\/posts\/31551","targetHints":{"allow":["GET"]}}],"collection":[{"href":"http:\/\/blogdalucianaoliveira.com.br\/blog\/wp-json\/wp\/v2\/posts"}],"about":[{"href":"http:\/\/blogdalucianaoliveira.com.br\/blog\/wp-json\/wp\/v2\/types\/post"}],"author":[{"embeddable":true,"href":"http:\/\/blogdalucianaoliveira.com.br\/blog\/wp-json\/wp\/v2\/users\/1"}],"replies":[{"embeddable":true,"href":"http:\/\/blogdalucianaoliveira.com.br\/blog\/wp-json\/wp\/v2\/comments?post=31551"}],"version-history":[{"count":1,"href":"http:\/\/blogdalucianaoliveira.com.br\/blog\/wp-json\/wp\/v2\/posts\/31551\/revisions"}],"predecessor-version":[{"id":31552,"href":"http:\/\/blogdalucianaoliveira.com.br\/blog\/wp-json\/wp\/v2\/posts\/31551\/revisions\/31552"}],"wp:attachment":[{"href":"http:\/\/blogdalucianaoliveira.com.br\/blog\/wp-json\/wp\/v2\/media?parent=31551"}],"wp:term":[{"taxonomy":"category","embeddable":true,"href":"http:\/\/blogdalucianaoliveira.com.br\/blog\/wp-json\/wp\/v2\/categories?post=31551"},{"taxonomy":"post_tag","embeddable":true,"href":"http:\/\/blogdalucianaoliveira.com.br\/blog\/wp-json\/wp\/v2\/tags?post=31551"}],"curies":[{"name":"wp","href":"https:\/\/api.w.org\/{rel}","templated":true}]}}