{"id":31554,"date":"2021-04-13T08:39:46","date_gmt":"2021-04-13T12:39:46","guid":{"rendered":"http:\/\/blogdalucianaoliveira.com.br\/blog\/?p=31554"},"modified":"2021-04-13T08:39:52","modified_gmt":"2021-04-13T12:39:52","slug":"ao-suspender-decreto-de-armas-rosa-cita-que-bolsonaro-teve-pistola-roubada","status":"publish","type":"post","link":"http:\/\/blogdalucianaoliveira.com.br\/blog\/2021\/04\/13\/ao-suspender-decreto-de-armas-rosa-cita-que-bolsonaro-teve-pistola-roubada\/","title":{"rendered":"Ao suspender decreto de armas, Rosa cita que Bolsonaro teve pistola roubada"},"content":{"rendered":"\n<figure class=\"wp-block-image size-large\"><img data-recalc-dims=\"1\" loading=\"lazy\" decoding=\"async\" width=\"600\" height=\"383\" data-attachment-id=\"31555\" data-permalink=\"http:\/\/blogdalucianaoliveira.com.br\/blog\/2021\/04\/13\/ao-suspender-decreto-de-armas-rosa-cita-que-bolsonaro-teve-pistola-roubada\/82618e0d-2c71-4f4a-96d0-f46cd19ec388\/\" data-orig-file=\"https:\/\/i0.wp.com\/blogdalucianaoliveira.com.br\/blog\/wp-content\/uploads\/2021\/04\/82618E0D-2C71-4F4A-96D0-F46CD19EC388.jpeg?fit=963%2C614\" data-orig-size=\"963,614\" data-comments-opened=\"0\" data-image-meta=\"{&quot;aperture&quot;:&quot;0&quot;,&quot;credit&quot;:&quot;&quot;,&quot;camera&quot;:&quot;&quot;,&quot;caption&quot;:&quot;&quot;,&quot;created_timestamp&quot;:&quot;0&quot;,&quot;copyright&quot;:&quot;&quot;,&quot;focal_length&quot;:&quot;0&quot;,&quot;iso&quot;:&quot;0&quot;,&quot;shutter_speed&quot;:&quot;0&quot;,&quot;title&quot;:&quot;&quot;,&quot;orientation&quot;:&quot;0&quot;}\" data-image-title=\"82618E0D-2C71-4F4A-96D0-F46CD19EC388\" data-image-description=\"\" data-image-caption=\"\" data-medium-file=\"https:\/\/i0.wp.com\/blogdalucianaoliveira.com.br\/blog\/wp-content\/uploads\/2021\/04\/82618E0D-2C71-4F4A-96D0-F46CD19EC388.jpeg?fit=300%2C191\" data-large-file=\"https:\/\/i0.wp.com\/blogdalucianaoliveira.com.br\/blog\/wp-content\/uploads\/2021\/04\/82618E0D-2C71-4F4A-96D0-F46CD19EC388.jpeg?fit=600%2C383\" src=\"https:\/\/i0.wp.com\/blogdalucianaoliveira.com.br\/blog\/wp-content\/uploads\/2021\/04\/82618E0D-2C71-4F4A-96D0-F46CD19EC388.jpeg?resize=600%2C383\" alt=\"\" class=\"wp-image-31555\" srcset=\"https:\/\/i0.wp.com\/blogdalucianaoliveira.com.br\/blog\/wp-content\/uploads\/2021\/04\/82618E0D-2C71-4F4A-96D0-F46CD19EC388.jpeg?w=963 963w, https:\/\/i0.wp.com\/blogdalucianaoliveira.com.br\/blog\/wp-content\/uploads\/2021\/04\/82618E0D-2C71-4F4A-96D0-F46CD19EC388.jpeg?resize=300%2C191 300w, https:\/\/i0.wp.com\/blogdalucianaoliveira.com.br\/blog\/wp-content\/uploads\/2021\/04\/82618E0D-2C71-4F4A-96D0-F46CD19EC388.jpeg?resize=768%2C490 768w, https:\/\/i0.wp.com\/blogdalucianaoliveira.com.br\/blog\/wp-content\/uploads\/2021\/04\/82618E0D-2C71-4F4A-96D0-F46CD19EC388.jpeg?resize=471%2C300 471w\" sizes=\"auto, (max-width: 600px) 100vw, 600px\" \/><\/figure>\n\n\n\n<h4 class=\"wp-block-heading\">Na ocasi\u00e3o, o ent\u00e3o deputado federal afirmou que &#8216;mesmo armado, me senti indefeso&#8217;<\/h4>\n\n\n\n<!--more-->\n\n\n\n<p><a href=\"https:\/\/www.cartacapital.com.br\/author\/estadao-conteudo\/\">Estad\u00e3o Conte\u00fado<\/a><\/p>\n\n\n\n<p>A ministra&nbsp;<strong><a href=\"https:\/\/www.cartacapital.com.br\/tag\/rosa-weber\/\">Rosa Weber<\/a><\/strong>, do Supremo Tribunal Federal, usou o presidente&nbsp;<strong><a href=\"https:\/\/www.cartacapital.com.br\/tag\/jair-bolsonaro\/\">Jair Bolsonaro<\/a><\/strong>&nbsp;como exemplo do risco de armas compradas legalmente por cidad\u00e3os ca\u00edrem nas m\u00e3os de criminosos. Na decis\u00e3o&nbsp;<a href=\"https:\/\/www.cartacapital.com.br\/cartaexpressa\/rosa-weber-suspende-trechos-dos-decretos-das-armas-de-bolsonaro\/\">que suspendeu trechos de quatro decretos que ampliaram o acesso \u00e0s armas<\/a>, a ministra relembra o epis\u00f3dio em que Bolsonaro teve uma pistola roubada no Rio de Janeiro em 1995.<\/p>\n\n\n\n<p>Na ocasi\u00e3o, o ent\u00e3o deputado federal afirmou que \u201cmesmo armado, me senti indefeso\u201d.<\/p>\n\n\n\n<p>\u201cAo que consta, o pr\u00f3prio Presidente da Rep\u00fablica j\u00e1 passou pela experi\u00eancia de ter sua arma de fogo roubada e desviada para o arsenal de criminosos. Segundo not\u00edcia veiculada na m\u00eddia (A Tribuna da Imprensa, p. 5, ed. 13.858, publicado em 05 de julho de 1995), em 04 de julho de 1995, o ent\u00e3o deputado federal Jair Bolsonaro teve sua pistola Glock 38 roubada por dois homens enquanto cruzava o bairro Vila Isabel na cidade do Rio de Janeiro. \u00c0 \u00e9poca, em declara\u00e7\u00e3o aos \u00f3rg\u00e3os de imprensa, segundo not\u00edcia veiculada em A Tribuna da Imprensa, o atual presidente declarou que, \u2018mesmo armado, me senti indefeso&#8217;\u201d, relembrou Rosa.<\/p>\n\n\n\n<p>A ministra citou o epis\u00f3dio ao comentar que 68% das armas de fogo apreendidas com criminosos foram adquiridas por cidad\u00e3os ou empresas de vigil\u00e2ncia e que, deste total, 74% foram vendidas a pessoas f\u00edsicas.<\/p>\n\n\n\n<p>\u201cDa\u00ed a import\u00e2ncia de restringir-se o acesso da popula\u00e7\u00e3o em geral \u00e0s armas de fogo. As armas adquiridas legalmente acabam sendo desviadas para o crime por meio de furto, roubo ou, ainda, pela cria\u00e7\u00e3o de um mercado secund\u00e1rio clandestino de revenda de armas pelos propriet\u00e1rios originais, como enfatizado no Sub-Relat\u00f3rio da Comiss\u00e3o Parlamentar de Investiga\u00e7\u00e3o\u201d, frisou a ministra.<\/p>\n","protected":false},"excerpt":{"rendered":"<p>Na ocasi\u00e3o, o ent\u00e3o deputado federal afirmou que &#8216;mesmo armado, me senti indefeso&#8217;<\/p>\n","protected":false},"author":1,"featured_media":0,"comment_status":"closed","ping_status":"open","sticky":false,"template":"","format":"standard","meta":{"_exactmetrics_skip_tracking":false,"_exactmetrics_sitenote_active":false,"_exactmetrics_sitenote_note":"","_exactmetrics_sitenote_category":0,"jetpack_post_was_ever_published":false,"_jetpack_newsletter_access":"","_jetpack_dont_email_post_to_subs":false,"_jetpack_newsletter_tier_id":0,"_jetpack_memberships_contains_paywalled_content":false,"_jetpack_memberships_contains_paid_content":false,"footnotes":"","jetpack_publicize_message":"","jetpack_publicize_feature_enabled":true,"jetpack_social_post_already_shared":true,"jetpack_social_options":{"image_generator_settings":{"template":"highway","enabled":false},"version":2}},"categories":[1],"tags":[],"class_list":["post-31554","post","type-post","status-publish","format-standard","hentry","category-notas"],"jetpack_publicize_connections":[],"jetpack_sharing_enabled":true,"jetpack_featured_media_url":"","jetpack_shortlink":"https:\/\/wp.me\/p7wKYW-8cW","jetpack-related-posts":[],"_links":{"self":[{"href":"http:\/\/blogdalucianaoliveira.com.br\/blog\/wp-json\/wp\/v2\/posts\/31554","targetHints":{"allow":["GET"]}}],"collection":[{"href":"http:\/\/blogdalucianaoliveira.com.br\/blog\/wp-json\/wp\/v2\/posts"}],"about":[{"href":"http:\/\/blogdalucianaoliveira.com.br\/blog\/wp-json\/wp\/v2\/types\/post"}],"author":[{"embeddable":true,"href":"http:\/\/blogdalucianaoliveira.com.br\/blog\/wp-json\/wp\/v2\/users\/1"}],"replies":[{"embeddable":true,"href":"http:\/\/blogdalucianaoliveira.com.br\/blog\/wp-json\/wp\/v2\/comments?post=31554"}],"version-history":[{"count":1,"href":"http:\/\/blogdalucianaoliveira.com.br\/blog\/wp-json\/wp\/v2\/posts\/31554\/revisions"}],"predecessor-version":[{"id":31556,"href":"http:\/\/blogdalucianaoliveira.com.br\/blog\/wp-json\/wp\/v2\/posts\/31554\/revisions\/31556"}],"wp:attachment":[{"href":"http:\/\/blogdalucianaoliveira.com.br\/blog\/wp-json\/wp\/v2\/media?parent=31554"}],"wp:term":[{"taxonomy":"category","embeddable":true,"href":"http:\/\/blogdalucianaoliveira.com.br\/blog\/wp-json\/wp\/v2\/categories?post=31554"},{"taxonomy":"post_tag","embeddable":true,"href":"http:\/\/blogdalucianaoliveira.com.br\/blog\/wp-json\/wp\/v2\/tags?post=31554"}],"curies":[{"name":"wp","href":"https:\/\/api.w.org\/{rel}","templated":true}]}}