{"id":31563,"date":"2021-04-13T13:22:47","date_gmt":"2021-04-13T17:22:47","guid":{"rendered":"http:\/\/blogdalucianaoliveira.com.br\/blog\/?p=31563"},"modified":"2021-04-13T13:26:21","modified_gmt":"2021-04-13T17:26:21","slug":"despejo-de-acampamento-da-lcp-em-chupinguaia-e-suspenso","status":"publish","type":"post","link":"http:\/\/blogdalucianaoliveira.com.br\/blog\/2021\/04\/13\/despejo-de-acampamento-da-lcp-em-chupinguaia-e-suspenso\/","title":{"rendered":"Despejo de acampamento da LCP em Chupinguaia \u00e9 suspenso"},"content":{"rendered":"\n<figure class=\"wp-block-image size-large\"><img data-recalc-dims=\"1\" loading=\"lazy\" decoding=\"async\" width=\"600\" height=\"398\" data-attachment-id=\"31564\" data-permalink=\"http:\/\/blogdalucianaoliveira.com.br\/blog\/2021\/04\/13\/despejo-de-acampamento-da-lcp-em-chupinguaia-e-suspenso\/ab976ccc-8f52-4001-8fd8-f3737e99cc4a\/\" data-orig-file=\"https:\/\/i0.wp.com\/blogdalucianaoliveira.com.br\/blog\/wp-content\/uploads\/2021\/04\/AB976CCC-8F52-4001-8FD8-F3737E99CC4A.jpeg?fit=904%2C599\" data-orig-size=\"904,599\" data-comments-opened=\"0\" data-image-meta=\"{&quot;aperture&quot;:&quot;0&quot;,&quot;credit&quot;:&quot;&quot;,&quot;camera&quot;:&quot;&quot;,&quot;caption&quot;:&quot;&quot;,&quot;created_timestamp&quot;:&quot;0&quot;,&quot;copyright&quot;:&quot;&quot;,&quot;focal_length&quot;:&quot;0&quot;,&quot;iso&quot;:&quot;0&quot;,&quot;shutter_speed&quot;:&quot;0&quot;,&quot;title&quot;:&quot;&quot;,&quot;orientation&quot;:&quot;0&quot;}\" data-image-title=\"AB976CCC-8F52-4001-8FD8-F3737E99CC4A\" data-image-description=\"\" data-image-caption=\"\" data-medium-file=\"https:\/\/i0.wp.com\/blogdalucianaoliveira.com.br\/blog\/wp-content\/uploads\/2021\/04\/AB976CCC-8F52-4001-8FD8-F3737E99CC4A.jpeg?fit=300%2C199\" data-large-file=\"https:\/\/i0.wp.com\/blogdalucianaoliveira.com.br\/blog\/wp-content\/uploads\/2021\/04\/AB976CCC-8F52-4001-8FD8-F3737E99CC4A.jpeg?fit=600%2C398\" src=\"https:\/\/i0.wp.com\/blogdalucianaoliveira.com.br\/blog\/wp-content\/uploads\/2021\/04\/AB976CCC-8F52-4001-8FD8-F3737E99CC4A.jpeg?resize=600%2C398\" alt=\"\" class=\"wp-image-31564\" srcset=\"https:\/\/i0.wp.com\/blogdalucianaoliveira.com.br\/blog\/wp-content\/uploads\/2021\/04\/AB976CCC-8F52-4001-8FD8-F3737E99CC4A.jpeg?w=904 904w, https:\/\/i0.wp.com\/blogdalucianaoliveira.com.br\/blog\/wp-content\/uploads\/2021\/04\/AB976CCC-8F52-4001-8FD8-F3737E99CC4A.jpeg?resize=300%2C199 300w, https:\/\/i0.wp.com\/blogdalucianaoliveira.com.br\/blog\/wp-content\/uploads\/2021\/04\/AB976CCC-8F52-4001-8FD8-F3737E99CC4A.jpeg?resize=768%2C509 768w, https:\/\/i0.wp.com\/blogdalucianaoliveira.com.br\/blog\/wp-content\/uploads\/2021\/04\/AB976CCC-8F52-4001-8FD8-F3737E99CC4A.jpeg?resize=453%2C300 453w\" sizes=\"auto, (max-width: 600px) 100vw, 600px\" \/><\/figure>\n\n\n\n<p><\/p>\n\n\n\n<p>A decis\u00e3o foi publicada nesta segunda-feira, 12, pelo juiz da 2\u00aa Unidade de Conflitos Agr\u00e1rios de Porto Velho e suspende a ordem de reintegra\u00e7\u00e3o de posse no acampamento no Acampamento Manoel Ribeiro, Chupinguaia\/RO.<\/p>\n\n\n\n<!--more-->\n\n\n\n<p>Com base em Estudo de Situa\u00e7\u00e3o juntado pela Secretaria de Seguran\u00e7a do Estado de Rond\u00f4nia, que segundo advogados que auxiliam camponeses, \u201ctem considera\u00e7\u00f5es extremamente tendenciosas no sentido de criminalizar o movimento LCP e a luta pela terra\u201d, o juiz requereu ao Presidente do Tribunal de Justi\u00e7a do Estado de Rond\u00f4nia, \u201ca suscita\u00e7\u00e3o de Incidente de Deslocamento da Compet\u00eancia, com fundamento no \u00a7 5o, do artigo 109 da Constitui\u00e7\u00e3o Federal, com reda\u00e7\u00e3o dada pela Emenda Constitucional no 45\/2004.\u201d<\/p>\n\n\n\n<figure class=\"wp-block-image size-large\"><img loading=\"lazy\" decoding=\"async\" width=\"828\" height=\"1051\" data-attachment-id=\"31565\" data-permalink=\"http:\/\/blogdalucianaoliveira.com.br\/blog\/2021\/04\/13\/despejo-de-acampamento-da-lcp-em-chupinguaia-e-suspenso\/f52f4463-7a6c-49c5-acf4-726b21cf17bc\/\" data-orig-file=\"https:\/\/i0.wp.com\/blogdalucianaoliveira.com.br\/blog\/wp-content\/uploads\/2021\/04\/F52F4463-7A6C-49C5-ACF4-726B21CF17BC.jpeg?fit=828%2C1051\" data-orig-size=\"828,1051\" data-comments-opened=\"0\" data-image-meta=\"{&quot;aperture&quot;:&quot;0&quot;,&quot;credit&quot;:&quot;&quot;,&quot;camera&quot;:&quot;&quot;,&quot;caption&quot;:&quot;&quot;,&quot;created_timestamp&quot;:&quot;0&quot;,&quot;copyright&quot;:&quot;&quot;,&quot;focal_length&quot;:&quot;0&quot;,&quot;iso&quot;:&quot;0&quot;,&quot;shutter_speed&quot;:&quot;0&quot;,&quot;title&quot;:&quot;&quot;,&quot;orientation&quot;:&quot;1&quot;}\" data-image-title=\"F52F4463-7A6C-49C5-ACF4-726B21CF17BC\" data-image-description=\"\" data-image-caption=\"\" data-medium-file=\"https:\/\/i0.wp.com\/blogdalucianaoliveira.com.br\/blog\/wp-content\/uploads\/2021\/04\/F52F4463-7A6C-49C5-ACF4-726B21CF17BC.jpeg?fit=236%2C300\" data-large-file=\"https:\/\/i0.wp.com\/blogdalucianaoliveira.com.br\/blog\/wp-content\/uploads\/2021\/04\/F52F4463-7A6C-49C5-ACF4-726B21CF17BC.jpeg?fit=600%2C761\" src=\"https:\/\/i2.wp.com\/blogdalucianaoliveira.com.br\/blog\/wp-content\/uploads\/2021\/04\/F52F4463-7A6C-49C5-ACF4-726B21CF17BC.jpeg?fit=600%2C761\" alt=\"\" class=\"wp-image-31565\" srcset=\"https:\/\/i0.wp.com\/blogdalucianaoliveira.com.br\/blog\/wp-content\/uploads\/2021\/04\/F52F4463-7A6C-49C5-ACF4-726B21CF17BC.jpeg?w=828 828w, https:\/\/i0.wp.com\/blogdalucianaoliveira.com.br\/blog\/wp-content\/uploads\/2021\/04\/F52F4463-7A6C-49C5-ACF4-726B21CF17BC.jpeg?resize=236%2C300 236w, https:\/\/i0.wp.com\/blogdalucianaoliveira.com.br\/blog\/wp-content\/uploads\/2021\/04\/F52F4463-7A6C-49C5-ACF4-726B21CF17BC.jpeg?resize=807%2C1024 807w, https:\/\/i0.wp.com\/blogdalucianaoliveira.com.br\/blog\/wp-content\/uploads\/2021\/04\/F52F4463-7A6C-49C5-ACF4-726B21CF17BC.jpeg?resize=768%2C975 768w\" sizes=\"auto, (max-width: 600px) 100vw, 600px\" \/><\/figure>\n\n\n\n<p>O governo do Estado vinha for\u00e7ando o despejo com o deslocamento de mais de 70 policiais para a \u00e1rea de conflito. <br><\/p>\n\n\n\n<p>Em Embargos de Declara\u00e7\u00e3o, a Defensoria P\u00fablica demonstrou ilegalidade no cumprimento do mandado de reintegra\u00e7\u00e3o. <br><\/p>\n\n\n\n<p><br><a href=\"http:\/\/blogdalucianaoliveira.com.br\/blog\/2021\/04\/02\/ro-recurso-da-defensoria-publica-prova-que-despejo-em-acampamento-da-lcp-e-ilegal\/\">http:\/\/blogdalucianaoliveira.com.br\/blog\/2021\/04\/02\/ro-recurso-da-defensoria-publica-prova-que-despejo-em-acampamento-da-lcp-e-ilegal\/<\/a><\/p>\n\n\n\n<p>V\u00e1rias entidades emitiram nota de rep\u00fadio contra a press\u00e3o do governo Marcos Rocha para antecipar o cumprimento do despejo e com o que chamam de arbitrariedades. <\/p>\n\n\n\n<p>Relembre aqui: <a href=\"http:\/\/blogdalucianaoliveira.com.br\/blog\/2021\/04\/12\/nota-de-repudio-contra-as-acoes-arbitrarias-e-violentas-do-estado-brasileiro-para-com-camponeses-e-camponesas-de-rondonia\/\">http:\/\/blogdalucianaoliveira.com.br\/blog\/2021\/04\/12\/nota-de-repudio-contra-as-acoes-arbitrarias-e-violentas-do-estado-brasileiro-para-com-camponeses-e-camponesas-de-rondonia\/<\/a><br><\/p>\n\n\n\n<p><\/p>\n","protected":false},"excerpt":{"rendered":"<p>A decis\u00e3o foi publicada nesta segunda-feira, 12, pelo juiz da 2\u00aa Unidade de Conflitos Agr\u00e1rios de Porto Velho e suspende a ordem de reintegra\u00e7\u00e3o de posse no acampamento no Acampamento Manoel Ribeiro, Chupinguaia\/RO.<\/p>\n","protected":false},"author":1,"featured_media":0,"comment_status":"closed","ping_status":"open","sticky":false,"template":"","format":"standard","meta":{"_exactmetrics_skip_tracking":false,"_exactmetrics_sitenote_active":false,"_exactmetrics_sitenote_note":"","_exactmetrics_sitenote_category":0,"jetpack_post_was_ever_published":false,"_jetpack_newsletter_access":"","_jetpack_dont_email_post_to_subs":false,"_jetpack_newsletter_tier_id":0,"_jetpack_memberships_contains_paywalled_content":false,"_jetpack_memberships_contains_paid_content":false,"footnotes":"","jetpack_publicize_message":"","jetpack_publicize_feature_enabled":true,"jetpack_social_post_already_shared":true,"jetpack_social_options":{"image_generator_settings":{"template":"highway","enabled":false},"version":2}},"categories":[1],"tags":[],"class_list":["post-31563","post","type-post","status-publish","format-standard","hentry","category-notas"],"jetpack_publicize_connections":[],"jetpack_sharing_enabled":true,"jetpack_featured_media_url":"","jetpack_shortlink":"https:\/\/wp.me\/p7wKYW-8d5","jetpack-related-posts":[],"_links":{"self":[{"href":"http:\/\/blogdalucianaoliveira.com.br\/blog\/wp-json\/wp\/v2\/posts\/31563","targetHints":{"allow":["GET"]}}],"collection":[{"href":"http:\/\/blogdalucianaoliveira.com.br\/blog\/wp-json\/wp\/v2\/posts"}],"about":[{"href":"http:\/\/blogdalucianaoliveira.com.br\/blog\/wp-json\/wp\/v2\/types\/post"}],"author":[{"embeddable":true,"href":"http:\/\/blogdalucianaoliveira.com.br\/blog\/wp-json\/wp\/v2\/users\/1"}],"replies":[{"embeddable":true,"href":"http:\/\/blogdalucianaoliveira.com.br\/blog\/wp-json\/wp\/v2\/comments?post=31563"}],"version-history":[{"count":2,"href":"http:\/\/blogdalucianaoliveira.com.br\/blog\/wp-json\/wp\/v2\/posts\/31563\/revisions"}],"predecessor-version":[{"id":31567,"href":"http:\/\/blogdalucianaoliveira.com.br\/blog\/wp-json\/wp\/v2\/posts\/31563\/revisions\/31567"}],"wp:attachment":[{"href":"http:\/\/blogdalucianaoliveira.com.br\/blog\/wp-json\/wp\/v2\/media?parent=31563"}],"wp:term":[{"taxonomy":"category","embeddable":true,"href":"http:\/\/blogdalucianaoliveira.com.br\/blog\/wp-json\/wp\/v2\/categories?post=31563"},{"taxonomy":"post_tag","embeddable":true,"href":"http:\/\/blogdalucianaoliveira.com.br\/blog\/wp-json\/wp\/v2\/tags?post=31563"}],"curies":[{"name":"wp","href":"https:\/\/api.w.org\/{rel}","templated":true}]}}