{"id":31568,"date":"2021-04-13T15:38:43","date_gmt":"2021-04-13T19:38:43","guid":{"rendered":"http:\/\/blogdalucianaoliveira.com.br\/blog\/?p=31568"},"modified":"2021-04-13T15:38:48","modified_gmt":"2021-04-13T19:38:48","slug":"militares-ficarao-abracados-a-bolsonaro-ate-o-fim-do-governo","status":"publish","type":"post","link":"http:\/\/blogdalucianaoliveira.com.br\/blog\/2021\/04\/13\/militares-ficarao-abracados-a-bolsonaro-ate-o-fim-do-governo\/","title":{"rendered":"Militares ficar\u00e3o abra\u00e7ados a Bolsonaro at\u00e9 o fim do governo"},"content":{"rendered":"\n<figure class=\"wp-block-image size-large\"><img loading=\"lazy\" decoding=\"async\" width=\"1858\" height=\"1333\" data-attachment-id=\"31569\" data-permalink=\"http:\/\/blogdalucianaoliveira.com.br\/blog\/2021\/04\/13\/militares-ficarao-abracados-a-bolsonaro-ate-o-fim-do-governo\/b18668bc-bf5b-470e-a8a3-db3066eefb45\/\" data-orig-file=\"https:\/\/i0.wp.com\/blogdalucianaoliveira.com.br\/blog\/wp-content\/uploads\/2021\/04\/B18668BC-BF5B-470E-A8A3-DB3066EEFB45.jpeg?fit=1858%2C1333\" data-orig-size=\"1858,1333\" data-comments-opened=\"0\" data-image-meta=\"{&quot;aperture&quot;:&quot;0&quot;,&quot;credit&quot;:&quot;&quot;,&quot;camera&quot;:&quot;&quot;,&quot;caption&quot;:&quot;&quot;,&quot;created_timestamp&quot;:&quot;0&quot;,&quot;copyright&quot;:&quot;&quot;,&quot;focal_length&quot;:&quot;0&quot;,&quot;iso&quot;:&quot;0&quot;,&quot;shutter_speed&quot;:&quot;0&quot;,&quot;title&quot;:&quot;&quot;,&quot;orientation&quot;:&quot;0&quot;}\" data-image-title=\"B18668BC-BF5B-470E-A8A3-DB3066EEFB45\" data-image-description=\"\" data-image-caption=\"\" data-medium-file=\"https:\/\/i0.wp.com\/blogdalucianaoliveira.com.br\/blog\/wp-content\/uploads\/2021\/04\/B18668BC-BF5B-470E-A8A3-DB3066EEFB45.jpeg?fit=300%2C215\" data-large-file=\"https:\/\/i0.wp.com\/blogdalucianaoliveira.com.br\/blog\/wp-content\/uploads\/2021\/04\/B18668BC-BF5B-470E-A8A3-DB3066EEFB45.jpeg?fit=600%2C431\" src=\"https:\/\/i0.wp.com\/blogdalucianaoliveira.com.br\/blog\/wp-content\/uploads\/2021\/04\/B18668BC-BF5B-470E-A8A3-DB3066EEFB45.jpeg?fit=600%2C431\" alt=\"\" class=\"wp-image-31569\" srcset=\"https:\/\/i0.wp.com\/blogdalucianaoliveira.com.br\/blog\/wp-content\/uploads\/2021\/04\/B18668BC-BF5B-470E-A8A3-DB3066EEFB45.jpeg?w=1858 1858w, https:\/\/i0.wp.com\/blogdalucianaoliveira.com.br\/blog\/wp-content\/uploads\/2021\/04\/B18668BC-BF5B-470E-A8A3-DB3066EEFB45.jpeg?resize=300%2C215 300w, https:\/\/i0.wp.com\/blogdalucianaoliveira.com.br\/blog\/wp-content\/uploads\/2021\/04\/B18668BC-BF5B-470E-A8A3-DB3066EEFB45.jpeg?resize=1024%2C735 1024w, https:\/\/i0.wp.com\/blogdalucianaoliveira.com.br\/blog\/wp-content\/uploads\/2021\/04\/B18668BC-BF5B-470E-A8A3-DB3066EEFB45.jpeg?resize=768%2C551 768w, https:\/\/i0.wp.com\/blogdalucianaoliveira.com.br\/blog\/wp-content\/uploads\/2021\/04\/B18668BC-BF5B-470E-A8A3-DB3066EEFB45.jpeg?resize=1536%2C1102 1536w, https:\/\/i0.wp.com\/blogdalucianaoliveira.com.br\/blog\/wp-content\/uploads\/2021\/04\/B18668BC-BF5B-470E-A8A3-DB3066EEFB45.jpeg?resize=418%2C300 418w, https:\/\/i0.wp.com\/blogdalucianaoliveira.com.br\/blog\/wp-content\/uploads\/2021\/04\/B18668BC-BF5B-470E-A8A3-DB3066EEFB45.jpeg?w=1200 1200w, https:\/\/i0.wp.com\/blogdalucianaoliveira.com.br\/blog\/wp-content\/uploads\/2021\/04\/B18668BC-BF5B-470E-A8A3-DB3066EEFB45.jpeg?w=1800 1800w\" sizes=\"auto, (max-width: 600px) 100vw, 600px\" \/><\/figure>\n\n\n\n<p>The Intercept &#8211;  A DEMISS\u00c3O DO MINISTRO DA DEFESA,\u00a0general Fernando Azevedo e Silva, e dos dos tr\u00eas comandantes das For\u00e7as Armadas brasileiras a dois dias do anivers\u00e1rio do golpe militar de 1964 acendeu a luz vermelha na rela\u00e7\u00e3o dos militares com o governo federal. Com diversos motivos sendo colocados pela imprensa,<a href=\"https:\/\/crusoe.com.br\/diario\/planalto-pediu-que-ministerios-avaliassem-proposta-de-estado-de-defesa-e-de-intervencao-nos-estados\/\">\u00a0incluindo uma suposta tentativa de implementa\u00e7\u00e3o de um Estado de Defesa<\/a>, a declara\u00e7\u00e3o do presidente de que os bastidores n\u00e3o ser\u00e3o divulgados \u00e0 sociedade \u00e9 algo de extrema gravidade. A demiss\u00e3o dos mais altos oficiais, no entanto, n\u00e3o inocenta ou sela um compromisso irrevog\u00e1vel das For\u00e7as Armadas com a democracia,<a href=\"https:\/\/theintercept.com\/2021\/03\/30\/imprensa-farsa-militares-governo-bolsonaro\/\">\u00a0como bem j\u00e1 explorou o pr\u00f3prio Intercept Brasil<\/a>. Mas o que esperar agora?<\/p>\n\n\n\n<!--more-->\n\n\n\n<p>Se Jair Bolsonaro de fato fez algum grave pedido inconstitucional aos militares, n\u00e3o h\u00e1 outra forma de interpretar o fato: o presidente da Rep\u00fablica tentou um golpe de estado em seu sentido mais cl\u00e1ssico, colocando os militares na rua para alterar din\u00e2micas pol\u00edticas dom\u00e9sticas. Bolsonaro jamais escondeu seu apre\u00e7o pelo per\u00edodo da ditadura militar \u2013 que ele, inclusive,&nbsp;<a href=\"https:\/\/agenciabrasil.ebc.com.br\/politica\/noticia\/2019-03\/para-bolsonaro-nao-houve-ditadura-no-brasil\" target=\"_blank\" rel=\"noreferrer noopener\">considerava<\/a>&nbsp;que tinha sido branda demais.<\/p>\n\n\n\n<p>Tamb\u00e9m jamais escondeu seus desejos de implantar um regime autorit\u00e1rio din\u00e1stico, com a participa\u00e7\u00e3o ativa dos filhos nas mais importantes decis\u00f5es pol\u00edticas do pa\u00eds. Sob sua presid\u00eancia, o pa\u00eds colocou os militares de volta na pol\u00edtica, em n\u00famero que supera at\u00e9 mesmo a pr\u00f3pria ditadura \u2013 o que fez<a href=\"https:\/\/brasil.elpais.com\/opiniao\/2021-03-23\/a-segunda-fase-do-regime-militar.html\">&nbsp;Vladimir Safatle considerar que vivemos um regime militar sem golpe<\/a>. Mas isso&nbsp;pode estar prestes a mudar.<\/p>\n\n\n\n<p>Trabalhemos com quatro poss\u00edveis cen\u00e1rios.<a href=\"https:\/\/theintercept.com\/brasil\/newsletter\/?source=Article-In&amp;referrer_post_id=351330\"><\/a><\/p>\n\n\n\n<p>No primeiro, Bolsonaro faz como fez at\u00e9 agora no Minist\u00e9rio da Sa\u00fade, substituindo o ministro e os comandantes militares at\u00e9 que fiquem meros fantoches, dispostos a aceitar o comando de colocar as For\u00e7as Armadas nas ruas em um regime excepcional. Nesse cen\u00e1rio, concretiza-se o anseio do presidente de se firmar como lideran\u00e7a autorit\u00e1ria, com o comando absoluto dos militares e usando-os instrumentalmente para governar de acordo com sua \u00fanica vontade. Seria o fim do regime democr\u00e1tico pelo golpe de estado de Bolsonaro, e a subjuga\u00e7\u00e3o total da caserna ao ex-capit\u00e3o.<\/p>\n\n\n\n<p>Um outro desdobramento poss\u00edvel \u00e9 uma cis\u00e3o dentro das For\u00e7as Armadas, entre uma ala bolsonarista e uma ala n\u00e3o bolsonarista. Se o alto comando se insubordinar ao comandante-em-chefe (como demonstrou o gesto de Azevedo e Silva e dos tr\u00eas comandantes das For\u00e7as), recusando-se a aceitar as ordens do presidente, e talvez promovendo uma retirada em massa dos militares dos cargos pol\u00edticos que hoje ocupam, teremos, igualmente, um golpe militar. Nesse caso, a retirada do apoio dos militares, um dos sustent\u00e1culos fundamentais do governo, promoveria um aprofundamento da crise pol\u00edtica, e talvez precipitasse um processo de impeachment de Jair Bolsonaro. Quem assumiria a presid\u00eancia ent\u00e3o seria o general Hamilton Mour\u00e3o, que, muito provavelmente, traria de volta a elite insubordinada ao centro do jogo pol\u00edtico. Seria um cen\u00e1rio perfeito para a manuten\u00e7\u00e3o dos militares na pol\u00edtica \u2013 desta vez, como salvadores da democracia (algo semelhante com 1964?), retirando uma lideran\u00e7a inapta e autorit\u00e1ria.<\/p>\n\n\n\n<p>Um terceiro desdobramento seria, pela demora na lideran\u00e7a do Congresso, os pr\u00f3prios militares desencadearem um golpe de estado, afastando eles mesmos o presidente do Planalto. Os resultados seriam semelhantes ao do cen\u00e1rio anterior, onde Bolsonaro \u00e9 afastado por impeachment, com um retorno \u201csalvador\u201d dos militares ao comando do pa\u00eds. Nesse cen\u00e1rio, teriam o argumento que era preciso afastar imediatamente o presidente da Rep\u00fablica, que estaria tentando um autogolpe e for\u00e7ando as For\u00e7as Armadas a segui-lo incontestavelmente. Atropelariam o devido processo legal \u2013 e democr\u00e1tico \u2013 de afastamento de um presidente via impeachment, mas em \u201cdefesa da ordem democr\u00e1tica\u201d (sic). Esse cen\u00e1rio seria baseado na vis\u00e3o distorcida de democracia que ainda permeia a caserna brasileira, na qual teriam um&nbsp;<a href=\"https:\/\/www.conjur.com.br\/2020-jul-31\/forcas-armadas-nao-sao-poder-moderador-agu-stf\" target=\"_blank\" rel=\"noreferrer noopener\">\u201cpoder moderador\u201d<\/a>&nbsp;(sic) e o direito a tutelar a condu\u00e7\u00e3o pol\u00edtica do pa\u00eds.<\/p>\n\n\n\n<p>A nomea\u00e7\u00e3o do general Walter Souza Braga Netto para o Minist\u00e9rio da Defesa indicou que o caminho desejado pelo presidente era o do primeiro cen\u00e1rio, ao colocar um nome que aderiu ao bolsonarismo em seus primeiros momentos, e que ajudou a trazer o movimento para dentro dos quart\u00e9is.<\/p>\n\n\n\n<div class=\"wp-block-image\"><figure class=\"aligncenter\"><img data-recalc-dims=\"1\" decoding=\"async\" src=\"https:\/\/i0.wp.com\/theintercept.imgix.net\/wp-uploads\/sites\/1\/2021\/04\/braga-netto.jpg?w=600&#038;ssl=1\" alt=\"braga-netto\" class=\"wp-image-351351\"\/><\/figure><\/div>\n\n\n\n<p>Braga Netto tomou posse como novo ministro da Defesa dizendo que seguir\u00e1 as orienta\u00e7\u00f5es de Bolsonaro dentro do que prev\u00ea a Constitui\u00e7\u00e3o.<\/p>\n\n\n\n<p>Foto: Andressa Anholete\/Getty Images<\/p>\n\n\n\n<p>No entanto, as nomea\u00e7\u00f5es dos comandantes militares indicaram que este primeiro cen\u00e1rio se torna mais improv\u00e1vel, uma vez que ao menos uma queda de bra\u00e7o foi ganha pela caserna. A l\u00f3gica profissional e institucional de senioridade para a nomea\u00e7\u00e3o dos comandantes foi respeitada pelo governo nas tr\u00eas nomea\u00e7\u00f5es. Tanto o general Paulo S\u00e9rgio Nogueira de Oliveira para o Ex\u00e9rcito, o almirante Almir Garnier para a Marinha e o brigadeiro Carlos Almeida Baptista J\u00fanior para a For\u00e7a A\u00e9rea est\u00e3o entre a turma de mais antigos altos-oficiais em seus respectivos comandos. Ganhou o aspecto de profissionaliza\u00e7\u00e3o militar,&nbsp;na qual&nbsp;promo\u00e7\u00f5es e nomea\u00e7\u00f5es n\u00e3o s\u00e3o definidas pelo governo da ocasi\u00e3o, mas seguem um padr\u00e3o institucional definido pelas pr\u00f3prias For\u00e7as Armadas, algo que soci\u00f3logos Samuel Huntington e Morris Janowitz desenvolveram nos trabalhos seminais do campo das rela\u00e7\u00f5es civis-militares.<\/p>\n\n\n\n<p>O presidente perdeu a \u201cqueda de bra\u00e7o\u201d, os militares n\u00e3o aceitaram uma ordem inconstitucional e a democracia foi preservada gra\u00e7as \u00e0s insubordina\u00e7\u00f5es salvadoras do alto comando militar, certo? N\u00e3o. Pelo contr\u00e1rio,&nbsp;a&nbsp;foto ensaiada do general Nogueira de Oliveira com seus antecessores, t\u00edpica da guerra h\u00edbrida e da comunica\u00e7\u00e3o social que o Ex\u00e9rcito vem gerindo h\u00e1 anos, pela&nbsp;<a href=\"https:\/\/theintercept.com\/2021\/03\/04\/entrevista-bolsonaro-presidente-e-projeto-das-forcas-armadas-diz-piero-leirner\/\">hip\u00f3tese de Piero Leirner<\/a>, \u00e9 um exemplo que tudo mudou para nada mudar \u2013 algo t\u00edpico das \u201crevolu\u00e7\u00f5es\u201d brasileiras.<\/p>\n\n\n\n<p>A maior crise militar do \u00faltimo meio s\u00e9culo tem nos dois pr\u00e9vios comandantes do Ex\u00e9rcito grande responsabilidade. Villas B\u00f4as foi o comandante do Ex\u00e9rcito que, pelo Twitter, em texto gerido por todo o alto-comando da For\u00e7a, deu voz&nbsp;<a href=\"https:\/\/www.conjur.com.br\/2021-fev-12\/villas-boas-revela-alto-comando-exercito-ameacou-stf\" target=\"_blank\" rel=\"noreferrer noopener\">\u00e0 amea\u00e7a ao STF<\/a>&nbsp;\u00e0s v\u00e9speras do julgamento de Lula em 2018 \u2013 algo j\u00e1 bastante explorado pela m\u00eddia, e que escancarou as portas dos quart\u00e9is para a pol\u00edtica. Foi, segundo o pr\u00f3prio Bolsonaro, em mais uma declara\u00e7\u00e3o que esconde o conte\u00fado da conversa,&nbsp;<a href=\"https:\/\/oglobo.globo.com\/brasil\/o-senhor-um-dos-responsaveis-por-eu-estar-aqui-diz-bolsonaro-comandante-do-exercito-23341238\" target=\"_blank\" rel=\"noreferrer noopener\">o grande respons\u00e1vel<\/a>&nbsp;por ele estar onde est\u00e1.<\/p>\n\n\n\n<div class=\"wp-block-image\"><figure class=\"aligncenter\"><img data-recalc-dims=\"1\" decoding=\"async\" src=\"https:\/\/i0.wp.com\/theintercept.imgix.net\/wp-uploads\/sites\/1\/2021\/04\/exercito.png?w=600&#038;ssl=1\" alt=\"A\u00a0foto ensaiada do general Nogueira de Oliveira com seus antecessores \u00e9 t\u00edpica da guerra h\u00edbrida e da comunica\u00e7\u00e3o social que o Ex\u00e9rcito vem gerindo h\u00e1 anos. Tudo muda para nada mudar.\" class=\"wp-image-351629\"\/><\/figure><\/div>\n\n\n\n<p>A&nbsp;foto ensaiada do general Nogueira de Oliveira com seus antecessores \u00e9 t\u00edpica da guerra h\u00edbrida e da comunica\u00e7\u00e3o social que o Ex\u00e9rcito vem gerindo h\u00e1 anos. Tudo muda para nada mudar.<\/p>\n\n\n\n<p>Foto: Reprodu\u00e7\u00e3o\/Ex\u00e9rcito Brasileiro<\/p>\n\n\n\n<p>Seu sucessor no cargo, j\u00e1 no governo do ex-capit\u00e3o, Edson Leal Pujol foi o comandante do Ex\u00e9rcito que, dentre outras coisas, foi um dos respons\u00e1veis por permitir que generais da ativa ocupassem cargos no primeiro escal\u00e3o do governo, isto sem falar nos cerca de<a href=\"https:\/\/politica.estadao.com.br\/noticias\/geral,com-2-9-mil-cargos-forcas-armadas-temem-desgaste,70003320117\">1,6 mil militares na ativa do Ex\u00e9rcito em cargos de indica\u00e7\u00e3o pol\u00edtica na administra\u00e7\u00e3o p\u00fablica federal<\/a>. Foi sob sua gest\u00e3o que um militar da ativa, general Eduardo Pazuello, aceitou como \u201cmiss\u00e3o\u201d a obedi\u00eancia cega ao comandante-em-chefe \u00e0 frente do Minist\u00e9rio da Sa\u00fade. Ap\u00f3s 10 meses no cargo, saiu com um d\u00e9ficit oficial de mortes por covid-19 de cerca de 265 mil \u00f3bitos.<\/p>\n\n\n\n<p>Luiz Eduardo Ramos, ex da Secretaria de Governo e atual ministro-chefe da Casa Civil (sim, um militar \u00e9 o chefe da Casa&nbsp;<em>Civil<\/em>), \u00e9 outro que iniciou seu per\u00edodo de governo ainda na ativa, sob o comando de Pujol. Por mais que o ent\u00e3o comandante do Ex\u00e9rcito declarasse que os militares n\u00e3o queriam fazer parte da pol\u00edtica, foi sob sua gest\u00e3o que isso aconteceu de forma acelerada, consolidando os militares como o grupo pol\u00edtico que, mesmo sem afilia\u00e7\u00e3o partid\u00e1ria, ocupam uma fatia maior do que a de qualquer partido pol\u00edtico na gest\u00e3o Bolsonaro.<\/p>\n\n\n\n<p>De igual maneira, Marinha e Aeron\u00e1utica seguem com militares em postos de primeiro escal\u00e3o, como o almirante Fl\u00e1vio Augusto Viana Rocha, na ativa pela Marinha, nomeado sob o comando do demitido almirante Ilques Barbosa Junior para a Secretaria de Assuntos Estrat\u00e9gicos ainda em 2020, e que, desde o m\u00eas passado, passou tamb\u00e9m a acumular a fun\u00e7\u00e3o de Secret\u00e1rio Especial de Comunica\u00e7\u00e3o Social do Minist\u00e9rio das Comunica\u00e7\u00f5es. Marcos Pontes, ainda que na reserva da For\u00e7a A\u00e9rea, ocupa desde o in\u00edcio da gest\u00e3o Bolsonaro o cargo de ministro da Ci\u00eancia e Tecnologia. Segundo o&nbsp;<a href=\"https:\/\/www.correiobraziliense.com.br\/app\/noticia\/economia\/2020\/07\/17\/internas_economia,873137\/segundo-tcu-6-1-mil-militares-ocupam-cargos-no-governo.shtml\" target=\"_blank\" rel=\"noreferrer noopener\">levantamento<\/a>&nbsp;do Tribunal de Contas da Uni\u00e3o de quase um ano atr\u00e1s, eram ali mais de 6 mil militares em postos da administra\u00e7\u00e3o p\u00fablica federal.\u2018Estamos fadados a conviver com a militariza\u00e7\u00e3o da pol\u00edtica ao menos at\u00e9 o fim do atual mandato\u2019.<\/p>\n\n\n\n<p>Com sal\u00e1rios que chegam \u00e0 casa das centenas de milhares de reais, como o que o general Joaquim Silva e Luna (primeiro militar a ocupar o Minist\u00e9rio da Defesa, sob indica\u00e7\u00e3o de Michel Temer, mostrando que a politiza\u00e7\u00e3o da caserna \u00e9 pr\u00e9via ao governo Bolsonaro), que&nbsp;<a href=\"https:\/\/economia.estadao.com.br\/noticias\/geral,criticada-por-bolsonaro-remuneracao-de-presidente-da-petrobras-esta-dentro-da-realidade-de-mercado,70003624846\" target=\"_blank\" rel=\"noreferrer noopener\">receber\u00e1&nbsp;<\/a>R$ 226 mil por m\u00eas no comando da Petrobras, at\u00e9 os \u201cm\u00f3dicos\u201d 30% de b\u00f4nus que os cargos de indica\u00e7\u00e3o pol\u00edtica d\u00e3o aos fardados, o desembarque dos militares do governo parece igualmente um cen\u00e1rio pouco prov\u00e1vel. Sem falar nos ganhos institucionais, como a manuten\u00e7\u00e3o do or\u00e7amento do Minist\u00e9rio da Defesa em meio a cortes gerais em toda a Esplanada, e nos ganhos coletivos, como os privil\u00e9gios mantidos pela classe durante a reforma da previd\u00eancia, que veio aliada a uma reestrutura\u00e7\u00e3o do plano de carreiras para l\u00e1 de ben\u00e9fica ao alto-oficialato.<\/p>\n\n\n\n<p>A demiss\u00e3o dos quatro mais alto-oficiais militares nos d\u00e1 uma dire\u00e7\u00e3o que tampouco parece prov\u00e1vel o terceiro cen\u00e1rio, da pr\u00f3pria caserna derrubar Bolsonaro. A elite da tropa parece ter chegado a um limite \u00e9tico que, at\u00e9 mesmo para os militares brasileiros, n\u00e3o pode ser ultrapassado. Limite que, diga-se, n\u00e3o inclui distanciamento da pol\u00edtica, a coniv\u00eancia com uma gest\u00e3o criminosa da pandemia que ceifa diariamente a vida de milhares de brasileiros ou at\u00e9 mesmo,<a href=\"https:\/\/veja.abril.com.br\/politica\/as-revelacoes-de-eduardo-cunha-sobre-os-bastidores-do-impeachment-de-dilma\/\">\u00a0segundo relato do ex-deputado Eduardo Cunha, o monitoramento detalhado das atividades e do dia-a-dia da presidenta Dilma Rousseff sem o seu devido conhecimento<\/a>.<\/p>\n\n\n\n<p>Isso nos leva a um quarto e mais poss\u00edvel cen\u00e1rio, no qual os militares tampouco abandonam o governo, mas tamb\u00e9m n\u00e3o embarcam nos mais severos arroubos autorit\u00e1rios de Jair Bolsonaro \u2013 o que n\u00e3o os torna necessariamente democratas ou amantes da Constitui\u00e7\u00e3o de 1988. As leituras que os militares s\u00e3o os respons\u00e1veis por colocar freios no presidente da Rep\u00fablica n\u00e3o devem se esquecer jamais que seguem correspons\u00e1veis por um governo calamitoso e irrespons\u00e1vel, e que nada disso provavelmente teria acontecido se n\u00e3o tivessem sido um dos primeiros a apoiar a candidatura do ex-capit\u00e3o.<\/p>\n\n\n\n<p>Vozes demitidas que hoje tentam soar como moderadas dentro das For\u00e7as, e at\u00e9 cr\u00edticas a Bolsonaro, como o ex-ministro general Carlos Alberto dos Santos Cruz e o ex-porta voz da Presid\u00eancia da Rep\u00fablica, general Ot\u00e1vio R\u00eago Barros, se esquecem que s\u00e3o igualmente respons\u00e1veis pela exist\u00eancia do atual governo e pelo pr\u00f3prio engajamento militar na tutela pol\u00edtica no pa\u00eds.<\/p>\n\n\n\n<p>A n\u00e3o ser que os demitidos esclare\u00e7am o que de fato aconteceu, jamais saberemos o limite que a elite militar do pa\u00eds estabeleceu para seu grau de engajamento pol\u00edtico dom\u00e9stico. O<a href=\"https:\/\/noticias.uol.com.br\/politica\/ultimas-noticias\/2021\/03\/30\/oposicao-cita-tentativa-de-golpe-em-pl-que-da-poderes-a-bolsonaro.htm\">&nbsp;pol\u00eamico projeto de Lei da Mobiliza\u00e7\u00e3o Nacional que o major Vitor Hugo, l\u00edder do governo na C\u00e2mara, apresentou no mesmo dia da demiss\u00e3o da elite militar do pa\u00eds<\/a>&nbsp;nos d\u00e1 uma indicativa do que seria. N\u00e3o conseguindo o apoio das For\u00e7as Armadas, tudo indica que o presidente tentou elaborar uma medida que lhe garantiria o controle das Pol\u00edcias Militares, de responsabilidade dos governos estaduais. A pergunta que esse cen\u00e1rio nos deixa \u00e9: afinal, para qu\u00ea Bolsonaro quer tanto uma for\u00e7a armada sob seu irrestrito comando?\u2018E, mais uma vez, apresentam-se \u00e0 na\u00e7\u00e3o para salv\u00e1-la de um problema que eles mesmos ajudaram a criar\u2019.<\/p>\n\n\n\n<p>O quarto cen\u00e1rio talvez seja o mais desastroso para o pa\u00eds, uma vez que, n\u00e3o conseguindo o endosso cego dos militares ou o controle das pol\u00edcias, empurra o presidente a conclamar os \u201ccidad\u00e3os de bem\u201d, devidamente armados pelos decretos de flexibiliza\u00e7\u00e3o do acesso a armas e muni\u00e7\u00f5es emitidos pelo governo, e parte das mil\u00edcias que controlam setores importantes das grandes cidades do pa\u00eds para o apoio \u00e0 sua tentativa de autogolpe e a instala\u00e7\u00e3o de um governo de car\u00e1ter autorit\u00e1rio no Brasil. E o recente v\u00eddeo do presidente nacional do Partido Trabalhista Brasileiro, Roberto Jefferson, apoiador e entusiasta do atual governo, parece caminhar neste sentido. Nele, Jefferson&nbsp;<a href=\"https:\/\/congressoemfoco.uol.com.br\/governo\/arma-e-porrete-roberto-jefferson-prega-reacao-contra-interrupcao-de-cultos\/\">incita<\/a>&nbsp;a popula\u00e7\u00e3o a reagir contra as autoridades p\u00fablicas (ou, em suas palavras, o \u201csat\u00e3\u201d ou os \u201ccomunistas\u201d) que tentarem fechar templos e igrejas para controle da pandemia do coronav\u00edrus.<\/p>\n\n\n\n<p>O v\u00eddeo de Jefferson \u00e9 um guia de incita\u00e7\u00e3o \u00e0 ordem p\u00fablica, inclusive com a indica\u00e7\u00e3o de um adere\u00e7o militar, a&nbsp;<a>balaclava<\/a>, usada nos combates militar e policial para preservar a identidade e anonimizar os soldados. Estamos em um cen\u00e1rio em que, incitados por um governo de militares, que conta com amplo apoio de policiais, cidad\u00e3os armados podem causar uma convuls\u00e3o social e precipitar um conflito civil dom\u00e9stico para garantir as medidas excepcionais desejadas pelo presidente. E tudo isso com o apoio e a coniv\u00eancia dos cidad\u00e3os-em-armas que deveriam representar o monop\u00f3lio leg\u00edtimo da for\u00e7a dentro do pa\u00eds.<\/p>\n\n\n\n<p>Todos esses cen\u00e1rios s\u00e3o igualmente desastrosos para a democracia brasileira. Nenhum deles teria acontecido se a pol\u00edtica n\u00e3o tivesse entrado pela porta da frente dentro dos quart\u00e9is. Uma vez que entrou, n\u00e3o h\u00e1 sa\u00edda que n\u00e3o seja danosa. No primeiro e no \u00faltimo cen\u00e1rios, Bolsonaro radicaliza seu governo. No segundo e no terceiro cen\u00e1rios, ele \u00e9 substitu\u00eddo, e o general Hamilton Mour\u00e3o assume a presid\u00eancia at\u00e9 2022. Ou seja: estamos fadados a conviver com a militariza\u00e7\u00e3o da pol\u00edtica ao menos at\u00e9 o fim do atual mandato. A vis\u00e3o que os militares salvariam o pa\u00eds da crise causada por Bolsonaro \u00e9 absurda e falsa, uma vez que s\u00e3o eles tamb\u00e9m parte do problema. E, mais uma vez, apresentam-se \u00e0 na\u00e7\u00e3o para salv\u00e1-la de um problema que eles mesmos ajudaram a criar.<\/p>\n\n\n\n<p>Dif\u00edcil \u00e9 prever os custos em danos, em vidas, econ\u00f4micos, institucionais e pol\u00edticos que nos meteram os militares, a Lava Jato e o centr\u00e3o pol\u00edtico, que d\u00e1 sobrevida \u00e0 gest\u00e3o de Bolsonaro mesmo com dezenas de crimes de responsabilidade praticados em plena luz do dia.<\/p>\n","protected":false},"excerpt":{"rendered":"<p>The Intercept &#8211; A DEMISS\u00c3O DO MINISTRO DA DEFESA,\u00a0general Fernando Azevedo e Silva, e dos dos tr\u00eas comandantes das For\u00e7as Armadas brasileiras a dois dias do anivers\u00e1rio do golpe militar de 1964 acendeu a luz vermelha na rela\u00e7\u00e3o dos militares com o governo federal. Com diversos motivos sendo colocados pela imprensa,\u00a0incluindo uma suposta tentativa de&#8230;<a class=\"more-link\" href=\"http:\/\/blogdalucianaoliveira.com.br\/blog\/2021\/04\/13\/militares-ficarao-abracados-a-bolsonaro-ate-o-fim-do-governo\/\">Continue a leitura <span class=\"meta-nav\">&raquo;<\/span><\/a><\/p>\n","protected":false},"author":1,"featured_media":0,"comment_status":"closed","ping_status":"open","sticky":false,"template":"","format":"standard","meta":{"_exactmetrics_skip_tracking":false,"_exactmetrics_sitenote_active":false,"_exactmetrics_sitenote_note":"","_exactmetrics_sitenote_category":0,"jetpack_post_was_ever_published":false,"_jetpack_newsletter_access":"","_jetpack_dont_email_post_to_subs":false,"_jetpack_newsletter_tier_id":0,"_jetpack_memberships_contains_paywalled_content":false,"_jetpack_memberships_contains_paid_content":false,"footnotes":"","jetpack_publicize_message":"","jetpack_publicize_feature_enabled":true,"jetpack_social_post_already_shared":true,"jetpack_social_options":{"image_generator_settings":{"template":"highway","enabled":false},"version":2}},"categories":[1],"tags":[],"class_list":["post-31568","post","type-post","status-publish","format-standard","hentry","category-notas"],"jetpack_publicize_connections":[],"jetpack_sharing_enabled":true,"jetpack_featured_media_url":"","jetpack_shortlink":"https:\/\/wp.me\/p7wKYW-8da","jetpack-related-posts":[],"_links":{"self":[{"href":"http:\/\/blogdalucianaoliveira.com.br\/blog\/wp-json\/wp\/v2\/posts\/31568","targetHints":{"allow":["GET"]}}],"collection":[{"href":"http:\/\/blogdalucianaoliveira.com.br\/blog\/wp-json\/wp\/v2\/posts"}],"about":[{"href":"http:\/\/blogdalucianaoliveira.com.br\/blog\/wp-json\/wp\/v2\/types\/post"}],"author":[{"embeddable":true,"href":"http:\/\/blogdalucianaoliveira.com.br\/blog\/wp-json\/wp\/v2\/users\/1"}],"replies":[{"embeddable":true,"href":"http:\/\/blogdalucianaoliveira.com.br\/blog\/wp-json\/wp\/v2\/comments?post=31568"}],"version-history":[{"count":1,"href":"http:\/\/blogdalucianaoliveira.com.br\/blog\/wp-json\/wp\/v2\/posts\/31568\/revisions"}],"predecessor-version":[{"id":31570,"href":"http:\/\/blogdalucianaoliveira.com.br\/blog\/wp-json\/wp\/v2\/posts\/31568\/revisions\/31570"}],"wp:attachment":[{"href":"http:\/\/blogdalucianaoliveira.com.br\/blog\/wp-json\/wp\/v2\/media?parent=31568"}],"wp:term":[{"taxonomy":"category","embeddable":true,"href":"http:\/\/blogdalucianaoliveira.com.br\/blog\/wp-json\/wp\/v2\/categories?post=31568"},{"taxonomy":"post_tag","embeddable":true,"href":"http:\/\/blogdalucianaoliveira.com.br\/blog\/wp-json\/wp\/v2\/tags?post=31568"}],"curies":[{"name":"wp","href":"https:\/\/api.w.org\/{rel}","templated":true}]}}