{"id":31582,"date":"2021-04-14T12:16:30","date_gmt":"2021-04-14T16:16:30","guid":{"rendered":"http:\/\/blogdalucianaoliveira.com.br\/blog\/?p=31582"},"modified":"2021-04-14T12:16:34","modified_gmt":"2021-04-14T16:16:34","slug":"juiz-suspende-reintegracao-de-posse-em-ro-e-sugere-federalizacao-do-caso","status":"publish","type":"post","link":"http:\/\/blogdalucianaoliveira.com.br\/blog\/2021\/04\/14\/juiz-suspende-reintegracao-de-posse-em-ro-e-sugere-federalizacao-do-caso\/","title":{"rendered":"Juiz suspende reintegra\u00e7\u00e3o de posse em RO e sugere federaliza\u00e7\u00e3o do caso"},"content":{"rendered":"\n<figure class=\"wp-block-image size-large\"><img data-recalc-dims=\"1\" loading=\"lazy\" decoding=\"async\" width=\"600\" height=\"265\" data-attachment-id=\"31583\" data-permalink=\"http:\/\/blogdalucianaoliveira.com.br\/blog\/2021\/04\/14\/juiz-suspende-reintegracao-de-posse-em-ro-e-sugere-federalizacao-do-caso\/1f724bed-bea9-4d8f-853a-c9c74d4361e1\/\" data-orig-file=\"https:\/\/i0.wp.com\/blogdalucianaoliveira.com.br\/blog\/wp-content\/uploads\/2021\/04\/1F724BED-BEA9-4D8F-853A-C9C74D4361E1.png?fit=1024%2C453\" data-orig-size=\"1024,453\" data-comments-opened=\"0\" data-image-meta=\"{&quot;aperture&quot;:&quot;0&quot;,&quot;credit&quot;:&quot;&quot;,&quot;camera&quot;:&quot;&quot;,&quot;caption&quot;:&quot;&quot;,&quot;created_timestamp&quot;:&quot;0&quot;,&quot;copyright&quot;:&quot;&quot;,&quot;focal_length&quot;:&quot;0&quot;,&quot;iso&quot;:&quot;0&quot;,&quot;shutter_speed&quot;:&quot;0&quot;,&quot;title&quot;:&quot;&quot;,&quot;orientation&quot;:&quot;0&quot;}\" data-image-title=\"1F724BED-BEA9-4D8F-853A-C9C74D4361E1\" data-image-description=\"\" data-image-caption=\"\" data-medium-file=\"https:\/\/i0.wp.com\/blogdalucianaoliveira.com.br\/blog\/wp-content\/uploads\/2021\/04\/1F724BED-BEA9-4D8F-853A-C9C74D4361E1.png?fit=300%2C133\" data-large-file=\"https:\/\/i0.wp.com\/blogdalucianaoliveira.com.br\/blog\/wp-content\/uploads\/2021\/04\/1F724BED-BEA9-4D8F-853A-C9C74D4361E1.png?fit=600%2C265\" src=\"https:\/\/i0.wp.com\/blogdalucianaoliveira.com.br\/blog\/wp-content\/uploads\/2021\/04\/1F724BED-BEA9-4D8F-853A-C9C74D4361E1.png?resize=600%2C265\" alt=\"\" class=\"wp-image-31583\" srcset=\"https:\/\/i0.wp.com\/blogdalucianaoliveira.com.br\/blog\/wp-content\/uploads\/2021\/04\/1F724BED-BEA9-4D8F-853A-C9C74D4361E1.png?w=1024 1024w, https:\/\/i0.wp.com\/blogdalucianaoliveira.com.br\/blog\/wp-content\/uploads\/2021\/04\/1F724BED-BEA9-4D8F-853A-C9C74D4361E1.png?resize=300%2C133 300w, https:\/\/i0.wp.com\/blogdalucianaoliveira.com.br\/blog\/wp-content\/uploads\/2021\/04\/1F724BED-BEA9-4D8F-853A-C9C74D4361E1.png?resize=768%2C340 768w, https:\/\/i0.wp.com\/blogdalucianaoliveira.com.br\/blog\/wp-content\/uploads\/2021\/04\/1F724BED-BEA9-4D8F-853A-C9C74D4361E1.png?resize=678%2C300 678w\" sizes=\"auto, (max-width: 600px) 100vw, 600px\" \/><\/figure>\n\n\n\n<p><em><strong>Acampamento Manoel Ribeiro, em Chupinguaia, teria de ser desocupado at\u00e9 junho; mas o magistrado viu tema de alta complexidade e risco de viola\u00e7\u00e3o aos direitos humanos para sugerir que o caso passe a tramitar na Justi\u00e7a Federal<\/strong><\/em><\/p>\n\n\n\n<!--more-->\n\n\n\n<p>Por&nbsp;<strong>Leonardo Fuhrmann<\/strong><\/p>\n\n\n\n<figure class=\"wp-block-image\"><a href=\"https:\/\/deolhonosruralistas.com.br\/de-olho-nos-mil-parceiros\/\"><img data-recalc-dims=\"1\" decoding=\"async\" src=\"https:\/\/i0.wp.com\/deolhonosruralistas.com.br\/wp-content\/uploads\/2017\/03\/DEOLHO2017-chamada-meio-texto.png?w=600&#038;ssl=1\" alt=\"\" class=\"wp-image-3364\"\/><\/a><\/figure>\n\n\n\n<p>O juiz Roberto Gil de Oliveira, da 2\u00aa Vara de Conflitos Agr\u00e1rios de Porto Velho, suspendeu por tempo indeterminado a reintegra\u00e7\u00e3o de posse do acampamento Manoel Ribeiro, em Chupinguaia (RO). Para decidir pela suspens\u00e3o, ele levou em conta o relat\u00f3rio da Secretaria de Seguran\u00e7a P\u00fablica sobre o caso e as considera\u00e7\u00f5es do Comando Geral da Pol\u00edcia Militar. Militantes de direitos humanos defendem que as duas manifesta\u00e7\u00f5es comprovam uma tentativa de criminaliza\u00e7\u00e3o dos movimentos sociais. Oliveira sugeriu tamb\u00e9m a federaliza\u00e7\u00e3o do caso, devido \u00e0 sua complexidade e ao risco de viola\u00e7\u00e3o dos direitos humanos.<\/p>\n\n\n\n<figure class=\"wp-block-image\"><img data-recalc-dims=\"1\" height=\"231\" width=\"300\" decoding=\"async\" src=\"https:\/\/i0.wp.com\/deolhonosruralistas.com.br\/wp-content\/uploads\/2021\/04\/acampamento-2-300x231.jpg?resize=300%2C231&#038;ssl=1\" alt=\"\" class=\"wp-image-20992\"\/><figcaption>Fam\u00edlias ocupam a antiga Fazenda Santa Elina, cen\u00e1rio, nos anos 90, do Massacre de Corumbiara. (Foto: Resist\u00eancia Camponesa)<\/figcaption><\/figure>\n\n\n\n<p>A ocupa\u00e7\u00e3o foi feita em agosto do ano passado e re\u00fane mais de 200 fam\u00edlias, segundo os ocupantes. A Fazenda Nossa Senhora Aparecida \u00e9 parte da antiga Fazenda Santa Elina, onde, em meados dos anos 90, foi cometido o Massacre de Corumbiara. Oficialmente, catorze ocupantes da terra foram assassinados na opera\u00e7\u00e3o policial de desocupa\u00e7\u00e3o do latif\u00fandio, entre eles uma crian\u00e7a de 9 anos. Dois policiais tamb\u00e9m foram mortos.<\/p>\n\n\n\n<p>A Liga dos Camponeses Pobres de Rond\u00f4nia tem o massacre como marco de sua cria\u00e7\u00e3o. Por isso, al\u00e9m da quest\u00e3o agr\u00e1ria, a ocupa\u00e7\u00e3o tem um car\u00e1ter simb\u00f3lico para o grupo. Os ocupantes n\u00e3o s\u00e3o o \u00fanico ponto em comum entre a atual ocupa\u00e7\u00e3o e a do massacre. O atual secret\u00e1rio de Seguran\u00e7a P\u00fablica, Jos\u00e9 H\u00e9lio Cysneiros Pach\u00e1, \u00e9 coronel da PM e na \u00e9poca, ainda como capit\u00e3o, foi um dos comandantes da opera\u00e7\u00e3o que resultou na morte dos camponeses. R\u00e9u, ele acabou absolvido.<\/p>\n\n\n\n<h3 class=\"wp-block-heading\">POLICIAIS S\u00c3O ACUSADOS DE FORMAR MIL\u00cdCIA PRIVADA<\/h3>\n\n\n\n<p>A situa\u00e7\u00e3o ficou mais tensa depois de uma opera\u00e7\u00e3o comandada pelo Minist\u00e9rio P\u00fablico prender um sargento, dois soldados e um cabo da Pol\u00edcia Militar, al\u00e9m de dois funcion\u00e1rios da fazenda. Segundo as investiga\u00e7\u00f5es, o sargento coordenava o servi\u00e7o de pistolagem na regi\u00e3o, sendo respons\u00e1vel pela log\u00edstica e recrutamento do bando armado. No momento da pris\u00e3o, foram encontradas com eles diversas armas de fogo n\u00e3o registradas. Os policiais s\u00e3o acusados de tentar fazer reintegra\u00e7\u00f5es de posse na regi\u00e3o sem ordem judicial.<\/p>\n\n\n\n<p>Em nota, a Associa\u00e7\u00e3o Brasileira de Advogados Populares (Abrapo) denunciou v\u00e1rias a\u00e7\u00f5es coordenadas pela Pol\u00edcia Militar contra os camponeses, como o cerco ao acampamento, ataques com g\u00e1s lacrimog\u00eaneo e spray de pimenta e balas de borracha. O local era sobrevoado com helic\u00f3ptero. Al\u00e9m disso, a Abrapo afirma que h\u00e1 uma press\u00e3o para que as secretarias municipais de sa\u00fade suspendam o atendimento m\u00e9dico aos assentados da regi\u00e3o.<\/p>\n\n\n\n<p>O pedido de reintegra\u00e7\u00e3o de posse foi feito pela Agropecu\u00e1ria Cabixi. A empresa pertence a Antonio Borges Afonso Filho, Ana S\u00edlvia Pereira de Morais Afonso e Ana Cristina Pereira de Morais Afonso Gottardi. A empresa \u00e9 dedicada \u00e0 pecu\u00e1ria bovina de corte, tem sede em Ara\u00e7atuba (SP) e outra propriedade em Ivinhema (MS).<\/p>\n\n\n\n<h3 class=\"wp-block-heading\">GOVERNADOR RECEBE APOIO DE NABHAN GARCIA<\/h3>\n\n\n\n<figure class=\"wp-block-image\"><img data-recalc-dims=\"1\" height=\"200\" width=\"300\" decoding=\"async\" src=\"https:\/\/i0.wp.com\/deolhonosruralistas.com.br\/wp-content\/uploads\/2021\/04\/governador-rondonia-e-nabhan-300x200.jpg?resize=300%2C200&#038;ssl=1\" alt=\"\" class=\"wp-image-20989\"\/><figcaption>O governador e coronel Marcos Rocha (PSL-RO) com o secret\u00e1rio de Regulariza\u00e7\u00e3o Fundi\u00e1ria, Luiz Ant\u00f4nio Nabhan Garcia (Foto: Divulga\u00e7\u00e3o)<\/figcaption><\/figure>\n\n\n\n<p>A Defensoria P\u00fablica de Rond\u00f4nia se manifestou contra o despejo, sob a alega\u00e7\u00e3o de que a retirada das fam\u00edlias no meio da pandemia contraria a Recomenda\u00e7\u00e3o No. 90\/2021 do Conselho Nacional de Justi\u00e7a e a Resolu\u00e7\u00e3o No. 10\/2018 do Conselho Nacional de Direitos Humanos. Aliado fiel do presidente Jair Bolsonaro, o governador Marcos Rocha (PSL) \u00e9 coronel da PM. Ele chegou a gravar, em Bras\u00edlia, no fim de mar\u00e7o, um v\u00eddeo ao lado do secret\u00e1rio especial de Regulariza\u00e7\u00e3o Fundi\u00e1ria,&nbsp;<a href=\"https:\/\/www.rondoniadinamica.com\/noticias\/2021\/03\/video-contra-invasao-de-terras-no-cone-sul-governador-de-rondonia-vai-a-brasilia-e-fala-em-acabar-com-o-terrorismo,100061.shtml\">Luiz Ant\u00f4nio Nabhan Garcia<\/a>, em que pede ajuda do governo federal na repress\u00e3o \u00e0s ocupa\u00e7\u00f5es de terra.<\/p>\n\n\n\n<p>Ex-presidente da Uni\u00e3o Democr\u00e1tica Ruralista (UDR), Nabhan Garcia j\u00e1 teve seu nome envolvido com a pr\u00e1tica de forma\u00e7\u00e3o de mil\u00edcias com o objetivo de atacar e intimidar os movimentos sem-terra: \u201c<a href=\"https:\/\/theintercept.com\/2019\/02\/19\/milicias-nabhan-garcia\/\">Mil\u00edcias e fuzis: as m\u00e1s companhias de Nabhan Garcia, o homem de Bolsonaro para a reforma agr\u00e1ria<\/a>\u201d. A reportagem do De Olho nos Ruralistas foi publicada no The Intercept Brasil.<\/p>\n\n\n\n<p>|&nbsp;<a href=\"https:\/\/twitter.com\/lfuhrmann\">Leonardo Fuhrmann<\/a>&nbsp;\u00e9 rep\u00f3rter do De Olho nos Ruralistas. |<\/p>\n","protected":false},"excerpt":{"rendered":"<p>Acampamento Manoel Ribeiro, em Chupinguaia, teria de ser desocupado at\u00e9 junho; mas o magistrado viu tema de alta complexidade e risco de viola\u00e7\u00e3o aos direitos humanos para sugerir que o caso passe a tramitar na Justi\u00e7a Federal<\/p>\n","protected":false},"author":1,"featured_media":0,"comment_status":"closed","ping_status":"open","sticky":false,"template":"","format":"standard","meta":{"_exactmetrics_skip_tracking":false,"_exactmetrics_sitenote_active":false,"_exactmetrics_sitenote_note":"","_exactmetrics_sitenote_category":0,"jetpack_post_was_ever_published":false,"_jetpack_newsletter_access":"","_jetpack_dont_email_post_to_subs":false,"_jetpack_newsletter_tier_id":0,"_jetpack_memberships_contains_paywalled_content":false,"_jetpack_memberships_contains_paid_content":false,"footnotes":"","jetpack_publicize_message":"","jetpack_publicize_feature_enabled":true,"jetpack_social_post_already_shared":true,"jetpack_social_options":{"image_generator_settings":{"template":"highway","enabled":false},"version":2}},"categories":[1],"tags":[461,484],"class_list":["post-31582","post","type-post","status-publish","format-standard","hentry","category-notas","tag-chupinguaia","tag-despejo"],"jetpack_publicize_connections":[],"jetpack_sharing_enabled":true,"jetpack_featured_media_url":"","jetpack_shortlink":"https:\/\/wp.me\/p7wKYW-8do","jetpack-related-posts":[],"_links":{"self":[{"href":"http:\/\/blogdalucianaoliveira.com.br\/blog\/wp-json\/wp\/v2\/posts\/31582","targetHints":{"allow":["GET"]}}],"collection":[{"href":"http:\/\/blogdalucianaoliveira.com.br\/blog\/wp-json\/wp\/v2\/posts"}],"about":[{"href":"http:\/\/blogdalucianaoliveira.com.br\/blog\/wp-json\/wp\/v2\/types\/post"}],"author":[{"embeddable":true,"href":"http:\/\/blogdalucianaoliveira.com.br\/blog\/wp-json\/wp\/v2\/users\/1"}],"replies":[{"embeddable":true,"href":"http:\/\/blogdalucianaoliveira.com.br\/blog\/wp-json\/wp\/v2\/comments?post=31582"}],"version-history":[{"count":1,"href":"http:\/\/blogdalucianaoliveira.com.br\/blog\/wp-json\/wp\/v2\/posts\/31582\/revisions"}],"predecessor-version":[{"id":31584,"href":"http:\/\/blogdalucianaoliveira.com.br\/blog\/wp-json\/wp\/v2\/posts\/31582\/revisions\/31584"}],"wp:attachment":[{"href":"http:\/\/blogdalucianaoliveira.com.br\/blog\/wp-json\/wp\/v2\/media?parent=31582"}],"wp:term":[{"taxonomy":"category","embeddable":true,"href":"http:\/\/blogdalucianaoliveira.com.br\/blog\/wp-json\/wp\/v2\/categories?post=31582"},{"taxonomy":"post_tag","embeddable":true,"href":"http:\/\/blogdalucianaoliveira.com.br\/blog\/wp-json\/wp\/v2\/tags?post=31582"}],"curies":[{"name":"wp","href":"https:\/\/api.w.org\/{rel}","templated":true}]}}