{"id":31585,"date":"2021-04-15T11:56:33","date_gmt":"2021-04-15T15:56:33","guid":{"rendered":"http:\/\/blogdalucianaoliveira.com.br\/blog\/?p=31585"},"modified":"2021-04-15T11:56:39","modified_gmt":"2021-04-15T15:56:39","slug":"cuba-esta-perto-de-desenvolver-a-primeira-vacina-contra-o-covid-19-da-america-latina","status":"publish","type":"post","link":"http:\/\/blogdalucianaoliveira.com.br\/blog\/2021\/04\/15\/cuba-esta-perto-de-desenvolver-a-primeira-vacina-contra-o-covid-19-da-america-latina\/","title":{"rendered":"Cuba est\u00e1 perto de desenvolver a primeira vacina contra o Covid-19 da Am\u00e9rica Latina"},"content":{"rendered":"\n<figure class=\"wp-block-image size-large\"><img data-recalc-dims=\"1\" loading=\"lazy\" decoding=\"async\" width=\"600\" height=\"336\" data-attachment-id=\"31586\" data-permalink=\"http:\/\/blogdalucianaoliveira.com.br\/blog\/2021\/04\/15\/cuba-esta-perto-de-desenvolver-a-primeira-vacina-contra-o-covid-19-da-america-latina\/287501a9-bb14-4b81-afed-bc227b359a61\/\" data-orig-file=\"https:\/\/i0.wp.com\/blogdalucianaoliveira.com.br\/blog\/wp-content\/uploads\/2021\/04\/287501A9-BB14-4B81-AFED-BC227B359A61.jpeg?fit=765%2C428\" data-orig-size=\"765,428\" data-comments-opened=\"0\" data-image-meta=\"{&quot;aperture&quot;:&quot;0&quot;,&quot;credit&quot;:&quot;&quot;,&quot;camera&quot;:&quot;&quot;,&quot;caption&quot;:&quot;&quot;,&quot;created_timestamp&quot;:&quot;0&quot;,&quot;copyright&quot;:&quot;&quot;,&quot;focal_length&quot;:&quot;0&quot;,&quot;iso&quot;:&quot;0&quot;,&quot;shutter_speed&quot;:&quot;0&quot;,&quot;title&quot;:&quot;&quot;,&quot;orientation&quot;:&quot;1&quot;}\" data-image-title=\"287501A9-BB14-4B81-AFED-BC227B359A61\" data-image-description=\"\" data-image-caption=\"\" data-medium-file=\"https:\/\/i0.wp.com\/blogdalucianaoliveira.com.br\/blog\/wp-content\/uploads\/2021\/04\/287501A9-BB14-4B81-AFED-BC227B359A61.jpeg?fit=300%2C168\" data-large-file=\"https:\/\/i0.wp.com\/blogdalucianaoliveira.com.br\/blog\/wp-content\/uploads\/2021\/04\/287501A9-BB14-4B81-AFED-BC227B359A61.jpeg?fit=600%2C336\" src=\"https:\/\/i0.wp.com\/blogdalucianaoliveira.com.br\/blog\/wp-content\/uploads\/2021\/04\/287501A9-BB14-4B81-AFED-BC227B359A61.jpeg?resize=600%2C336\" alt=\"\" class=\"wp-image-31586\" srcset=\"https:\/\/i0.wp.com\/blogdalucianaoliveira.com.br\/blog\/wp-content\/uploads\/2021\/04\/287501A9-BB14-4B81-AFED-BC227B359A61.jpeg?w=765 765w, https:\/\/i0.wp.com\/blogdalucianaoliveira.com.br\/blog\/wp-content\/uploads\/2021\/04\/287501A9-BB14-4B81-AFED-BC227B359A61.jpeg?resize=300%2C168 300w, https:\/\/i0.wp.com\/blogdalucianaoliveira.com.br\/blog\/wp-content\/uploads\/2021\/04\/287501A9-BB14-4B81-AFED-BC227B359A61.jpeg?resize=536%2C300 536w\" sizes=\"auto, (max-width: 600px) 100vw, 600px\" \/><\/figure>\n\n\n\n<h4 class=\"wp-block-heading\">As vacinas cubanas candidatas chamam-se Soberana 02 e Abdala e est\u00e3o na fase 3 dos ensaios cl\u00ednicos.<\/h4>\n\n\n\n<!--more-->\n\n\n\n<p>No TRT<\/p>\n\n\n\n<p>Cuba est\u00e1 perto de desenvolver a primeira vacina contra o Covid-19 da Am\u00e9rica Latina. A Soberana 02 foi desenvolvida pelo Instituto de Vacinas Finlay (IFV), e \u201cest\u00e1 atualmente na fase III dos ensaios cl\u00ednicos em Havana, com uma amostra de 44 mil 10 pessoas. Mas o estudo de interven\u00e7\u00e3o chegar\u00e1 a um total de 150 mil\u201d \u2013 de acordo com a ag\u00eancia estatal Prensa Latina.<\/p>\n\n\n\n<p>Por sua vez, a vacina Abdala \u201cest\u00e1 a ser administrada a 48 mil volunt\u00e1rios nas prov\u00edncias de Santiago de Cuba, Granma e Guant\u00e1namo, durante a terceira etapa dos ensaios cl\u00ednicos. O estudo de interven\u00e7\u00e3o nestas regi\u00f5es, bem como em Sancti Sp\u00edritus e Havana, vai cobrir um total de 124 mil sujeitos\u201d.<\/p>\n\n\n\n<p>A Soberana 02 iniciou o seu ensaio em segmentos populacionais com alto risco de infe\u00e7\u00e3o a 23 de mar\u00e7o, em Havana, ao mesmo tempo que s\u00e3o desenvolvidas as an\u00e1lises cl\u00ednicas de fase III.<\/p>\n\n\n\n<p>Por seu turno, o ensaio da vacina Abdala come\u00e7ou no dia 29 de mar\u00e7o e abrange profissionais de sa\u00fade e o setor biofarmac\u00eautico, entre outros \u2013 de acordo com a ag\u00eancia Prensa Latina.<\/p>\n\n\n\n<p>Cuba registou 88 445 casos de Covid-19, 476 mortes e tem 83 087 pessoas recuperadas da doen\u00e7a.<\/p>\n\n\n\n<p>O governo da Venezuela j\u00e1 anunciou que ir\u00e1 fabricar a vacina Abdala num laborat\u00f3rio de Caracas.<\/p>\n\n\n\n<p>\u201cFomos acompanhados pela delega\u00e7\u00e3o cubana a esta f\u00e1brica, para verificar se est\u00e3o reunidas todas as condi\u00e7\u00f5es para a produ\u00e7\u00e3o da vacina Abdala no nosso pa\u00eds\u201d &#8211; afirmou a vice-presidente Delcy Rodr\u00edguez.<\/p>\n\n\n\n<p>\u201cA Venezuela est\u00e1 \u00e0 procura de todas as alternativas poss\u00edveis de acesso \u00e0s vacinas, e esta \u00e9 uma das op\u00e7\u00f5es mais importantes devido \u00e0 rela\u00e7\u00e3o de fraternidade que temos com Cuba\u201d &#8211; acrescentou o ministro da Sa\u00fade da Venezuela, Carlos Alvarado.<\/p>\n","protected":false},"excerpt":{"rendered":"<p>As vacinas cubanas candidatas chamam-se Soberana 02 e Abdala e est\u00e3o na fase 3 dos ensaios cl\u00ednicos.<\/p>\n","protected":false},"author":1,"featured_media":0,"comment_status":"closed","ping_status":"open","sticky":false,"template":"","format":"standard","meta":{"_exactmetrics_skip_tracking":false,"_exactmetrics_sitenote_active":false,"_exactmetrics_sitenote_note":"","_exactmetrics_sitenote_category":0,"jetpack_post_was_ever_published":false,"_jetpack_newsletter_access":"","_jetpack_dont_email_post_to_subs":false,"_jetpack_newsletter_tier_id":0,"_jetpack_memberships_contains_paywalled_content":false,"_jetpack_memberships_contains_paid_content":false,"footnotes":"","jetpack_publicize_message":"","jetpack_publicize_feature_enabled":true,"jetpack_social_post_already_shared":true,"jetpack_social_options":{"image_generator_settings":{"template":"highway","enabled":false},"version":2}},"categories":[1],"tags":[],"class_list":["post-31585","post","type-post","status-publish","format-standard","hentry","category-notas"],"jetpack_publicize_connections":[],"jetpack_sharing_enabled":true,"jetpack_featured_media_url":"","jetpack_shortlink":"https:\/\/wp.me\/p7wKYW-8dr","jetpack-related-posts":[],"_links":{"self":[{"href":"http:\/\/blogdalucianaoliveira.com.br\/blog\/wp-json\/wp\/v2\/posts\/31585","targetHints":{"allow":["GET"]}}],"collection":[{"href":"http:\/\/blogdalucianaoliveira.com.br\/blog\/wp-json\/wp\/v2\/posts"}],"about":[{"href":"http:\/\/blogdalucianaoliveira.com.br\/blog\/wp-json\/wp\/v2\/types\/post"}],"author":[{"embeddable":true,"href":"http:\/\/blogdalucianaoliveira.com.br\/blog\/wp-json\/wp\/v2\/users\/1"}],"replies":[{"embeddable":true,"href":"http:\/\/blogdalucianaoliveira.com.br\/blog\/wp-json\/wp\/v2\/comments?post=31585"}],"version-history":[{"count":1,"href":"http:\/\/blogdalucianaoliveira.com.br\/blog\/wp-json\/wp\/v2\/posts\/31585\/revisions"}],"predecessor-version":[{"id":31587,"href":"http:\/\/blogdalucianaoliveira.com.br\/blog\/wp-json\/wp\/v2\/posts\/31585\/revisions\/31587"}],"wp:attachment":[{"href":"http:\/\/blogdalucianaoliveira.com.br\/blog\/wp-json\/wp\/v2\/media?parent=31585"}],"wp:term":[{"taxonomy":"category","embeddable":true,"href":"http:\/\/blogdalucianaoliveira.com.br\/blog\/wp-json\/wp\/v2\/categories?post=31585"},{"taxonomy":"post_tag","embeddable":true,"href":"http:\/\/blogdalucianaoliveira.com.br\/blog\/wp-json\/wp\/v2\/tags?post=31585"}],"curies":[{"name":"wp","href":"https:\/\/api.w.org\/{rel}","templated":true}]}}