{"id":31588,"date":"2021-04-15T12:05:04","date_gmt":"2021-04-15T16:05:04","guid":{"rendered":"http:\/\/blogdalucianaoliveira.com.br\/blog\/?p=31588"},"modified":"2021-04-15T12:05:08","modified_gmt":"2021-04-15T16:05:08","slug":"science-estudo-aponta-erros-graves-do-governo-brasileiro-no-combate-a-pandemia-de-covid-19","status":"publish","type":"post","link":"http:\/\/blogdalucianaoliveira.com.br\/blog\/2021\/04\/15\/science-estudo-aponta-erros-graves-do-governo-brasileiro-no-combate-a-pandemia-de-covid-19\/","title":{"rendered":"Science: Estudo aponta erros graves do governo brasileiro no combate \u00e0 pandemia de Covid-19"},"content":{"rendered":"\n<figure class=\"wp-block-image size-large\"><img data-recalc-dims=\"1\" loading=\"lazy\" decoding=\"async\" width=\"450\" height=\"253\" data-attachment-id=\"31589\" data-permalink=\"http:\/\/blogdalucianaoliveira.com.br\/blog\/2021\/04\/15\/science-estudo-aponta-erros-graves-do-governo-brasileiro-no-combate-a-pandemia-de-covid-19\/fda0f765-1370-450f-ba07-2472216af04f\/\" data-orig-file=\"https:\/\/i0.wp.com\/blogdalucianaoliveira.com.br\/blog\/wp-content\/uploads\/2021\/04\/FDA0F765-1370-450F-BA07-2472216AF04F.jpeg?fit=450%2C253\" data-orig-size=\"450,253\" data-comments-opened=\"0\" data-image-meta=\"{&quot;aperture&quot;:&quot;0&quot;,&quot;credit&quot;:&quot;&quot;,&quot;camera&quot;:&quot;&quot;,&quot;caption&quot;:&quot;&quot;,&quot;created_timestamp&quot;:&quot;0&quot;,&quot;copyright&quot;:&quot;&quot;,&quot;focal_length&quot;:&quot;0&quot;,&quot;iso&quot;:&quot;0&quot;,&quot;shutter_speed&quot;:&quot;0&quot;,&quot;title&quot;:&quot;&quot;,&quot;orientation&quot;:&quot;0&quot;}\" data-image-title=\"FDA0F765-1370-450F-BA07-2472216AF04F\" data-image-description=\"\" data-image-caption=\"\" data-medium-file=\"https:\/\/i0.wp.com\/blogdalucianaoliveira.com.br\/blog\/wp-content\/uploads\/2021\/04\/FDA0F765-1370-450F-BA07-2472216AF04F.jpeg?fit=300%2C169\" data-large-file=\"https:\/\/i0.wp.com\/blogdalucianaoliveira.com.br\/blog\/wp-content\/uploads\/2021\/04\/FDA0F765-1370-450F-BA07-2472216AF04F.jpeg?fit=450%2C253\" src=\"https:\/\/i0.wp.com\/blogdalucianaoliveira.com.br\/blog\/wp-content\/uploads\/2021\/04\/FDA0F765-1370-450F-BA07-2472216AF04F.jpeg?resize=450%2C253\" alt=\"\" class=\"wp-image-31589\" srcset=\"https:\/\/i0.wp.com\/blogdalucianaoliveira.com.br\/blog\/wp-content\/uploads\/2021\/04\/FDA0F765-1370-450F-BA07-2472216AF04F.jpeg?w=450 450w, https:\/\/i0.wp.com\/blogdalucianaoliveira.com.br\/blog\/wp-content\/uploads\/2021\/04\/FDA0F765-1370-450F-BA07-2472216AF04F.jpeg?resize=300%2C169 300w\" sizes=\"auto, (max-width: 450px) 100vw, 450px\" \/><\/figure>\n\n\n\n<p>Pesquisa foi publicada na revista cient\u00edfica Science. Entre os erros do governo, o estudo cita a promo\u00e7\u00e3o da cloroquina como tratamento e a falta de coordena\u00e7\u00e3o nacional entre os diferentes n\u00edveis do governo.<\/p>\n\n\n\n<!--more-->\n\n\n\n<p>G1<\/p>\n\n\n\n<p>Um estudo publicado na revista cient\u00edfica Science nesta quarta-feira (15) aponta erros do governo brasileiro na resposta \u00e0 pandemia de\u00a0<a href=\"https:\/\/g1.globo.com\/bemestar\/coronavirus\/\">Covid-19<\/a>. Segundo os pesquisadores, o fracasso do combate ao v\u00edrus foi uma\u00a0combina\u00e7\u00e3o perigosa de ina\u00e7\u00e3o e falhas,como o uso de tratamentos sem efic\u00e1cia comprovada e a falta de coordena\u00e7\u00e3o nacional entre os diferentes n\u00edveis de governo.<\/p>\n\n\n\n<p>\u201cNo Brasil, a resposta federal foi uma combina\u00e7\u00e3o perigosa de ina\u00e7\u00e3o e erros, incluindo a promo\u00e7\u00e3o da\u00a0<a href=\"https:\/\/g1.globo.com\/bemestar\/coronavirus\/noticia\/2021\/03\/01\/hidroxicloroquina-nao-deve-ser-usada-como-prevencao-contra-a-covid-indica-diretriz-da-oms.ghtml\">cloroquina como tratamento<\/a>, apesar da falta de evid\u00eancias cient\u00edficas\u201d, dizem os pesquisadores.<\/p>\n\n\n\n<p>A pesquisa aponta que o fracasso em combater o v\u00edrus vai&nbsp;facilitar o surgimento de novas variantes, isolar ainda mais o Brasil como&nbsp;uma amea\u00e7a \u00e0 sa\u00fade global&nbsp;e \u201clevar a uma crise humanit\u00e1ria completamente evit\u00e1vel\u201d.&nbsp;<\/p>\n\n\n\n<figure class=\"wp-block-image\"><img data-recalc-dims=\"1\" decoding=\"async\" src=\"https:\/\/i0.wp.com\/s03.video.glbimg.com\/x240\/9437318.jpg?w=600&#038;ssl=1\" alt=\"Science: pesquisa aponta ina\u00e7\u00e3o do governo brasileiro na pandemia\"\/><\/figure>\n\n\n\n<p>Science: pesquisa aponta ina\u00e7\u00e3o do governo brasileiro na pandemia&nbsp;<\/p>\n\n\n\n<p>A pesquisadora M\u00e1rcia Castro, professora da escola de pol\u00edticas p\u00fablicas da Universidade Harvard, que participou do estudo, falou sobre como a falta de alinhamento pol\u00edtico prejudicou o combate da pandemia no Brasil.&nbsp;<\/p>\n\n\n\n<blockquote class=\"wp-block-quote is-layout-flow wp-block-quote-is-layout-flow\"><p>\u201cFica muito claro que em um contexto de extrema desigualdade social \u00e9 absolutamente fundamental que a a\u00e7\u00e3o seja coordenada. E no caso do Brasil, seguindo o pacto da sa\u00fade que foi estabelecido com o SUS. A a\u00e7\u00e3o precisa ser coordenada de tal forma que munic\u00edpios possam implementar um plano nacional, com apoio do estado e do governo federal\u201d &#8211; M\u00e1rcia Castro, pesquisadora.<\/p><\/blockquote>\n\n\n\n<p>O estudo cita cinco motivos para a propaga\u00e7\u00e3o do v\u00edrus nos estados brasileiros:&nbsp;<\/p>\n\n\n\n<ol class=\"wp-block-list\"><li>O Brasil \u00e9 grande e desigual, com disparidades em quantidade e qualidade de recursos de sa\u00fade (por exemplo, leitos hospitalares, m\u00e9dicos) e renda<\/li><li>Uma densa rede urbana que conecta e influencia os munic\u00edpios por meio de transporte, servi\u00e7os e neg\u00f3cios n\u00e3o foi totalmente interrompida durante picos de casos ou mortes<\/li><li>O alinhamento pol\u00edtico entre governadores e presidente teve um papel no momento e na intensidade das medidas de distanciamento e a polariza\u00e7\u00e3o politizou a pandemia com consequ\u00eancias para a ades\u00e3o \u00e0s a\u00e7\u00f5es de controle<\/li><li>O SARS-CoV-2 estava circulando sem detec\u00e7\u00e3o no Brasil por mais de um m\u00eas, resultado da falta de vigil\u00e2ncia gen\u00f4mica bem estruturada<\/li><li>As cidades impuseram e relaxaram medidas em diferentes momentos, com base em crit\u00e9rios distintos, facilitando a propaga\u00e7\u00e3o do v\u00edrus<\/li><\/ol>\n\n\n\n<p>Os pesquisadores fazem um apelo e pedem a\u00e7\u00f5es de medidas para tentar frear o v\u00edrus. &#8220;Sem conten\u00e7\u00e3o imediata, medidas coordenadas de vigil\u00e2ncia epidemiol\u00f3gica e gen\u00f4mica e um esfor\u00e7o para vacinar o maior n\u00famero de pessoas o mais r\u00e1pido poss\u00edvel, a propaga\u00e7\u00e3o da P.1 provavelmente vai emular o padr\u00e3o mostrado aqui [no estudo], levando a uma perda de vidas inimagin\u00e1vel&#8221;.<\/p>\n","protected":false},"excerpt":{"rendered":"<p>Pesquisa foi publicada na revista cient\u00edfica Science. Entre os erros do governo, o estudo cita a promo\u00e7\u00e3o da cloroquina como tratamento e a falta de coordena\u00e7\u00e3o nacional entre os diferentes n\u00edveis do governo.<\/p>\n","protected":false},"author":1,"featured_media":0,"comment_status":"closed","ping_status":"open","sticky":false,"template":"","format":"standard","meta":{"_exactmetrics_skip_tracking":false,"_exactmetrics_sitenote_active":false,"_exactmetrics_sitenote_note":"","_exactmetrics_sitenote_category":0,"jetpack_post_was_ever_published":false,"_jetpack_newsletter_access":"","_jetpack_dont_email_post_to_subs":false,"_jetpack_newsletter_tier_id":0,"_jetpack_memberships_contains_paywalled_content":false,"_jetpack_memberships_contains_paid_content":false,"footnotes":"","jetpack_publicize_message":"","jetpack_publicize_feature_enabled":true,"jetpack_social_post_already_shared":true,"jetpack_social_options":{"image_generator_settings":{"template":"highway","enabled":false},"version":2}},"categories":[1],"tags":[],"class_list":["post-31588","post","type-post","status-publish","format-standard","hentry","category-notas"],"jetpack_publicize_connections":[],"jetpack_sharing_enabled":true,"jetpack_featured_media_url":"","jetpack_shortlink":"https:\/\/wp.me\/p7wKYW-8du","jetpack-related-posts":[],"_links":{"self":[{"href":"http:\/\/blogdalucianaoliveira.com.br\/blog\/wp-json\/wp\/v2\/posts\/31588","targetHints":{"allow":["GET"]}}],"collection":[{"href":"http:\/\/blogdalucianaoliveira.com.br\/blog\/wp-json\/wp\/v2\/posts"}],"about":[{"href":"http:\/\/blogdalucianaoliveira.com.br\/blog\/wp-json\/wp\/v2\/types\/post"}],"author":[{"embeddable":true,"href":"http:\/\/blogdalucianaoliveira.com.br\/blog\/wp-json\/wp\/v2\/users\/1"}],"replies":[{"embeddable":true,"href":"http:\/\/blogdalucianaoliveira.com.br\/blog\/wp-json\/wp\/v2\/comments?post=31588"}],"version-history":[{"count":1,"href":"http:\/\/blogdalucianaoliveira.com.br\/blog\/wp-json\/wp\/v2\/posts\/31588\/revisions"}],"predecessor-version":[{"id":31590,"href":"http:\/\/blogdalucianaoliveira.com.br\/blog\/wp-json\/wp\/v2\/posts\/31588\/revisions\/31590"}],"wp:attachment":[{"href":"http:\/\/blogdalucianaoliveira.com.br\/blog\/wp-json\/wp\/v2\/media?parent=31588"}],"wp:term":[{"taxonomy":"category","embeddable":true,"href":"http:\/\/blogdalucianaoliveira.com.br\/blog\/wp-json\/wp\/v2\/categories?post=31588"},{"taxonomy":"post_tag","embeddable":true,"href":"http:\/\/blogdalucianaoliveira.com.br\/blog\/wp-json\/wp\/v2\/tags?post=31588"}],"curies":[{"name":"wp","href":"https:\/\/api.w.org\/{rel}","templated":true}]}}