{"id":31591,"date":"2021-04-15T15:04:00","date_gmt":"2021-04-15T19:04:00","guid":{"rendered":"http:\/\/blogdalucianaoliveira.com.br\/blog\/?p=31591"},"modified":"2021-04-15T15:04:05","modified_gmt":"2021-04-15T19:04:05","slug":"bolsonaro-e-acusado-de-crime-contra-a-humanidade-no-parlamento-europeu","status":"publish","type":"post","link":"http:\/\/blogdalucianaoliveira.com.br\/blog\/2021\/04\/15\/bolsonaro-e-acusado-de-crime-contra-a-humanidade-no-parlamento-europeu\/","title":{"rendered":"Bolsonaro \u00e9 acusado de crime contra a humanidade no Parlamento Europeu"},"content":{"rendered":"\n<figure class=\"wp-block-image size-large\"><img loading=\"lazy\" decoding=\"async\" width=\"1250\" height=\"600\" data-attachment-id=\"31592\" data-permalink=\"http:\/\/blogdalucianaoliveira.com.br\/blog\/2021\/04\/15\/bolsonaro-e-acusado-de-crime-contra-a-humanidade-no-parlamento-europeu\/1a536a82-ec52-45c7-8ffd-f02261441fc4\/\" data-orig-file=\"https:\/\/i0.wp.com\/blogdalucianaoliveira.com.br\/blog\/wp-content\/uploads\/2021\/04\/1A536A82-EC52-45C7-8FFD-F02261441FC4.jpeg?fit=1250%2C600\" data-orig-size=\"1250,600\" data-comments-opened=\"0\" data-image-meta=\"{&quot;aperture&quot;:&quot;0&quot;,&quot;credit&quot;:&quot;&quot;,&quot;camera&quot;:&quot;&quot;,&quot;caption&quot;:&quot;&quot;,&quot;created_timestamp&quot;:&quot;0&quot;,&quot;copyright&quot;:&quot;&quot;,&quot;focal_length&quot;:&quot;0&quot;,&quot;iso&quot;:&quot;0&quot;,&quot;shutter_speed&quot;:&quot;0&quot;,&quot;title&quot;:&quot;&quot;,&quot;orientation&quot;:&quot;0&quot;}\" data-image-title=\"1A536A82-EC52-45C7-8FFD-F02261441FC4\" data-image-description=\"\" data-image-caption=\"\" data-medium-file=\"https:\/\/i0.wp.com\/blogdalucianaoliveira.com.br\/blog\/wp-content\/uploads\/2021\/04\/1A536A82-EC52-45C7-8FFD-F02261441FC4.jpeg?fit=300%2C144\" data-large-file=\"https:\/\/i0.wp.com\/blogdalucianaoliveira.com.br\/blog\/wp-content\/uploads\/2021\/04\/1A536A82-EC52-45C7-8FFD-F02261441FC4.jpeg?fit=600%2C288\" src=\"https:\/\/i0.wp.com\/blogdalucianaoliveira.com.br\/blog\/wp-content\/uploads\/2021\/04\/1A536A82-EC52-45C7-8FFD-F02261441FC4.jpeg?fit=600%2C288\" alt=\"\" class=\"wp-image-31592\" srcset=\"https:\/\/i0.wp.com\/blogdalucianaoliveira.com.br\/blog\/wp-content\/uploads\/2021\/04\/1A536A82-EC52-45C7-8FFD-F02261441FC4.jpeg?w=1250 1250w, https:\/\/i0.wp.com\/blogdalucianaoliveira.com.br\/blog\/wp-content\/uploads\/2021\/04\/1A536A82-EC52-45C7-8FFD-F02261441FC4.jpeg?resize=300%2C144 300w, https:\/\/i0.wp.com\/blogdalucianaoliveira.com.br\/blog\/wp-content\/uploads\/2021\/04\/1A536A82-EC52-45C7-8FFD-F02261441FC4.jpeg?resize=1024%2C492 1024w, https:\/\/i0.wp.com\/blogdalucianaoliveira.com.br\/blog\/wp-content\/uploads\/2021\/04\/1A536A82-EC52-45C7-8FFD-F02261441FC4.jpeg?resize=768%2C369 768w, https:\/\/i0.wp.com\/blogdalucianaoliveira.com.br\/blog\/wp-content\/uploads\/2021\/04\/1A536A82-EC52-45C7-8FFD-F02261441FC4.jpeg?resize=625%2C300 625w, https:\/\/i0.wp.com\/blogdalucianaoliveira.com.br\/blog\/wp-content\/uploads\/2021\/04\/1A536A82-EC52-45C7-8FFD-F02261441FC4.jpeg?w=1200 1200w\" sizes=\"auto, (max-width: 600px) 100vw, 600px\" \/><\/figure>\n\n\n\n<p><a href=\"https:\/\/www.redebrasilatual.com.br\/politica\/2021\/04\/bolsonaro-crime-contra-humanidade-europa\/\"><strong>Rede Brasil Atual<\/strong><\/a><strong>&nbsp;&#8211;&nbsp;<\/strong>O presidente Jair Bolsonaro foi acusado de cometer crime contra a humanidade por conta da crise sanit\u00e1ria que vive o Brasil em audi\u00eancia convocada pelo Parlamento Europeu nesta quinta-feira (15). Deputados afirmaram que a situa\u00e7\u00e3o do pa\u00eds \u00e9 resultado de decis\u00f5es pol\u00edticas por parte do governo federal. As informa\u00e7\u00f5es s\u00e3o do jornalista Jamil Chade, do UOL.<\/p>\n\n\n\n<!--more-->\n\n\n\n<p>Na reuni\u00e3o, o eurodeputado Miguel Urban Crespo, do partido de esquerda espanhol Podemos, afirmou que Jair Bolsonaro \u201cdeclarou guerra aos pobres, \u00e0 ci\u00eancia, \u00e0 vida e \u00e0 medicina\u201d.<\/p>\n\n\n\n<p>\u201cVamos dizer claramente: a necropol\u00edtica de Bolsonaro \u00e9 um crime contra a humanidade e contra o povo brasileiro\u201d, disse. Para ele, \u00e9 uma \u201caut\u00eantica vergonha\u201d a Uni\u00e3o Europeia continuar negociando um acordo comercial com o Mercosul. \u201cHoje, o Brasil \u00e9 o epicentro da pandemia. O pa\u00eds tem 3% da popula\u00e7\u00e3o mundial, mas tem 12% das mortes e 10% dos cont\u00e1gios\u201d, acrescentou.<\/p>\n\n\n\n<h2 class=\"wp-block-heading\"><strong>Cr\u00edticas na Europa<\/strong><\/h2>\n\n\n\n<p>A eurodeputada alem\u00e3 pelo Partido Verde e vice-presidente da delega\u00e7\u00e3o do Parlamento Europeu para assuntos relacionados ao Brasil, Anna Cavazzini, apontou que a situa\u00e7\u00e3o no Brasil \u201c\u00e9 uma trag\u00e9dia, que poderia ter sido evitada se n\u00e3o fossem decis\u00f5es pol\u00edticas equivocadas\u201d.<\/p>\n\n\n\n<p>A deputada ainda questionou outros pontos como a falta de pol\u00edticas sanit\u00e1rias para a popula\u00e7\u00e3o ind\u00edgena e tamb\u00e9m sobre o dinheiro destinado pela Uni\u00e3o Europeia ao Brasil. \u201cA covid-19 virou uma crise social, com pessoas indo para cama com fome\u201d, criticou ela. \u201cSe Bolsonaro nega a crise e coloca medidas que impedem a a\u00e7\u00e3o contra a pandemia, para onde \u00e9 que o dinheiro vai?\u201d, questionou Anna.<\/p>\n\n\n\n<p>A diretora da ONG brasileira Conectas Direitos Humanos, Camila Asano, tamb\u00e9m participou do debate e afirmou que Bolsonaro disseminou desinforma\u00e7\u00e3o, endossando a tese de que o presidente cometeu crime contra a humanidade. \u201cSofremos perdas de vidas que poderiam ser evitadas. Mas n\u00e3o vivemos mais em uma normalidade democr\u00e1tica\u201d, disse.<\/p>\n","protected":false},"excerpt":{"rendered":"<p>Rede Brasil Atual&nbsp;&#8211;&nbsp;O presidente Jair Bolsonaro foi acusado de cometer crime contra a humanidade por conta da crise sanit\u00e1ria que vive o Brasil em audi\u00eancia convocada pelo Parlamento Europeu nesta quinta-feira (15). Deputados afirmaram que a situa\u00e7\u00e3o do pa\u00eds \u00e9 resultado de decis\u00f5es pol\u00edticas por parte do governo federal. As informa\u00e7\u00f5es s\u00e3o do jornalista Jamil&#8230;<a class=\"more-link\" href=\"http:\/\/blogdalucianaoliveira.com.br\/blog\/2021\/04\/15\/bolsonaro-e-acusado-de-crime-contra-a-humanidade-no-parlamento-europeu\/\">Continue a leitura <span class=\"meta-nav\">&raquo;<\/span><\/a><\/p>\n","protected":false},"author":1,"featured_media":0,"comment_status":"closed","ping_status":"open","sticky":false,"template":"","format":"standard","meta":{"_exactmetrics_skip_tracking":false,"_exactmetrics_sitenote_active":false,"_exactmetrics_sitenote_note":"","_exactmetrics_sitenote_category":0,"jetpack_post_was_ever_published":false,"_jetpack_newsletter_access":"","_jetpack_dont_email_post_to_subs":false,"_jetpack_newsletter_tier_id":0,"_jetpack_memberships_contains_paywalled_content":false,"_jetpack_memberships_contains_paid_content":false,"footnotes":"","jetpack_publicize_message":"","jetpack_publicize_feature_enabled":true,"jetpack_social_post_already_shared":true,"jetpack_social_options":{"image_generator_settings":{"template":"highway","enabled":false},"version":2}},"categories":[1],"tags":[],"class_list":["post-31591","post","type-post","status-publish","format-standard","hentry","category-notas"],"jetpack_publicize_connections":[],"jetpack_sharing_enabled":true,"jetpack_featured_media_url":"","jetpack_shortlink":"https:\/\/wp.me\/p7wKYW-8dx","jetpack-related-posts":[],"_links":{"self":[{"href":"http:\/\/blogdalucianaoliveira.com.br\/blog\/wp-json\/wp\/v2\/posts\/31591","targetHints":{"allow":["GET"]}}],"collection":[{"href":"http:\/\/blogdalucianaoliveira.com.br\/blog\/wp-json\/wp\/v2\/posts"}],"about":[{"href":"http:\/\/blogdalucianaoliveira.com.br\/blog\/wp-json\/wp\/v2\/types\/post"}],"author":[{"embeddable":true,"href":"http:\/\/blogdalucianaoliveira.com.br\/blog\/wp-json\/wp\/v2\/users\/1"}],"replies":[{"embeddable":true,"href":"http:\/\/blogdalucianaoliveira.com.br\/blog\/wp-json\/wp\/v2\/comments?post=31591"}],"version-history":[{"count":1,"href":"http:\/\/blogdalucianaoliveira.com.br\/blog\/wp-json\/wp\/v2\/posts\/31591\/revisions"}],"predecessor-version":[{"id":31593,"href":"http:\/\/blogdalucianaoliveira.com.br\/blog\/wp-json\/wp\/v2\/posts\/31591\/revisions\/31593"}],"wp:attachment":[{"href":"http:\/\/blogdalucianaoliveira.com.br\/blog\/wp-json\/wp\/v2\/media?parent=31591"}],"wp:term":[{"taxonomy":"category","embeddable":true,"href":"http:\/\/blogdalucianaoliveira.com.br\/blog\/wp-json\/wp\/v2\/categories?post=31591"},{"taxonomy":"post_tag","embeddable":true,"href":"http:\/\/blogdalucianaoliveira.com.br\/blog\/wp-json\/wp\/v2\/tags?post=31591"}],"curies":[{"name":"wp","href":"https:\/\/api.w.org\/{rel}","templated":true}]}}