{"id":31597,"date":"2021-04-16T12:10:45","date_gmt":"2021-04-16T16:10:45","guid":{"rendered":"http:\/\/blogdalucianaoliveira.com.br\/blog\/?p=31597"},"modified":"2021-04-16T12:10:50","modified_gmt":"2021-04-16T16:10:50","slug":"renan-calheiros-e-escolhido-para-ser-relator-de-cpi-e-aumenta-pressao-sobre-bolsonaro","status":"publish","type":"post","link":"http:\/\/blogdalucianaoliveira.com.br\/blog\/2021\/04\/16\/renan-calheiros-e-escolhido-para-ser-relator-de-cpi-e-aumenta-pressao-sobre-bolsonaro\/","title":{"rendered":"Renan Calheiros \u00e9 escolhido para ser relator de CPI e aumenta press\u00e3o sobre Bolsonaro"},"content":{"rendered":"\n<figure class=\"wp-block-image\"><img data-recalc-dims=\"1\" decoding=\"async\" src=\"https:\/\/i0.wp.com\/publisher-publish.s3.eu-central-1.amazonaws.com\/pb-brasil247\/swp\/jtjeq9\/media\/20210416110440_1e42a176a5a8592f94c357207c80dd6974a5bab1ae103548a286fae3bfa0b957.jpg?w=600&#038;ssl=1\" alt=\"Senador Renan Calheiros (MDB-AL)\"\/><\/figure>\n\n\n\n<p><strong>247<\/strong>\u00a0&#8211; O senador Renan Calheiros (MDB-AL) ser\u00e1 o relator da CPI da Covid-19, o que aumentar\u00e1 a press\u00e3o sobre Jair Bolsonaro. Al\u00e9m de ser cr\u00edtico ao governo, o emedebista tamb\u00e9m \u00e9 entusiasta de uma eventual candidatura do ex-presidente Luiz In\u00e1cio Lula da Silva ao Planalto.\u00a0 <\/p>\n\n\n\n<!--more-->\n\n\n\n<p>Os senadores da Comiss\u00e3o Parlamentar de Inqu\u00e9rito (CPI) fecharam nesta sexta-feira (16) acordo para a composi\u00e7\u00e3o dos cargos de comando da CPI da Covid-19. A informa\u00e7\u00e3o foi publicada pela&nbsp;<a target=\"_blank\" rel=\"noreferrer noopener\" href=\"https:\/\/blogs.oglobo.globo.com\/vera-magalhaes\/post\/renan-calheiros-sera-relator-da-cpi-da-covid.html\">coluna de Vera Magalh\u00e3es<\/a>, no jornal O Globo. &nbsp;<\/p>\n\n\n\n<p>O colegiado ser\u00e1 presidido por Omar Aziz (PSD-AM) e o vice-presidente ser\u00e1 o senador Randolfe Rodrigues (Rede-AP).<\/p>\n\n\n\n<p>Esta semana o Supremo Tribunal Federal (STF) confirmou a&nbsp;<a target=\"_blank\" rel=\"noreferrer noopener\" href=\"https:\/\/www.brasil247.com\/poder\/plenario-do-stf-confirma-decisao-de-barroso-que-obrigou-senado-a-instalar-a-cpi-do-genocidio\">decis\u00e3o do ministro Luis Roberto Barroso que obrigou o Senado a instalar a CPI da Pandemia<\/a>.&nbsp;<\/p>\n\n\n\n<p>Alvo de mais de cem pedidos de impeachment protocolados junto ao Congresso Nacional, Bolsonaro cometeu in\u00fameros crimes desde o come\u00e7o da pandemia. Estimulou aglomera\u00e7\u00f5es, criticou em diversas ocasi\u00f5es o isolamento social e saiu \u00e0s ruas sem m\u00e1scaras.<\/p>\n\n\n\n<p>Bolsonaro tamb\u00e9m sabotou materiais fornecidos pela China para a produ\u00e7\u00e3o de vacinas no Brasil, receitou medicamentos sem comprova\u00e7\u00e3o cient\u00edfica no tratamento contra a Covid-19 e amenizou em v\u00e1rias ocasi\u00f5es os efeitos da pandemia, chegando a classific\u00e1-la como uma &#8220;gripezinha&#8221;.&nbsp;<br><\/p>\n\n\n\n<p>De acordo com a plataforma Worldometers, que disponibiliza dados globais sobre a pandemia, o Pa\u00eds registrou, at\u00e9 esta sexta-feira (16), a segunda maior quantidade de mortes provocadas pelo coronav\u00edrus (365 mil). Os Estados Unidos t\u00eam o n\u00famero de \u00f3bitos provocados pela Covid-19 (579 mil).<\/p>\n\n\n\n<p>O Brasil contabilizou, at\u00e9 o momento, o terceiro maior contingente de infectados (13,7 milh\u00f5es), atr\u00e1s da \u00cdndia (14,3 milh\u00f5es) e dos EUA (32,2 milh\u00f5es).&nbsp;<\/p>\n\n\n\n<h2 class=\"wp-block-heading\"><strong>Tentativa de interfer\u00eancia<\/strong><\/h2>\n\n\n\n<p>A press\u00e3o em cima de Bolsonaro aumentou esta semana, ap\u00f3s a divulga\u00e7\u00e3o de uma conversa em que ele revelou a inten\u00e7\u00e3o de interferir nos rumos da CPI, no intuito de perseguir governadores e prefeitos, al\u00e9m de pedir impeachment de ministros do STF. O di\u00e1logo aconteceu com o senador Jorge Kajuru (Cidadania-GO).<\/p>\n\n\n\n<p>Em entrevista ao jornalista Luis Costa Pinto, o senador Renan Calheiros destacou, em v\u00eddeo divulgada na \u00faltima segunda-feira (12), que houve&nbsp;<a target=\"_blank\" rel=\"noreferrer noopener\" href=\"https:\/\/www.brasil247.com\/regionais\/nordeste\/renan-gravacao-de-kajuru-e-bolsonaro-pode-levar-a-cassacao-de-ambos-video-cuj1q6wq\">crime de responsabilidade de Bolsonaro<\/a>. &#8220;Ningu\u00e9m disp\u00f5e sobre o limite do escopo (da investiga\u00e7\u00e3o) de uma CPI. Uma conversa cheia de amea\u00e7as, insinua\u00e7\u00e3o&#8230;&#8221;, afirmou.<\/p>\n\n\n\n<h2 class=\"wp-block-heading\"><strong>Cr\u00edticas do exterior<\/strong><\/h2>\n\n\n\n<p>A eurodeputada pelo Partido Verde, a alem\u00e3 Anna Cavazzini, vice-presidente da delega\u00e7\u00e3o do Parlamento Europeu para assuntos relacionados ao Brasil, afirmou que Jair Bolsonaro&nbsp;<a target=\"_blank\" rel=\"noreferrer noopener\" href=\"https:\/\/www.brasil247.com\/mundo\/bolsonaro-e-grande-responsavel-por-desastre-da-covid-diz-vice-presidente-de-delegacao-do-parlamento-europeu-para-o-brasil\">&#8220;tem grande parcela de responsabilidade pelo n\u00famero de doentes e mortos porque n\u00e3o levou a doen\u00e7a a s\u00e9rio&#8221;<\/a>.<\/p>\n\n\n\n<p>&#8220;Incentivou as pessoas a se reunirem em grandes aglomera\u00e7\u00f5es, manteve-se c\u00e9tico no in\u00edcio em rela\u00e7\u00e3o \u00e0 vacina\u00e7\u00e3o e obstruiu os servi\u00e7os de imuniza\u00e7\u00e3o em cidades e Estados do Brasil&#8221;, acrescentou.&nbsp;<\/p>\n\n\n\n<p>O descontrole da pandemia no Brasil tamb\u00e9m&nbsp;<a target=\"_blank\" rel=\"noreferrer noopener\" href=\"https:\/\/www.brasil247.com\/brasil\/descontrole-do-brasil-no-combate-a-pandemia-vira-piada-em-programa-de-humor-ingles\">virou piada em um programa brit\u00e2nico<\/a>. Na \u00faltima edi\u00e7\u00e3o do humor\u00edstico Have I Got News For You, apresentado pelo ator David Tennent (Dr. Whoo e Harry Potter), onde not\u00edcias s\u00e3o apresentadas em formato de humor e com muita ironia, o apresentador come\u00e7a a falar que, com a pandemia as pessoas podem identificar os pa\u00edses a partir de cores, menos o Brasil, que ser\u00e1 identificado com &#8220;ossos e cruzes&#8221;. &#8220;O sinal do Brasil \u00e9 um cr\u00e2nio e ossos em cruz&#8221;, disse um dos humoristas.<\/p>\n\n\n\n<p><br><\/p>\n","protected":false},"excerpt":{"rendered":"<p>247\u00a0&#8211; O senador Renan Calheiros (MDB-AL) ser\u00e1 o relator da CPI da Covid-19, o que aumentar\u00e1 a press\u00e3o sobre Jair Bolsonaro. Al\u00e9m de ser cr\u00edtico ao governo, o emedebista tamb\u00e9m \u00e9 entusiasta de uma eventual candidatura do ex-presidente Luiz In\u00e1cio Lula da Silva ao Planalto.\u00a0<\/p>\n","protected":false},"author":1,"featured_media":0,"comment_status":"closed","ping_status":"open","sticky":false,"template":"","format":"standard","meta":{"_exactmetrics_skip_tracking":false,"_exactmetrics_sitenote_active":false,"_exactmetrics_sitenote_note":"","_exactmetrics_sitenote_category":0,"jetpack_post_was_ever_published":false,"_jetpack_newsletter_access":"","_jetpack_dont_email_post_to_subs":false,"_jetpack_newsletter_tier_id":0,"_jetpack_memberships_contains_paywalled_content":false,"_jetpack_memberships_contains_paid_content":false,"footnotes":"","jetpack_publicize_message":"","jetpack_publicize_feature_enabled":true,"jetpack_social_post_already_shared":true,"jetpack_social_options":{"image_generator_settings":{"template":"highway","enabled":false},"version":2}},"categories":[1],"tags":[],"class_list":["post-31597","post","type-post","status-publish","format-standard","hentry","category-notas"],"jetpack_publicize_connections":[],"jetpack_sharing_enabled":true,"jetpack_featured_media_url":"","jetpack_shortlink":"https:\/\/wp.me\/p7wKYW-8dD","jetpack-related-posts":[],"_links":{"self":[{"href":"http:\/\/blogdalucianaoliveira.com.br\/blog\/wp-json\/wp\/v2\/posts\/31597","targetHints":{"allow":["GET"]}}],"collection":[{"href":"http:\/\/blogdalucianaoliveira.com.br\/blog\/wp-json\/wp\/v2\/posts"}],"about":[{"href":"http:\/\/blogdalucianaoliveira.com.br\/blog\/wp-json\/wp\/v2\/types\/post"}],"author":[{"embeddable":true,"href":"http:\/\/blogdalucianaoliveira.com.br\/blog\/wp-json\/wp\/v2\/users\/1"}],"replies":[{"embeddable":true,"href":"http:\/\/blogdalucianaoliveira.com.br\/blog\/wp-json\/wp\/v2\/comments?post=31597"}],"version-history":[{"count":1,"href":"http:\/\/blogdalucianaoliveira.com.br\/blog\/wp-json\/wp\/v2\/posts\/31597\/revisions"}],"predecessor-version":[{"id":31598,"href":"http:\/\/blogdalucianaoliveira.com.br\/blog\/wp-json\/wp\/v2\/posts\/31597\/revisions\/31598"}],"wp:attachment":[{"href":"http:\/\/blogdalucianaoliveira.com.br\/blog\/wp-json\/wp\/v2\/media?parent=31597"}],"wp:term":[{"taxonomy":"category","embeddable":true,"href":"http:\/\/blogdalucianaoliveira.com.br\/blog\/wp-json\/wp\/v2\/categories?post=31597"},{"taxonomy":"post_tag","embeddable":true,"href":"http:\/\/blogdalucianaoliveira.com.br\/blog\/wp-json\/wp\/v2\/tags?post=31597"}],"curies":[{"name":"wp","href":"https:\/\/api.w.org\/{rel}","templated":true}]}}