{"id":3160,"date":"2016-08-16T09:51:31","date_gmt":"2016-08-16T13:51:31","guid":{"rendered":"http:\/\/blogdalucianaoliveira.com.br\/blog\/?p=3160"},"modified":"2016-08-16T09:51:31","modified_gmt":"2016-08-16T13:51:31","slug":"temer-despreza-esforco-e-conquista-dos-atletas-ao-recusar-ir-a-festa-de-encerramento-das-olimpiadas","status":"publish","type":"post","link":"http:\/\/blogdalucianaoliveira.com.br\/blog\/2016\/08\/16\/temer-despreza-esforco-e-conquista-dos-atletas-ao-recusar-ir-a-festa-de-encerramento-das-olimpiadas\/","title":{"rendered":"Temer despreza esfor\u00e7o e conquista dos atletas ao recusar ir \u00e0 festa de encerramento das Olimp\u00edadas"},"content":{"rendered":"<p><img data-recalc-dims=\"1\" loading=\"lazy\" decoding=\"async\" data-attachment-id=\"3168\" data-permalink=\"http:\/\/blogdalucianaoliveira.com.br\/blog\/2016\/08\/16\/temer-despreza-esforco-e-conquista-dos-atletas-ao-recusar-ir-a-festa-de-encerramento-das-olimpiadas\/rafaela-silva-e-ouro\/\" data-orig-file=\"https:\/\/i0.wp.com\/blogdalucianaoliveira.com.br\/blog\/wp-content\/uploads\/2016\/08\/Rafaela-Silva-%C3%A9-ouro..jpg?fit=460%2C305\" data-orig-size=\"460,305\" data-comments-opened=\"0\" data-image-meta=\"{&quot;aperture&quot;:&quot;0&quot;,&quot;credit&quot;:&quot;&quot;,&quot;camera&quot;:&quot;&quot;,&quot;caption&quot;:&quot;&quot;,&quot;created_timestamp&quot;:&quot;0&quot;,&quot;copyright&quot;:&quot;&quot;,&quot;focal_length&quot;:&quot;0&quot;,&quot;iso&quot;:&quot;0&quot;,&quot;shutter_speed&quot;:&quot;0&quot;,&quot;title&quot;:&quot;&quot;,&quot;orientation&quot;:&quot;0&quot;}\" data-image-title=\"Rafaela Silva \u00e9 ouro.\" data-image-description=\"\" data-image-caption=\"\" data-medium-file=\"https:\/\/i0.wp.com\/blogdalucianaoliveira.com.br\/blog\/wp-content\/uploads\/2016\/08\/Rafaela-Silva-%C3%A9-ouro..jpg?fit=300%2C199\" data-large-file=\"https:\/\/i0.wp.com\/blogdalucianaoliveira.com.br\/blog\/wp-content\/uploads\/2016\/08\/Rafaela-Silva-%C3%A9-ouro..jpg?fit=460%2C305\" src=\"https:\/\/i0.wp.com\/blogdalucianaoliveira.com.br\/blog\/wp-content\/uploads\/2016\/08\/Rafaela-Silva-%C3%A9-ouro..jpg?resize=460%2C305\" alt=\"Rafaela Silva \u00e9 ouro.\" width=\"460\" height=\"305\" class=\"alignnone size-full wp-image-3168\" srcset=\"https:\/\/i0.wp.com\/blogdalucianaoliveira.com.br\/blog\/wp-content\/uploads\/2016\/08\/Rafaela-Silva-%C3%A9-ouro..jpg?w=460 460w, https:\/\/i0.wp.com\/blogdalucianaoliveira.com.br\/blog\/wp-content\/uploads\/2016\/08\/Rafaela-Silva-%C3%A9-ouro..jpg?resize=300%2C199 300w, https:\/\/i0.wp.com\/blogdalucianaoliveira.com.br\/blog\/wp-content\/uploads\/2016\/08\/Rafaela-Silva-%C3%A9-ouro..jpg?resize=452%2C300 452w\" sizes=\"auto, (max-width: 460px) 100vw, 460px\" \/><\/p>\n<p>O interino mandou avisar que n\u00e3o vai ao encerramento, esnobando a audi\u00eancia estimada em 5 bilh\u00f5es de pessoas em todo o mundo atrav\u00e9s da cobertura dos jogos, por medo de vaia.<!--more--><\/p>\n<p>N\u00e3o \u00e9 s\u00f3 um gesto de covardia, mas de desprezo com os mais de 11 mil atletas que competiram, com mais de 6 mil profissionais da imprensa escrita e 18 mil de televis\u00e3o, com artistas e autoridades, com os turistas e com quem trabalhou cedido ou como volunt\u00e1rio nas Olimp\u00edadas do Rio.<\/p>\n<p>\u00c9 um inequ\u00edvoco gesto de desprezo, sobretudo com o esfor\u00e7o dos medalhistas brasileiros.<\/p>\n<p><img data-recalc-dims=\"1\" loading=\"lazy\" decoding=\"async\" data-attachment-id=\"3150\" data-permalink=\"http:\/\/blogdalucianaoliveira.com.br\/blog\/2016\/08\/15\/temer-bate-o-recorde-de-presidente-mais-ridicularizado-numa-olimpiada\/image-717\/\" data-orig-file=\"https:\/\/i0.wp.com\/blogdalucianaoliveira.com.br\/blog\/wp-content\/uploads\/2016\/08\/image-82.jpeg?fit=375%2C299\" data-orig-size=\"375,299\" data-comments-opened=\"0\" data-image-meta=\"{&quot;aperture&quot;:&quot;0&quot;,&quot;credit&quot;:&quot;&quot;,&quot;camera&quot;:&quot;&quot;,&quot;caption&quot;:&quot;&quot;,&quot;created_timestamp&quot;:&quot;0&quot;,&quot;copyright&quot;:&quot;&quot;,&quot;focal_length&quot;:&quot;0&quot;,&quot;iso&quot;:&quot;0&quot;,&quot;shutter_speed&quot;:&quot;0&quot;,&quot;title&quot;:&quot;&quot;,&quot;orientation&quot;:&quot;1&quot;}\" data-image-title=\"image\" data-image-description=\"\" data-image-caption=\"\" data-medium-file=\"https:\/\/i0.wp.com\/blogdalucianaoliveira.com.br\/blog\/wp-content\/uploads\/2016\/08\/image-82.jpeg?fit=300%2C239\" data-large-file=\"https:\/\/i0.wp.com\/blogdalucianaoliveira.com.br\/blog\/wp-content\/uploads\/2016\/08\/image-82.jpeg?fit=375%2C299\" src=\"https:\/\/i0.wp.com\/blogdalucianaoliveira.com.br\/blog\/wp-content\/uploads\/2016\/08\/image-82.jpeg?resize=375%2C299\" alt=\"image\" width=\"375\" height=\"299\" class=\"alignnone size-full wp-image-3150\" srcset=\"https:\/\/i0.wp.com\/blogdalucianaoliveira.com.br\/blog\/wp-content\/uploads\/2016\/08\/image-82.jpeg?w=375 375w, https:\/\/i0.wp.com\/blogdalucianaoliveira.com.br\/blog\/wp-content\/uploads\/2016\/08\/image-82.jpeg?resize=300%2C239 300w\" sizes=\"auto, (max-width: 375px) 100vw, 375px\" \/><\/p>\n<p>A festa de encerramento \u00e9 a consagra\u00e7\u00e3o do pa\u00eds por ter conseguido realizar um evento internacional que tem como objetivo confraternizar as na\u00e7\u00f5es.<\/p>\n<p>\u00c9 t\u00e3o importante quanto a Copa do Mundo, pois todos os pa\u00edses aparam suas arestas, ainda que momentaneamente, pra celebrar a integra\u00e7\u00e3o pelo esporte.<\/p>\n<p>Quem n\u00e3o lembra do grande l\u00edder da \u00c1frica do Sul, Nelson Mandela, que contrariando a orienta\u00e7\u00e3o m\u00e9dica, aos 91 anos, fez quest\u00e3o de encerrar a Copa do Mundo de 2010. Ele usou o esporte para unir brancos e negros na luta contra o Apartheid.<\/p>\n<p>\u00c9 uma compara\u00e7\u00e3o esdr\u00faxula, afinal, Temer nunca foi e jamais ser\u00e1 um grande l\u00edder, mas prova que n\u00e3o h\u00e1 desculpas para faltar ao momento mais importante de uma competi\u00e7\u00e3o internacional para o pa\u00eds.<\/p>\n","protected":false},"excerpt":{"rendered":"<p>O interino mandou avisar que n\u00e3o vai ao encerramento, esnobando a audi\u00eancia estimada em 5 bilh\u00f5es de pessoas em todo o mundo atrav\u00e9s da cobertura dos jogos, por medo de vaia.<\/p>\n","protected":false},"author":1,"featured_media":0,"comment_status":"closed","ping_status":"open","sticky":false,"template":"","format":"standard","meta":{"_exactmetrics_skip_tracking":false,"_exactmetrics_sitenote_active":false,"_exactmetrics_sitenote_note":"","_exactmetrics_sitenote_category":0,"jetpack_post_was_ever_published":false,"_jetpack_newsletter_access":"","_jetpack_dont_email_post_to_subs":false,"_jetpack_newsletter_tier_id":0,"_jetpack_memberships_contains_paywalled_content":false,"_jetpack_memberships_contains_paid_content":false,"footnotes":"","jetpack_publicize_message":"","jetpack_publicize_feature_enabled":true,"jetpack_social_post_already_shared":true,"jetpack_social_options":{"image_generator_settings":{"template":"highway","enabled":false},"version":2}},"categories":[1],"tags":[187,188,45],"class_list":["post-3160","post","type-post","status-publish","format-standard","hentry","category-notas","tag-encerramento-olimpiadas","tag-rio-2016","tag-temer"],"jetpack_publicize_connections":[],"jetpack_sharing_enabled":true,"jetpack_featured_media_url":"","jetpack_shortlink":"https:\/\/wp.me\/p7wKYW-OY","jetpack-related-posts":[],"_links":{"self":[{"href":"http:\/\/blogdalucianaoliveira.com.br\/blog\/wp-json\/wp\/v2\/posts\/3160","targetHints":{"allow":["GET"]}}],"collection":[{"href":"http:\/\/blogdalucianaoliveira.com.br\/blog\/wp-json\/wp\/v2\/posts"}],"about":[{"href":"http:\/\/blogdalucianaoliveira.com.br\/blog\/wp-json\/wp\/v2\/types\/post"}],"author":[{"embeddable":true,"href":"http:\/\/blogdalucianaoliveira.com.br\/blog\/wp-json\/wp\/v2\/users\/1"}],"replies":[{"embeddable":true,"href":"http:\/\/blogdalucianaoliveira.com.br\/blog\/wp-json\/wp\/v2\/comments?post=3160"}],"version-history":[{"count":2,"href":"http:\/\/blogdalucianaoliveira.com.br\/blog\/wp-json\/wp\/v2\/posts\/3160\/revisions"}],"predecessor-version":[{"id":3170,"href":"http:\/\/blogdalucianaoliveira.com.br\/blog\/wp-json\/wp\/v2\/posts\/3160\/revisions\/3170"}],"wp:attachment":[{"href":"http:\/\/blogdalucianaoliveira.com.br\/blog\/wp-json\/wp\/v2\/media?parent=3160"}],"wp:term":[{"taxonomy":"category","embeddable":true,"href":"http:\/\/blogdalucianaoliveira.com.br\/blog\/wp-json\/wp\/v2\/categories?post=3160"},{"taxonomy":"post_tag","embeddable":true,"href":"http:\/\/blogdalucianaoliveira.com.br\/blog\/wp-json\/wp\/v2\/tags?post=3160"}],"curies":[{"name":"wp","href":"https:\/\/api.w.org\/{rel}","templated":true}]}}