{"id":31603,"date":"2021-04-16T17:57:44","date_gmt":"2021-04-16T21:57:44","guid":{"rendered":"http:\/\/blogdalucianaoliveira.com.br\/blog\/?p=31603"},"modified":"2021-04-16T17:57:50","modified_gmt":"2021-04-16T21:57:50","slug":"em-carta-a-biden-influentes-senadores-democratas-acusam-bolsonaro-de-dar-sinal-verde-a-criminosos-na-amazonia","status":"publish","type":"post","link":"http:\/\/blogdalucianaoliveira.com.br\/blog\/2021\/04\/16\/em-carta-a-biden-influentes-senadores-democratas-acusam-bolsonaro-de-dar-sinal-verde-a-criminosos-na-amazonia\/","title":{"rendered":"Em carta a Biden, influentes senadores democratas acusam Bolsonaro de dar sinal verde a criminosos na Amaz\u00f4nia"},"content":{"rendered":"\n<figure class=\"wp-block-image size-large\"><img data-recalc-dims=\"1\" loading=\"lazy\" decoding=\"async\" width=\"600\" height=\"400\" data-attachment-id=\"31605\" data-permalink=\"http:\/\/blogdalucianaoliveira.com.br\/blog\/2021\/04\/16\/em-carta-a-biden-influentes-senadores-democratas-acusam-bolsonaro-de-dar-sinal-verde-a-criminosos-na-amazonia\/675b7c5f-6e86-45bd-a01c-4f1dee69d846\/\" data-orig-file=\"https:\/\/i0.wp.com\/blogdalucianaoliveira.com.br\/blog\/wp-content\/uploads\/2021\/04\/675B7C5F-6E86-45BD-A01C-4F1DEE69D846.jpeg?fit=1024%2C683\" data-orig-size=\"1024,683\" data-comments-opened=\"0\" data-image-meta=\"{&quot;aperture&quot;:&quot;0&quot;,&quot;credit&quot;:&quot;&quot;,&quot;camera&quot;:&quot;&quot;,&quot;caption&quot;:&quot;&quot;,&quot;created_timestamp&quot;:&quot;0&quot;,&quot;copyright&quot;:&quot;&quot;,&quot;focal_length&quot;:&quot;0&quot;,&quot;iso&quot;:&quot;0&quot;,&quot;shutter_speed&quot;:&quot;0&quot;,&quot;title&quot;:&quot;&quot;,&quot;orientation&quot;:&quot;0&quot;}\" data-image-title=\"675B7C5F-6E86-45BD-A01C-4F1DEE69D846\" data-image-description=\"\" data-image-caption=\"\" data-medium-file=\"https:\/\/i0.wp.com\/blogdalucianaoliveira.com.br\/blog\/wp-content\/uploads\/2021\/04\/675B7C5F-6E86-45BD-A01C-4F1DEE69D846.jpeg?fit=300%2C200\" data-large-file=\"https:\/\/i0.wp.com\/blogdalucianaoliveira.com.br\/blog\/wp-content\/uploads\/2021\/04\/675B7C5F-6E86-45BD-A01C-4F1DEE69D846.jpeg?fit=600%2C400\" src=\"https:\/\/i0.wp.com\/blogdalucianaoliveira.com.br\/blog\/wp-content\/uploads\/2021\/04\/675B7C5F-6E86-45BD-A01C-4F1DEE69D846.jpeg?resize=600%2C400\" alt=\"\" class=\"wp-image-31605\" srcset=\"https:\/\/i0.wp.com\/blogdalucianaoliveira.com.br\/blog\/wp-content\/uploads\/2021\/04\/675B7C5F-6E86-45BD-A01C-4F1DEE69D846.jpeg?w=1024 1024w, https:\/\/i0.wp.com\/blogdalucianaoliveira.com.br\/blog\/wp-content\/uploads\/2021\/04\/675B7C5F-6E86-45BD-A01C-4F1DEE69D846.jpeg?resize=300%2C200 300w, https:\/\/i0.wp.com\/blogdalucianaoliveira.com.br\/blog\/wp-content\/uploads\/2021\/04\/675B7C5F-6E86-45BD-A01C-4F1DEE69D846.jpeg?resize=768%2C512 768w, https:\/\/i0.wp.com\/blogdalucianaoliveira.com.br\/blog\/wp-content\/uploads\/2021\/04\/675B7C5F-6E86-45BD-A01C-4F1DEE69D846.jpeg?resize=450%2C300 450w\" sizes=\"auto, (max-width: 600px) 100vw, 600px\" \/><\/figure>\n\n\n\n<p>A uma semana de c\u00fapula do clima, legisladores pedem exig\u00eancia de progresso no combate ao desmatamento para apoio \u00e0 entrada do Brasil na OCDE.<\/p>\n\n\n\n<!--more-->\n\n\n\n<p><strong><a href=\"https:\/\/www1.folha.uol.com.br\/autores\/patricia-campos-mello.shtml\">Patr\u00edcia Campos Mello<\/a><\/strong>, na FSP<\/p>\n\n\n\n<p>A uma semana&nbsp;<a href=\"https:\/\/www1.folha.uol.com.br\/mundo\/2021\/03\/biden-formaliza-convite-a-bolsonaro-para-cupula-do-clima-e-pede-contribuicao-para-metas.shtml\">da c\u00fapula sobre o clima organizada pelo governo americano<\/a>, um grupo de influentes senadores democratas enviou uma carta ao presidente dos EUA, Joe Biden, afirmando que Jair Bolsonaro (sem partido) ridicularizou publicamente o Ibama (Instituto Brasileiro do Meio Ambiente) e sabotou a capacidade do \u00f3rg\u00e3o de fiscalizar as leis ambientais do pa\u00eds.<\/p>\n\n\n\n<p>Os parlamentares tamb\u00e9m apontaram que o l\u00edder brasileiro j\u00e1 chamou ambientalistas de &#8220;c\u00e2ncer&#8221; e&nbsp;<a href=\"https:\/\/www1.folha.uol.com.br\/ambiente\/2020\/12\/em-dois-anos-bolsonaro-promove-desmonte-no-meio-ambiente-funai-e-reforma-agraria.shtml\">tentou diminuir a prote\u00e7\u00e3o \u00e0s reservas ind\u00edgenas no pa\u00eds<\/a>.<\/p>\n\n\n\n<p>&#8220;A ret\u00f3rica e as pol\u00edticas do presidente Bolsonaro efetivamente deram sinal verde para os perigosos criminosos que atuam na Amaz\u00f4nia, permitindo que eles expandam muito suas atividades&#8221;, diz o texto, que tem entre seus signat\u00e1rios o presidente da Comiss\u00e3o de Rela\u00e7\u00f5es Exteriores do Senado americano, Robert Menendez.<\/p>\n\n\n\n<p>Na carta, datada de 15 de abril, Menendez e os senadores Patrick Leahy, Chris Van Hollen, Sheldon Whitehouse, Brian Schatz, Chris Murphy, Jeffrey Merkley e Bernie Sanders (que \u00e9 independente, mas vota com os democratas) pedem que os EUA s\u00f3 repassem recursos a Bolsonaro se o Brasil mostrar progresso na redu\u00e7\u00e3o do desmatamento e no combate \u00e0 impunidade dos crimes ambientais.<\/p>\n\n\n\n<p>&#8220;Dado o hist\u00f3rico de compromissos clim\u00e1ticos n\u00e3o cumpridos, achamos que devemos impor condi\u00e7\u00f5es para enviar aux\u00edlio americano ao Brasil: progresso significativo e sustentado na redu\u00e7\u00e3o do desmatamento e no fim da impunidade para crimes ambientais e da intimida\u00e7\u00e3o e viol\u00eancia contra defensores das florestas&#8221;, diz texto enviado ao presidente americano, que vai comandar o encontro virtual sobre assuntos ambientais que acontece na pr\u00f3xima quinta (22) e sexta (23).<\/p>\n\n\n\n<p>Os senadores tamb\u00e9m instam Biden a levar em conta o desmatamento e a impunidade de crimes ambientais para avaliar &#8220;se os EUA v\u00e3o apoiar o Brasil em \u00e1reas de interesse m\u00fatuo, como coopera\u00e7\u00e3o militar e econ\u00f4mica e a candidatura do Brasil \u00e0 acess\u00e3o \u00e0 OCDE [o clube dos pa\u00edses ricos]&#8221;.<\/p>\n\n\n\n<p>&#8220;Essa carta dos senadores deveria funcionar como um alerta para o governo Bolsonaro. Suas pol\u00edticas desastrosas na Amaz\u00f4nia s\u00e3o bem conhecidas em Washington, e Bolsonaro n\u00e3o vai conseguir mudar sua imagem simplesmente usando ret\u00f3rica amig\u00e1vel ao clima, sem resultados concretos&#8221;, diz Daniel Wilkinson, diretor da \u00e1rea de meio ambiente e direitos humanos da ONG Human Rights Watch.<\/p>\n\n\n\n<p>Na quarta-feira (14),&nbsp;<a href=\"https:\/\/www1.folha.uol.com.br\/mundo\/2021\/04\/em-carta-a-biden-bolsonaro-promete-acabar-com-desmatamento-ilegal-ate-2030.shtml\">Bolsonaro enviou uma carta de sete p\u00e1ginas a Biden<\/a>, na qual prometeu eliminar o desmatamento ilegal no Brasil at\u00e9 2030.<\/p>\n\n\n\n<p>O presidente brasileiro sinalizou tamb\u00e9m que pode antecipar para 2050 a meta de alcan\u00e7ar a neutralidade clim\u00e1tica, dez anos antes do previsto. Bolsonaro, por\u00e9m, ressaltou que a antecipa\u00e7\u00e3o depende da viabiliza\u00e7\u00e3o de &#8220;recursos anuais significativos, que contribuam nesse sentido&#8221;.<\/p>\n\n\n\n<p>O texto brasileiro foi pensado&nbsp;<a href=\"https:\/\/www1.folha.uol.com.br\/mundo\/2021\/04\/em-reuniao-privada-embaixador-dos-eua-da-ultimato-a-bolsonaro-em-metas-ambientais.shtml\">como uma maneira de virar a p\u00e1gina&nbsp;<\/a>e come\u00e7ar com o p\u00e9 direito a negocia\u00e7\u00e3o de clima com a&nbsp;<a href=\"https:\/\/www1.folha.uol.com.br\/mundo\/governo-biden\/\">gest\u00e3o Biden<\/a>&nbsp;\u2014no entanto,&nbsp;<a href=\"https:\/\/www1.folha.uol.com.br\/mundo\/2021\/04\/bolsonaro-avalia-anunciar-aumento-de-verba-para-o-meio-ambiente-em-cupula-de-biden.shtml\">os compromissos anunciados por Bolsonaro<\/a>&nbsp;na carta&nbsp;<a href=\"https:\/\/www1.folha.uol.com.br\/ambiente\/2021\/03\/eua-pressionam-brasil-para-acabar-com-desmatamento-ate-2030-e-pedem-resultados-ainda-este-ano.shtml\">foram considerados &#8220;pouco ambiciosos&#8221; por integrantes do governo americano<\/a>.<\/p>\n\n\n\n<p>Biden vem sofrendo press\u00f5es de organiza\u00e7\u00f5es de meio ambiente e de direitos humanos para n\u00e3o fechar um acordo que repasse recursos ao&nbsp;<a href=\"https:\/\/www1.folha.uol.com.br\/especial\/2018\/governo-bolsonaro\/\">governo Bolsonaro<\/a>.<\/p>\n\n\n\n<p>Em reuni\u00e3o recente com membros da equipe de John Kerry, enviado especial da Casa Branca para o clima, organiza\u00e7\u00f5es enfatizaram que o presidente brasileiro n\u00e3o \u00e9 confi\u00e1vel e que repassar recursos antes de haver progresso real seria premiar o retrocesso na pol\u00edtica ambiental do pa\u00eds e ajudar na estrat\u00e9gia de rela\u00e7\u00f5es p\u00fablicas de Bolsonaro.<\/p>\n\n\n\n<p>O ministro do Meio Ambiente, Ricardo Salles, vem tentando convencer os EUA a enviarem dinheiro ao Brasil em troca de metas de redu\u00e7\u00e3o de desmatamento. Em entrevista ao jornal O Estado de S. Paulo, declarou que conseguiria reduzir a devasta\u00e7\u00e3o da floresta amaz\u00f4nica em at\u00e9 40% em 12 meses \u2013mas somente se recebesse US$ 1 bilh\u00e3o (R$ 5,6 bilh\u00f5es) de pa\u00edses estrangeiros.<\/p>\n\n\n\n<p>Na carta a Biden, os senadores democratas afirmam que o governo Bolsonaro &#8220;tem repetidamente expressado interesse em trabalhar junto com os EUA em quest\u00f5es ambientais, mas, at\u00e9 agora, n\u00e3o demonstrou interesse s\u00e9rio em trabalhar com m\u00faltiplos atores no Brasil que teriam pap\u00e9is essenciais&nbsp;<a href=\"https:\/\/www1.folha.uol.com.br\/ambiente\/2021\/04\/desmatamento-da-amazonia-em-marco-bate-recorde-e-e-o-maior-dos-ultimos-seis-anos.shtml\">em qualquer tentativa s\u00e9ria de salvar a Amaz\u00f4nia<\/a>&#8220;. Para tal, listam a\u00e7\u00f5es do governo brasileiro em rela\u00e7\u00e3o a ambientalistas, ONGs, Ibama e reservas ind\u00edgenas.<\/p>\n\n\n\n<p>O texto tamb\u00e9m aponta que a contribui\u00e7\u00e3o nacionalmente determinada de redu\u00e7\u00e3o de emiss\u00f5es apresentada por Bolsonaro em dezembro \u00e9 menos ambiciosa do que a meta original, de 2016, e, na pr\u00e1tica, permitiria que o Brasil aumentasse suas emiss\u00f5es ao longo da pr\u00f3xima d\u00e9cada.<\/p>\n","protected":false},"excerpt":{"rendered":"<p>A uma semana de c\u00fapula do clima, legisladores pedem exig\u00eancia de progresso no combate ao desmatamento para apoio \u00e0 entrada do Brasil na OCDE.<\/p>\n","protected":false},"author":1,"featured_media":0,"comment_status":"closed","ping_status":"open","sticky":false,"template":"","format":"standard","meta":{"_exactmetrics_skip_tracking":false,"_exactmetrics_sitenote_active":false,"_exactmetrics_sitenote_note":"","_exactmetrics_sitenote_category":0,"jetpack_post_was_ever_published":false,"_jetpack_newsletter_access":"","_jetpack_dont_email_post_to_subs":false,"_jetpack_newsletter_tier_id":0,"_jetpack_memberships_contains_paywalled_content":false,"_jetpack_memberships_contains_paid_content":false,"footnotes":"","jetpack_publicize_message":"","jetpack_publicize_feature_enabled":true,"jetpack_social_post_already_shared":true,"jetpack_social_options":{"image_generator_settings":{"template":"highway","enabled":false},"version":2}},"categories":[1],"tags":[],"class_list":["post-31603","post","type-post","status-publish","format-standard","hentry","category-notas"],"jetpack_publicize_connections":[],"jetpack_sharing_enabled":true,"jetpack_featured_media_url":"","jetpack_shortlink":"https:\/\/wp.me\/p7wKYW-8dJ","jetpack-related-posts":[],"_links":{"self":[{"href":"http:\/\/blogdalucianaoliveira.com.br\/blog\/wp-json\/wp\/v2\/posts\/31603","targetHints":{"allow":["GET"]}}],"collection":[{"href":"http:\/\/blogdalucianaoliveira.com.br\/blog\/wp-json\/wp\/v2\/posts"}],"about":[{"href":"http:\/\/blogdalucianaoliveira.com.br\/blog\/wp-json\/wp\/v2\/types\/post"}],"author":[{"embeddable":true,"href":"http:\/\/blogdalucianaoliveira.com.br\/blog\/wp-json\/wp\/v2\/users\/1"}],"replies":[{"embeddable":true,"href":"http:\/\/blogdalucianaoliveira.com.br\/blog\/wp-json\/wp\/v2\/comments?post=31603"}],"version-history":[{"count":1,"href":"http:\/\/blogdalucianaoliveira.com.br\/blog\/wp-json\/wp\/v2\/posts\/31603\/revisions"}],"predecessor-version":[{"id":31606,"href":"http:\/\/blogdalucianaoliveira.com.br\/blog\/wp-json\/wp\/v2\/posts\/31603\/revisions\/31606"}],"wp:attachment":[{"href":"http:\/\/blogdalucianaoliveira.com.br\/blog\/wp-json\/wp\/v2\/media?parent=31603"}],"wp:term":[{"taxonomy":"category","embeddable":true,"href":"http:\/\/blogdalucianaoliveira.com.br\/blog\/wp-json\/wp\/v2\/categories?post=31603"},{"taxonomy":"post_tag","embeddable":true,"href":"http:\/\/blogdalucianaoliveira.com.br\/blog\/wp-json\/wp\/v2\/tags?post=31603"}],"curies":[{"name":"wp","href":"https:\/\/api.w.org\/{rel}","templated":true}]}}