{"id":31607,"date":"2021-04-17T07:40:14","date_gmt":"2021-04-17T11:40:14","guid":{"rendered":"http:\/\/blogdalucianaoliveira.com.br\/blog\/?p=31607"},"modified":"2021-04-17T07:40:17","modified_gmt":"2021-04-17T11:40:17","slug":"mst-relembra-25-anos-do-massacre-de-eldorado-do-carajas-com-acoes-e-luta-em-todo-pais","status":"publish","type":"post","link":"http:\/\/blogdalucianaoliveira.com.br\/blog\/2021\/04\/17\/mst-relembra-25-anos-do-massacre-de-eldorado-do-carajas-com-acoes-e-luta-em-todo-pais\/","title":{"rendered":"MST relembra 25 anos do Massacre de Eldorado do Caraj\u00e1s com a\u00e7\u00f5es e luta em todo pa\u00eds"},"content":{"rendered":"\n<figure class=\"wp-block-image size-large\"><img data-recalc-dims=\"1\" loading=\"lazy\" decoding=\"async\" width=\"600\" height=\"401\" data-attachment-id=\"31608\" data-permalink=\"http:\/\/blogdalucianaoliveira.com.br\/blog\/2021\/04\/17\/mst-relembra-25-anos-do-massacre-de-eldorado-do-carajas-com-acoes-e-luta-em-todo-pais\/435f091d-6175-4012-a3bd-6805f25b78c4\/\" data-orig-file=\"https:\/\/i0.wp.com\/blogdalucianaoliveira.com.br\/blog\/wp-content\/uploads\/2021\/04\/435F091D-6175-4012-A3BD-6805F25B78C4.jpeg?fit=800%2C534\" data-orig-size=\"800,534\" data-comments-opened=\"0\" data-image-meta=\"{&quot;aperture&quot;:&quot;0&quot;,&quot;credit&quot;:&quot;&quot;,&quot;camera&quot;:&quot;&quot;,&quot;caption&quot;:&quot;&quot;,&quot;created_timestamp&quot;:&quot;0&quot;,&quot;copyright&quot;:&quot;&quot;,&quot;focal_length&quot;:&quot;0&quot;,&quot;iso&quot;:&quot;0&quot;,&quot;shutter_speed&quot;:&quot;0&quot;,&quot;title&quot;:&quot;&quot;,&quot;orientation&quot;:&quot;0&quot;}\" data-image-title=\"435F091D-6175-4012-A3BD-6805F25B78C4\" data-image-description=\"\" data-image-caption=\"\" data-medium-file=\"https:\/\/i0.wp.com\/blogdalucianaoliveira.com.br\/blog\/wp-content\/uploads\/2021\/04\/435F091D-6175-4012-A3BD-6805F25B78C4.jpeg?fit=300%2C200\" data-large-file=\"https:\/\/i0.wp.com\/blogdalucianaoliveira.com.br\/blog\/wp-content\/uploads\/2021\/04\/435F091D-6175-4012-A3BD-6805F25B78C4.jpeg?fit=600%2C401\" src=\"https:\/\/i0.wp.com\/blogdalucianaoliveira.com.br\/blog\/wp-content\/uploads\/2021\/04\/435F091D-6175-4012-A3BD-6805F25B78C4.jpeg?resize=600%2C401\" alt=\"\" class=\"wp-image-31608\" srcset=\"https:\/\/i0.wp.com\/blogdalucianaoliveira.com.br\/blog\/wp-content\/uploads\/2021\/04\/435F091D-6175-4012-A3BD-6805F25B78C4.jpeg?w=800 800w, https:\/\/i0.wp.com\/blogdalucianaoliveira.com.br\/blog\/wp-content\/uploads\/2021\/04\/435F091D-6175-4012-A3BD-6805F25B78C4.jpeg?resize=300%2C200 300w, https:\/\/i0.wp.com\/blogdalucianaoliveira.com.br\/blog\/wp-content\/uploads\/2021\/04\/435F091D-6175-4012-A3BD-6805F25B78C4.jpeg?resize=768%2C513 768w, https:\/\/i0.wp.com\/blogdalucianaoliveira.com.br\/blog\/wp-content\/uploads\/2021\/04\/435F091D-6175-4012-A3BD-6805F25B78C4.jpeg?resize=449%2C300 449w\" sizes=\"auto, (max-width: 600px) 100vw, 600px\" \/><\/figure>\n\n\n\n<h4 class=\"wp-block-heading\">Abril \u00e9 m\u00eas de luta para o movimento, que neste ano realiza atos virtuais, doa\u00e7\u00e3o de alimentos e plantio de \u00e1rvores<\/h4>\n\n\n\n<!--more-->\n\n\n\n<p>Marcelo Ferreira &#8211; Brasil de Fato | Porto Alegre\u00a0<\/p>\n\n\n\n<p>Todos os anos,&nbsp;<a href=\"https:\/\/www.brasildefato.com.br\/2021\/04\/15\/bolsonaro-ataca-o-mst-e-movimento-responde-deveria-estar-preocupado-com-a-pandemia\" target=\"_blank\" rel=\"noreferrer noopener\">o Movimento dos Trabalhadores Rurais Sem Terra (MST)<\/a>&nbsp;transforma o m\u00eas de abril em per\u00edodo de luta camponesa internacional em defesa da Reforma Agr\u00e1ria e de luto pela mem\u00f3ria dos 21 sem terra assassinados no dia 17 de abril de 1996, no sul do Par\u00e1.<\/p>\n\n\n\n<p>Nesta data, ocorreu o massacre de Eldorado do Caraj\u00e1s, que completa 25 anos com o pa\u00eds vivendo uma pandemia em descontrole sob o governo Jair Bolsonaro e ataques \u00e0s&nbsp;<a href=\"https:\/\/www.brasildefato.com.br\/2021\/04\/15\/bolsonaro-ataca-o-mst-e-movimento-responde-deveria-estar-preocupado-com-a-pandemia\" target=\"_blank\" rel=\"noreferrer noopener\">conquistas da Reforma Agr\u00e1ria e dos trabalhadores e trabalhadoras brasileiros<\/a>.<\/p>\n\n\n\n<p>Por conta da necessidade de isolamento social para conter o avan\u00e7o da pandemia, a\u00a0<a rel=\"noreferrer noopener\" href=\"https:\/\/www.brasildefato.com.br\/2020\/06\/15\/ponto-a-ponto-conheca-o-plano-de-reforma-agraria-popular-defendido-pelo-mst\" target=\"_blank\">Jornada Nacional de Lutas pela Reforma Agr\u00e1ria do MST<\/a>ocorre, pelo segundo ano consecutivo, com atos simb\u00f3licos e atividades virtuais. Neste s\u00e1bado (17), \u00e0s 10h, acontece o Ato Pol\u00edtico-Cultural Internacional\u00a0que resgata a mem\u00f3ria das v\u00edtimas do massacre e os 25 anos de sua impunidade. A atividade tamb\u00e9m celebra as batalhas do MST e debate os principais desafios da classe trabalhadora.<\/p>\n\n\n\n<p>J\u00e1 em andamento,&nbsp;desde o dia 10 de abril \u00e9 realizada a 15\u00aa edi\u00e7\u00e3o do Acampamento Pedag\u00f3gico da Juventude Oziel Alves, desta vez em formato online. O acampamento, que tradicionalmente \u00e9&nbsp;na Curva do \u201cS\u201d, em Eldorado do Caraj\u00e1s, onde foi o massacre, abriu a Jornada Nacional de Lutas e segue at\u00e9 o dia 17 com informa\u00e7\u00f5es, oficinas, atividades culturais e de mem\u00f3ria sobre os assassinatos.<\/p>\n\n\n\n<p>Durante o ato do dia 17, tamb\u00e9m ser\u00e1 lan\u00e7ada a Jornada Universit\u00e1ria em Defesa da Reforma Agr\u00e1ria (JURA), que desde 2014 vem mobilizando v\u00e1rias institui\u00e7\u00f5es de ensino superior na defesa da Reforma Agr\u00e1ria e da educa\u00e7\u00e3o p\u00fablica como bases para constru\u00e7\u00e3o de um projeto popular para o pa\u00eds. No domingo (18), ser\u00e3o realizadas a\u00e7\u00f5es de solidariedade em todo Brasil.<\/p>\n\n\n\n<p>A Jornada Nacional de Lutas pela Reforma Agr\u00e1ria encerra no dia 21 de abril com a perspectiva da luta pela vida, a partir da recupera\u00e7\u00e3o de \u00e1reas degradadas por meio da campanha \u201cPlantar \u00c1rvores, Produzir Alimentos Saud\u00e1veis\u201d. Lan\u00e7ada em 2019, a proposta \u00e9 que, em dez&nbsp;anos, as fam\u00edlias acampadas e assentadas da Reforma Agr\u00e1ria e a sociedade em geral plantem 100 milh\u00f5es de \u00e1rvores em todo o pa\u00eds.<\/p>\n\n\n\n<p>&#8220;A solidariedade \u00e9 a base da\u00a0resist\u00eancia pol\u00edtica de todas as a\u00e7\u00f5es que est\u00e3o sendo constru\u00eddas&#8221;, disse Marina dos Santos, da dire\u00e7\u00e3o nacional do movimento, em coletiva de imprensa do MST realizada nesta sexta-feira (16).<\/p>\n\n\n\n<p>\u201cTodos os estados est\u00e3o com a\u00e7\u00f5es planejadas, especialmente para amanh\u00e3, com doa\u00e7\u00e3o de alimentos. Em muitos lugares, haver\u00e1 paralisa\u00e7\u00f5es com faixas e cartazes, mantendo viva a mem\u00f3ria de Eldorado do&nbsp;Caraj\u00e1s e fazendo parte da caminhada nacional e internacional para todos terem acesso \u00e0 vacina contra \u00e0&nbsp;covid, ao aux\u00edlio emergencial enquanto dure a pandemia e pela bandeira geral \u2018Fora Bolsonaro\u2019 que o MST encampou\u201d, pontuou a dirigente.<\/p>\n\n\n\n<p>Governo federal promove \u201centulhos autorit\u00e1rios\u201d<\/p>\n\n\n\n<figure class=\"wp-block-image\"><img data-recalc-dims=\"1\" decoding=\"async\" src=\"https:\/\/i0.wp.com\/images01.brasildefato.com.br\/135c0c978a355d176bdb9c22bce67fd1.jpeg?w=600&#038;ssl=1\" alt=\"\"\/><\/figure>\n\n\n\n<p><br>Jornada que marca o Abril Vermelho deste ano ter\u00e1 atividades online, al\u00e9m de a\u00e7\u00f5es de solidariedade e plantio de \u00e1rvores \/ Comunica\u00e7\u00e3o MST<\/p>\n\n\n\n<p>De acordo com Marina, as lutas e bandeiras da Reforma Agr\u00e1ria est\u00e3o inseridas no contexto que o Brasil est\u00e1 vivendo de crise pol\u00edtica, econ\u00f4mica e ambiental, onde as pol\u00edticas de Reforma Agr\u00e1ria n\u00e3o est\u00e3o desconectadas das diretrizes&nbsp;nacionais adotadas pelo governo federal. \u201cNa quest\u00e3o fundi\u00e1ria, o governo federal tem realizado entulhos autorit\u00e1rios agr\u00e1rios. S\u00e3o novas normativas que o governo vem construindo para favorecer o grande latif\u00fandio, fazendeiros, donos de terras, o agroneg\u00f3cio, em detrimento dos camponeses familiares, ind\u00edgenas, quilombolas e&nbsp;assentamentos&nbsp;ligados \u00e0s nossas bandeiras.\u201d<\/p>\n\n\n\n<p>Ela alerta ainda que o governo vem tentando promover a regulariza\u00e7\u00e3o fundi\u00e1ria na Amaz\u00f4nia&nbsp;para colocar as terras tamb\u00e9m \u00e0 disposi\u00e7\u00e3o dos grandes propriet\u00e1rios. Somado a isso, est\u00e3o os crimes ambientais, \u201cdesde o fogo, o desmatamento, a venda de madeira ilegal por parte do agroneg\u00f3cio com prote\u00e7\u00e3o tanto do ministro do Meio Ambiente, Ricardo Salles, quanto do pr\u00f3prio Bolsonaro\u201d.<\/p>\n\n\n\n<p>Marina dos Santos&nbsp;destaca ainda o aumento da repress\u00e3o no capo, com \u201catua\u00e7\u00e3o de mil\u00edcias, jagun\u00e7os, junto com propriet\u00e1rios da fazendas, que v\u00e3o em nossas \u00e1reas fazer amea\u00e7as\u201d. Al\u00e9m disso, o governo trabalha para criar normas para retirar o tema da fun\u00e7\u00e3o social da terra urbana e rural da Constitui\u00e7\u00e3o Federal.<\/p>\n\n\n\n<p>\u201cIsso excluiria a possibilidade de Reforma Agr\u00e1ria no pa\u00eds, considerando que ela \u00e9 garantida na Constitui\u00e7\u00e3o e \u00e9 a base das ocupa\u00e7\u00f5es que o MST tem feito nesses mais ou menos 36 anos\u201d, observa Marina.<\/p>\n\n\n\n<p>Outro elemento relacionado&nbsp;com a pol\u00edtica agr\u00e1ria, conforme a dirigente, \u00e9 o aumento da fome. \u201cNos \u00faltimos dias, temos visto diversos estudos com n\u00fameros alarmantes. Temos, hoje, no Brasil, 19 milh\u00f5es de pessoas sem acesso \u00e0 comida todos os dias. Por outro lado, somos um pa\u00eds que tem condi\u00e7\u00f5es de produzir comida para todos os brasileiros e tamb\u00e9m para o continente latino-americano\u201d, avalia.<\/p>\n\n\n\n<p>Massacre segue impune<\/p>\n\n\n\n<figure class=\"wp-block-image\"><img data-recalc-dims=\"1\" decoding=\"async\" src=\"https:\/\/i0.wp.com\/images01.brasildefato.com.br\/974976fadee7041c0d70833ba7f0de82.jpeg?w=600&#038;ssl=1\" alt=\"\"\/><\/figure>\n\n\n\n<p><br>A\u00e7\u00f5es tamb\u00e9m cobram vacina\u00e7\u00e3o em massa, aux\u00edlio emergencial e o impeachment de Bolsonaro \/ Igor de Nadai\/MST-PR<\/p>\n\n\n\n<p>O massacre no munic\u00edpio Eldorado do&nbsp;Caraj\u00e1s foi promovido pela Pol\u00edcia Militar do Par\u00e1, que matou 21 sem terra no local conhecido como Curva do \u201cS\u201d, no final da tarde de 17 de abril de 1996. Cerca de 1.500 sem terra estavam acampados reivindicando a desapropria\u00e7\u00e3o da fazenda Macaxeira. At\u00e9 hoje, o crime segue impune. Os mais de 100 policiais foram absolvidos.<\/p>\n\n\n\n<p>\u201cNeste massacre, para n\u00f3s que participamos, antes e depois, fica a dor dos camponeses e das fam\u00edlias, a dor do MST de n\u00e3o ter acontecido ainda um julgamento para essa quest\u00e3o. O MST continua lutando para um dia ver um julgamento justo aqui no estado do Par\u00e1\u201d, afirma Francisco Moura, o Tito, do MST do Par\u00e1 e da Frente de Marcha do MST Nacional.<\/p>\n\n\n\n<p>Ele destaca que muitas fam\u00edlias que passaram pelo massacre ficaram com grandes sequelas. \u201c\u00c9 gente que n\u00e3o pode trabalhar, n\u00e3o pode fazer as atividades no campo. Hoje, o estado \u00e9 negligente sobre o massacre, alguns foram indenizados, outros n\u00e3o, outros vivem com muita dificuldade porque tiraram&nbsp;o trabalho dos camponeses\u201d, afirma Tito.<\/p>\n\n\n\n<p>Segundo ele, a viol\u00eancia contra camponeses no Norte do pa\u00eds segue ocorrendo, tanto no que se refere a despejos indevidos mesmo durante a pandemia, como viol\u00eancia f\u00edsica praticada por \u201cjagun\u00e7os e mil\u00edcias da regi\u00e3o\u201d. \u201cEstamos buscando com outros movimentos aqui da regi\u00e3o, com a CPT, para ver como fortalecer a luta contra o despejo na pandemia. \u00c9 preocupante, dram\u00e1tica&nbsp;e perigosa essa situa\u00e7\u00e3o, existe despejo clandestino na calada da noite, e pode ocorrer outro massacre aqui na regi\u00e3o\u201d, releva.<\/p>\n\n\n\n<p>Ap\u00f3s 25 anos, muitos ainda n\u00e3o t\u00eam terra<\/p>\n\n\n\n<p>Jo\u00e3o Paulo Rodrigues, tamb\u00e9m da dire\u00e7\u00e3o nacional do MST, recorda que o massacre de Eldorado do Caraj\u00e1s marcou um momento de populariza\u00e7\u00e3o da Reforma Agr\u00e1ria no pa\u00eds. \u201cA grande marcha de 1997 obrigou o governo de Fernando Henrique Cardoso a oficializar a Reforma Agr\u00e1ria e um conjunto de pol\u00edticas que se consolidou no governo Lula\u201d, conta.<\/p>\n\n\n\n<p>A Marcha Nacional por Emprego, Justi\u00e7a e Reforma Agr\u00e1ria, a que Jo\u00e3o Paulo se refere, cumpriu o objetivo de chegar em Bras\u00edlia no dia que se completou um ano do massacre de Eldorado do Caraj\u00e1s. A marcha partiu de tr\u00eas colunas, uma da capital paulista, uma de Governador Valadares (MG) e outra de Rondon\u00f3polis (MG). Cerca de 1.300 sem terra atravessaram o pa\u00eds a p\u00e9 para se juntar a mais de 100 mil pessoas, epis\u00f3dio que ficou conhecido como \u201cA Marcha dos 100 mil\u201d.<\/p>\n\n\n\n<p>O dirigente aponta que a data de resist\u00eancia deu origem ao Dia Internacional da Luta Camponesa, celebrada em mais de 78 pa\u00edses, e no Brasil foi criado o Dia Nacional da Luta pela Reforma Agr\u00e1ria. Ao mesmo tempo, relata uma s\u00e9rie de preocupa\u00e7\u00f5es.<\/p>\n\n\n\n<p>\u201cNos preocupa que, 25 anos depois, tenhamos ainda uma quantidade imensa de fam\u00edlias sem terra no Brasil e muitos acampados. S\u00e3o quase 200 mil&nbsp;fam\u00edlias acampadas em condi\u00e7\u00f5es as mais diversas nas beiras de estradas e latif\u00fandios improdutivos\u201d, afirma.<\/p>\n\n\n\n<p>Ele destaca ainda que o atual momento \u00e9&nbsp;mais desafiador, tendo o governo Bolsonaro e seu projeto para o campo dividido em tr\u00eas aspectos: \u201carmamento do latif\u00fandio, regulariza\u00e7\u00e3o fundi\u00e1ria para privatizar 20 milh\u00f5es de hectares de terras para a iniciativa privada e a prioridade para o agroneg\u00f3cio, deixando o valor do d\u00f3lar alto para priorizar a exporta\u00e7\u00e3o da soja e desabastecer todas as pol\u00edticas p\u00fablicas de Reforma Agr\u00e1ria\u201d.<\/p>\n\n\n\n<p>Calend\u00e1rio de lutas da Jornada de Abril<\/p>\n\n\n\n<p>10 a 17\/04 \u2013 15\u00ba Acampamento Pedag\u00f3gico da Juventude da Sem Terra Oziel Alves Pereira;<\/p>\n\n\n\n<p>16\/04 \u2013 A\u00e7\u00e3o nas redes sociais;<\/p>\n\n\n\n<p>17\/04 \u2013 Dia Internacional da Luta Camponesa. Ato Pol\u00edtico-Cultural \u00e0s 10h (virtual). Dia \u201cD\u201d, com a\u00e7\u00f5es simb\u00f3licas \u00e0s 9h. A\u00e7\u00e3o nas redes sociais com twitta\u00e7o;<\/p>\n\n\n\n<p>18\/04 \u2013 A\u00e7\u00f5es de solidariedade por todo o pa\u00eds;<\/p>\n\n\n\n<p>21\/04 \u2013 A\u00e7\u00f5es do Plano Nacional \u201cPlantar \u00c1rvores, Produzir Alimentos Saud\u00e1veis\u201d<\/p>\n\n\n\n<hr class=\"wp-block-separator\"\/>\n\n\n\n<p><strong>Fonte:&nbsp;<\/strong><a target=\"_blank\" href=\"https:\/\/www.brasildefators.com.br\/2021\/04\/16\/mst-relembra-os-25-anos-do-massacre-de-eldorado-do-carajas-com-acoes-por-todo-o-pais\" rel=\"noreferrer noopener\">BdF Rio Grande do Sul<\/a><\/p>\n\n\n\n<p>Edi\u00e7\u00e3o: Katia Marko<\/p>\n","protected":false},"excerpt":{"rendered":"<p>Abril \u00e9 m\u00eas de luta para o movimento, que neste ano realiza atos virtuais, doa\u00e7\u00e3o de alimentos e plantio de \u00e1rvores<\/p>\n","protected":false},"author":1,"featured_media":0,"comment_status":"closed","ping_status":"open","sticky":false,"template":"","format":"standard","meta":{"_exactmetrics_skip_tracking":false,"_exactmetrics_sitenote_active":false,"_exactmetrics_sitenote_note":"","_exactmetrics_sitenote_category":0,"jetpack_post_was_ever_published":false,"_jetpack_newsletter_access":"","_jetpack_dont_email_post_to_subs":false,"_jetpack_newsletter_tier_id":0,"_jetpack_memberships_contains_paywalled_content":false,"_jetpack_memberships_contains_paid_content":false,"footnotes":"","jetpack_publicize_message":"","jetpack_publicize_feature_enabled":true,"jetpack_social_post_already_shared":true,"jetpack_social_options":{"image_generator_settings":{"template":"highway","enabled":false},"version":2}},"categories":[1],"tags":[],"class_list":["post-31607","post","type-post","status-publish","format-standard","hentry","category-notas"],"jetpack_publicize_connections":[],"jetpack_sharing_enabled":true,"jetpack_featured_media_url":"","jetpack_shortlink":"https:\/\/wp.me\/p7wKYW-8dN","jetpack-related-posts":[],"_links":{"self":[{"href":"http:\/\/blogdalucianaoliveira.com.br\/blog\/wp-json\/wp\/v2\/posts\/31607","targetHints":{"allow":["GET"]}}],"collection":[{"href":"http:\/\/blogdalucianaoliveira.com.br\/blog\/wp-json\/wp\/v2\/posts"}],"about":[{"href":"http:\/\/blogdalucianaoliveira.com.br\/blog\/wp-json\/wp\/v2\/types\/post"}],"author":[{"embeddable":true,"href":"http:\/\/blogdalucianaoliveira.com.br\/blog\/wp-json\/wp\/v2\/users\/1"}],"replies":[{"embeddable":true,"href":"http:\/\/blogdalucianaoliveira.com.br\/blog\/wp-json\/wp\/v2\/comments?post=31607"}],"version-history":[{"count":1,"href":"http:\/\/blogdalucianaoliveira.com.br\/blog\/wp-json\/wp\/v2\/posts\/31607\/revisions"}],"predecessor-version":[{"id":31609,"href":"http:\/\/blogdalucianaoliveira.com.br\/blog\/wp-json\/wp\/v2\/posts\/31607\/revisions\/31609"}],"wp:attachment":[{"href":"http:\/\/blogdalucianaoliveira.com.br\/blog\/wp-json\/wp\/v2\/media?parent=31607"}],"wp:term":[{"taxonomy":"category","embeddable":true,"href":"http:\/\/blogdalucianaoliveira.com.br\/blog\/wp-json\/wp\/v2\/categories?post=31607"},{"taxonomy":"post_tag","embeddable":true,"href":"http:\/\/blogdalucianaoliveira.com.br\/blog\/wp-json\/wp\/v2\/tags?post=31607"}],"curies":[{"name":"wp","href":"https:\/\/api.w.org\/{rel}","templated":true}]}}