{"id":31614,"date":"2021-04-17T14:14:35","date_gmt":"2021-04-17T18:14:35","guid":{"rendered":"http:\/\/blogdalucianaoliveira.com.br\/blog\/?p=31614"},"modified":"2021-04-17T14:14:39","modified_gmt":"2021-04-17T18:14:39","slug":"classe-media-encolhe-na-pandemia-e-ja-tem-mesmo-tamanho-da-classe-baixa","status":"publish","type":"post","link":"http:\/\/blogdalucianaoliveira.com.br\/blog\/2021\/04\/17\/classe-media-encolhe-na-pandemia-e-ja-tem-mesmo-tamanho-da-classe-baixa\/","title":{"rendered":"Classe m\u00e9dia &#8216;encolhe&#8217; na pandemia e j\u00e1 tem mesmo &#8216;tamanho&#8217; da classe baixa"},"content":{"rendered":"\n<figure class=\"wp-block-image size-large\"><img data-recalc-dims=\"1\" loading=\"lazy\" decoding=\"async\" width=\"578\" height=\"416\" data-attachment-id=\"31617\" data-permalink=\"http:\/\/blogdalucianaoliveira.com.br\/blog\/2021\/04\/17\/classe-media-encolhe-na-pandemia-e-ja-tem-mesmo-tamanho-da-classe-baixa\/f61fd07a-3aba-4c57-b4b1-bf8ea40bdb2e\/\" data-orig-file=\"https:\/\/i0.wp.com\/blogdalucianaoliveira.com.br\/blog\/wp-content\/uploads\/2021\/04\/F61FD07A-3ABA-4C57-B4B1-BF8EA40BDB2E.jpeg?fit=578%2C416\" data-orig-size=\"578,416\" data-comments-opened=\"0\" data-image-meta=\"{&quot;aperture&quot;:&quot;0&quot;,&quot;credit&quot;:&quot;&quot;,&quot;camera&quot;:&quot;&quot;,&quot;caption&quot;:&quot;&quot;,&quot;created_timestamp&quot;:&quot;0&quot;,&quot;copyright&quot;:&quot;&quot;,&quot;focal_length&quot;:&quot;0&quot;,&quot;iso&quot;:&quot;0&quot;,&quot;shutter_speed&quot;:&quot;0&quot;,&quot;title&quot;:&quot;&quot;,&quot;orientation&quot;:&quot;0&quot;}\" data-image-title=\"F61FD07A-3ABA-4C57-B4B1-BF8EA40BDB2E\" data-image-description=\"\" data-image-caption=\"\" data-medium-file=\"https:\/\/i0.wp.com\/blogdalucianaoliveira.com.br\/blog\/wp-content\/uploads\/2021\/04\/F61FD07A-3ABA-4C57-B4B1-BF8EA40BDB2E.jpeg?fit=300%2C216\" data-large-file=\"https:\/\/i0.wp.com\/blogdalucianaoliveira.com.br\/blog\/wp-content\/uploads\/2021\/04\/F61FD07A-3ABA-4C57-B4B1-BF8EA40BDB2E.jpeg?fit=578%2C416\" src=\"https:\/\/i0.wp.com\/blogdalucianaoliveira.com.br\/blog\/wp-content\/uploads\/2021\/04\/F61FD07A-3ABA-4C57-B4B1-BF8EA40BDB2E.jpeg?resize=578%2C416\" alt=\"\" class=\"wp-image-31617\" srcset=\"https:\/\/i0.wp.com\/blogdalucianaoliveira.com.br\/blog\/wp-content\/uploads\/2021\/04\/F61FD07A-3ABA-4C57-B4B1-BF8EA40BDB2E.jpeg?w=578 578w, https:\/\/i0.wp.com\/blogdalucianaoliveira.com.br\/blog\/wp-content\/uploads\/2021\/04\/F61FD07A-3ABA-4C57-B4B1-BF8EA40BDB2E.jpeg?resize=300%2C216 300w, https:\/\/i0.wp.com\/blogdalucianaoliveira.com.br\/blog\/wp-content\/uploads\/2021\/04\/F61FD07A-3ABA-4C57-B4B1-BF8EA40BDB2E.jpeg?resize=417%2C300 417w\" sizes=\"auto, (max-width: 578px) 100vw, 578px\" \/><\/figure>\n\n\n\n<h4 class=\"wp-block-heading\">Percentual de brasileiros na classe m\u00e9dia caiu de 51% em 2020 para 47% em 2021, segundo estudo do Instituto Locomotiva. Levantamento estima que cerca de 4,9 milh\u00f5es de fam\u00edlias ca\u00edram para a classe baixa no \u00faltimo ano.<\/h4>\n\n\n\n<!--more-->\n\n\n\n<p>Por Darlan Alvarenga e Raphael Martins, G1<\/p>\n\n\n\n<p>A pandemia do coronav\u00edrus fez aumentar n\u00e3o s\u00f3 o\u00a0<a href=\"https:\/\/g1.globo.com\/jornal-nacional\/noticia\/2021\/04\/05\/numero-de-brasileiros-que-vivem-na-pobreza-quase-triplicou-em-seis-meses-diz-fgv.ghtml\">n\u00famero de brasileiros que vivem na extrema pobreza<\/a>\u00a0como\u00a0diminuiu a classe m\u00e9dia ao seu menor patamar em mais de 10 anos em rela\u00e7\u00e3o ao total da popula\u00e7\u00e3o. Pesquisa do Instituto Locomotiva mostra que, com o aumento do desemprego e o tombo da renda, esse grupo social deixou de compreender a maioria dos brasileiros.<\/p>\n\n\n\n<p>De acordo com o&nbsp;estudo in\u00e9dito antecipado ao&nbsp;<strong>G1<\/strong>,&nbsp;<strong>o percentual da popula\u00e7\u00e3o brasileira pertencente \u00e0 chamada classe m\u00e9dia tradicional caiu de 51% em 2020 para 47% em 2021 \u2013 mesmo &#8216;tamanho&#8217; da classe baixa.&nbsp;<\/strong>A maior marca, segundo o Locomotiva, foi registrada em 2011, quando a classe m\u00e9dia era 54% da popula\u00e7\u00e3o brasileira.<\/p>\n\n\n\n<p>A pesquisa considera como classe m\u00e9dia fam\u00edlias com renda mensal per capita (por pessoa) entre R$ 667,87 e R$ 3.755,76.<\/p>\n\n\n\n<p>O percentual de 47% foi calculado a partir de proje\u00e7\u00f5es e an\u00e1lises estat\u00edsticas do Locomotiva com base nos dados da Pesquisa Nacional por Amostra de Domic\u00edlios Cont\u00ednua (Pnad) e da Pesquisa de Or\u00e7amentos Familiares (POF), do\u00a0<a href=\"https:\/\/g1.globo.com\/tudo-sobre\/ibge\/\">Instituto Brasileiro de Geografia e Estat\u00edstica<\/a>\u00a0(IBGE).<\/p>\n\n\n\n<p>Em n\u00fameros absolutos, a &#8220;classe m\u00e9dia tradicional&#8221; foi estimada em 100,1 milh\u00f5es de pessoas em mar\u00e7o, contra 105 milh\u00f5es em 2020.&nbsp;<strong>Ou seja, a crise trazida pela pandemia empurrou 4,9 milh\u00f5es de brasileiros da faixa intermedi\u00e1ria de renda para a classe baixa<\/strong>.<\/p>\n\n\n\n<blockquote class=\"wp-block-quote is-layout-flow wp-block-quote-is-layout-flow\"><p>&#8220;Essa camada da popula\u00e7\u00e3o n\u00e3o tinha poupan\u00e7a, nem os recursos da elite para passar bem por essa pandemia. Tamb\u00e9m n\u00e3o contaram com aux\u00edlios emergenciais ou pol\u00edticas voltadas para a base da pir\u00e2mide, que foi quem mais sofreu durante a crise&#8221;, afirma o economista Renato Meirelles, presidente do Instituto Locomotiva.<\/p><\/blockquote>\n\n\n\n<p>Ele, que pesquisa h\u00e1 20 anos as mudan\u00e7as nas classes sociais do pa\u00eds, explica que o processo de expans\u00e3o da classe m\u00e9dia no Brasil foi interrompido desde a crise que se iniciou em 2014.&nbsp;<strong>Mas foi a primeira vez em mais de 10 anos que a classe m\u00e9dia deixou de representar mais da metade da popula\u00e7\u00e3o.&nbsp;<\/strong><\/p>\n\n\n\n<blockquote class=\"wp-block-quote is-layout-flow wp-block-quote-is-layout-flow\"><p>&#8220;Esses brasileiros, que mudaram de vida no in\u00edcio do s\u00e9culo, hoje est\u00e3o tendo um sentimento que h\u00e1 muito tempo n\u00e3o se via no pa\u00eds, o sentimento de perda. E perder d\u00f3i muito mais do que deixar de ganhar&#8221;, diz.<\/p><\/blockquote>\n\n\n\n<figure class=\"wp-block-image size-large\"><img data-recalc-dims=\"1\" loading=\"lazy\" decoding=\"async\" width=\"589\" height=\"455\" data-attachment-id=\"31616\" data-permalink=\"http:\/\/blogdalucianaoliveira.com.br\/blog\/2021\/04\/17\/classe-media-encolhe-na-pandemia-e-ja-tem-mesmo-tamanho-da-classe-baixa\/f6ab5e09-5544-453c-bd06-37a8054a1c22\/\" data-orig-file=\"https:\/\/i0.wp.com\/blogdalucianaoliveira.com.br\/blog\/wp-content\/uploads\/2021\/04\/F6AB5E09-5544-453C-BD06-37A8054A1C22.jpeg?fit=589%2C455\" data-orig-size=\"589,455\" data-comments-opened=\"0\" data-image-meta=\"{&quot;aperture&quot;:&quot;0&quot;,&quot;credit&quot;:&quot;&quot;,&quot;camera&quot;:&quot;&quot;,&quot;caption&quot;:&quot;&quot;,&quot;created_timestamp&quot;:&quot;0&quot;,&quot;copyright&quot;:&quot;&quot;,&quot;focal_length&quot;:&quot;0&quot;,&quot;iso&quot;:&quot;0&quot;,&quot;shutter_speed&quot;:&quot;0&quot;,&quot;title&quot;:&quot;&quot;,&quot;orientation&quot;:&quot;0&quot;}\" data-image-title=\"F6AB5E09-5544-453C-BD06-37A8054A1C22\" data-image-description=\"\" data-image-caption=\"\" data-medium-file=\"https:\/\/i0.wp.com\/blogdalucianaoliveira.com.br\/blog\/wp-content\/uploads\/2021\/04\/F6AB5E09-5544-453C-BD06-37A8054A1C22.jpeg?fit=300%2C232\" data-large-file=\"https:\/\/i0.wp.com\/blogdalucianaoliveira.com.br\/blog\/wp-content\/uploads\/2021\/04\/F6AB5E09-5544-453C-BD06-37A8054A1C22.jpeg?fit=589%2C455\" src=\"https:\/\/i0.wp.com\/blogdalucianaoliveira.com.br\/blog\/wp-content\/uploads\/2021\/04\/F6AB5E09-5544-453C-BD06-37A8054A1C22.jpeg?resize=589%2C455\" alt=\"\" class=\"wp-image-31616\" srcset=\"https:\/\/i0.wp.com\/blogdalucianaoliveira.com.br\/blog\/wp-content\/uploads\/2021\/04\/F6AB5E09-5544-453C-BD06-37A8054A1C22.jpeg?w=589 589w, https:\/\/i0.wp.com\/blogdalucianaoliveira.com.br\/blog\/wp-content\/uploads\/2021\/04\/F6AB5E09-5544-453C-BD06-37A8054A1C22.jpeg?resize=300%2C232 300w, https:\/\/i0.wp.com\/blogdalucianaoliveira.com.br\/blog\/wp-content\/uploads\/2021\/04\/F6AB5E09-5544-453C-BD06-37A8054A1C22.jpeg?resize=388%2C300 388w\" sizes=\"auto, (max-width: 589px) 100vw, 589px\" \/><\/figure>\n\n\n\n<h2 class=\"wp-block-heading\">Renda em queda e endividamento em alta<\/h2>\n\n\n\n<figure class=\"wp-block-image size-large\"><img data-recalc-dims=\"1\" loading=\"lazy\" decoding=\"async\" width=\"582\" height=\"400\" data-attachment-id=\"31615\" data-permalink=\"http:\/\/blogdalucianaoliveira.com.br\/blog\/2021\/04\/17\/classe-media-encolhe-na-pandemia-e-ja-tem-mesmo-tamanho-da-classe-baixa\/0e3cbc8d-5d02-4bea-92cb-55bb13c5476f\/\" data-orig-file=\"https:\/\/i0.wp.com\/blogdalucianaoliveira.com.br\/blog\/wp-content\/uploads\/2021\/04\/0E3CBC8D-5D02-4BEA-92CB-55BB13C5476F.jpeg?fit=582%2C400\" data-orig-size=\"582,400\" data-comments-opened=\"0\" data-image-meta=\"{&quot;aperture&quot;:&quot;0&quot;,&quot;credit&quot;:&quot;&quot;,&quot;camera&quot;:&quot;&quot;,&quot;caption&quot;:&quot;&quot;,&quot;created_timestamp&quot;:&quot;0&quot;,&quot;copyright&quot;:&quot;&quot;,&quot;focal_length&quot;:&quot;0&quot;,&quot;iso&quot;:&quot;0&quot;,&quot;shutter_speed&quot;:&quot;0&quot;,&quot;title&quot;:&quot;&quot;,&quot;orientation&quot;:&quot;0&quot;}\" data-image-title=\"0E3CBC8D-5D02-4BEA-92CB-55BB13C5476F\" data-image-description=\"\" data-image-caption=\"\" data-medium-file=\"https:\/\/i0.wp.com\/blogdalucianaoliveira.com.br\/blog\/wp-content\/uploads\/2021\/04\/0E3CBC8D-5D02-4BEA-92CB-55BB13C5476F.jpeg?fit=300%2C206\" data-large-file=\"https:\/\/i0.wp.com\/blogdalucianaoliveira.com.br\/blog\/wp-content\/uploads\/2021\/04\/0E3CBC8D-5D02-4BEA-92CB-55BB13C5476F.jpeg?fit=582%2C400\" src=\"https:\/\/i0.wp.com\/blogdalucianaoliveira.com.br\/blog\/wp-content\/uploads\/2021\/04\/0E3CBC8D-5D02-4BEA-92CB-55BB13C5476F.jpeg?resize=582%2C400\" alt=\"\" class=\"wp-image-31615\" srcset=\"https:\/\/i0.wp.com\/blogdalucianaoliveira.com.br\/blog\/wp-content\/uploads\/2021\/04\/0E3CBC8D-5D02-4BEA-92CB-55BB13C5476F.jpeg?w=582 582w, https:\/\/i0.wp.com\/blogdalucianaoliveira.com.br\/blog\/wp-content\/uploads\/2021\/04\/0E3CBC8D-5D02-4BEA-92CB-55BB13C5476F.jpeg?resize=300%2C206 300w, https:\/\/i0.wp.com\/blogdalucianaoliveira.com.br\/blog\/wp-content\/uploads\/2021\/04\/0E3CBC8D-5D02-4BEA-92CB-55BB13C5476F.jpeg?resize=437%2C300 437w\" sizes=\"auto, (max-width: 582px) 100vw, 582px\" \/><figcaption>Nena e sua fam\u00edlia: J\u00e9ssica e Lorrany, os g\u00eameos Maxsuell e Rikelmy, e a neta Eloah \u2014 Foto: Arquivo pessoal<\/figcaption><\/figure>\n\n\n\n<p>Maria Jos\u00e9 de Almeida, a Nena, sofre esse impacto negativo da crise nos rendimentos. Aos 44 anos, ela tem quatro filhos: J\u00e9ssica, Lorrany e os g\u00eameos Maxsuell e Rikelmy. Como as meninas haviam sa\u00eddo de casa, o sal\u00e1rio de R$ 2,5 mil por m\u00eas como empregada dom\u00e9stica sustentava tr\u00eas pessoas.<\/p>\n\n\n\n<p>Ainda na primeira onda da Covid-19 no Brasil, os dias de trabalho de Nena foram reduzidos \u00e0 metade. Os ganhos passaram a ser de cerca de um sal\u00e1rio m\u00ednimo. N\u00e3o bastasse, Lorrany e o marido perderam o emprego. Sem dinheiro para o aluguel, cada membro do casal voltou para a casa dos pais. Nena recebeu a filha e a neta, Eloah.<\/p>\n\n\n\n<blockquote class=\"wp-block-quote is-layout-flow wp-block-quote-is-layout-flow\"><p>&#8220;Meus filhos ficavam na escola, n\u00e3o tinha a filha em casa. Manter cinco pessoas com um sal\u00e1rio m\u00ednimo \u00e9 bem dif\u00edcil. As contas come\u00e7aram a atrasar&#8221;, diz Nena.<\/p><\/blockquote>\n\n\n\n<p>Em tempos pr\u00e9-pandemia, as contas da casa eram quitadas com R$ 1,8 mil. Agora, n\u00e3o h\u00e1 sobras. Eventualmente, recebe doa\u00e7\u00e3o de cestas b\u00e1sicas da Central \u00danica das Favelas (Cufa), que ajuda no or\u00e7amento.&nbsp;<\/p>\n\n\n\n<p>Ainda assim, Nena foi obrigada a recorrer \u00e0 antecipa\u00e7\u00e3o do saque do FGTS para zerar os d\u00e9bitos e n\u00e3o sofrer corte de luz, por exemplo, cujo valor mensal triplicou. Ela n\u00e3o teve acesso ao Aux\u00edlio Emergencial, pois tinha registro em carteira na \u00e9poca das inscri\u00e7\u00f5es.<\/p>\n\n\n\n<blockquote class=\"wp-block-quote is-layout-flow wp-block-quote-is-layout-flow\"><p>&#8220;Todo m\u00eas sobra uma conta para pagar. At\u00e9 agora, deu tudo certo. Mas n\u00e3o sei como ser\u00e1 nos pr\u00f3ximos meses se essa vacina n\u00e3o vier logo&#8221;, afirma Nena.<\/p><\/blockquote>\n\n\n\n<p>Uma pesquisa de opini\u00e3o realizada pelo Locomotiva mostra que 6 de cada 10 brasileiros da classe m\u00e9dia tradicional afirmam que a renda diminuiu no \u00faltimo ano.&nbsp;Desse recorte, 19% das fam\u00edlias est\u00e3o sobrevivendo com metade ou menos da sua renda pr\u00e9-pandemia.<\/p>\n\n\n\n<p>Ainda de acordo com o levantamento, 58% da classe m\u00e9dia afirma que recorreu a bicos, vendeu algum bem ou abriu um neg\u00f3cio para obter renda extra ap\u00f3s a chegada da pandemia. Mais endividados, 71% disseram ter ao menos uma conta em atraso. Na m\u00e9dia, s\u00e3o 4,6 contas em atraso entre os inadimplentes.<\/p>\n\n\n\n<p>O levantamento ouviu 1.620 pessoas, nos dias 21 e 22 de mar\u00e7o, em 72 cidades em todos estados do pa\u00eds.<\/p>\n\n\n\n<blockquote class=\"wp-block-quote is-layout-flow wp-block-quote-is-layout-flow\"><p>Entre os brasileiros de classe m\u00e9dia entrevistados, 35% dos n\u00e3o conseguiram manter a dom\u00e9stica ou a bab\u00e1, 23% abriram m\u00e3o ou perderam o plano de sa\u00fade e 18% daqueles que pagavam escolas particulares transferiram os filhos para escolas p\u00fablicas.<\/p><\/blockquote>\n\n\n\n<h2 class=\"wp-block-heading\">Crise de perspectiva<\/h2>\n\n\n\n<p>Com o encolhimento da renda da popula\u00e7\u00e3o, o Locomotiva estima que a&nbsp;<strong>classe m\u00e9dia deixar\u00e1 de consumir cerca de R$ 100 bilh\u00f5es em 2021<\/strong>, representando um fator de dificuldade adicional para a recupera\u00e7\u00e3o da economia brasileira.<\/p>\n\n\n\n<blockquote class=\"wp-block-quote is-layout-flow wp-block-quote-is-layout-flow\"><p>&#8220;A classe m\u00e9dia quando n\u00e3o enxerga uma luz no fim do t\u00fanel, n\u00e3o investe no seu neg\u00f3cio, em uma faculdade, n\u00e3o faz credi\u00e1rio&#8230; E a crise de perspectiva faz com que a retomada da economia demore muito mais do que gostar\u00edamos&#8221;, afirma Meirelles.<\/p><\/blockquote>\n\n\n\n<p>Analistas t\u00eam destacado que o grande n\u00famero de desempregados, a<a href=\"https:\/\/g1.globo.com\/economia\/noticia\/2021\/04\/09\/ipca-inflacao-oficial-acelera-para-093percent-em-marco.ghtml\">&nbsp;infla\u00e7\u00e3o acima do teto da meta<\/a>, preocupa\u00e7\u00e3o com a sa\u00fade das contas p\u00fablicas e o chamado risco fiscal dificultam uma retomada da economia.&nbsp;<\/p>\n\n\n\n<p>A consultoria Tend\u00eancias, por exemplo, projeta o retorno da recess\u00e3o t\u00e9cnica em 2021, com quedas no PIB de 0,6% para o primeiro e 0,9% para o segundo trimestre deste ano.&nbsp;Para o ano todo, a proje\u00e7\u00e3o \u00e9 de alta de 2,7%, uma recupera\u00e7\u00e3o fraca, e que ainda depender do ritmo de vacina\u00e7\u00e3o contra a Covid-19.&nbsp;A estimativa m\u00e9dia dos analistas do mercado financeiro&nbsp;<a href=\"https:\/\/g1.globo.com\/economia\/noticia\/2021\/04\/12\/mercado-financeiro-sobe-estimativa-de-inflacao-para-485percent-em-2021-e-ve-alta-menor-do-pib.ghtml\">est\u00e1 atualmente em 3,08%<\/a>.<\/p>\n\n\n\n<p>Para quem permaneceu na classe m\u00e9dia, essa estagna\u00e7\u00e3o complica a cria\u00e7\u00e3o de novos empregos e uma situa\u00e7\u00e3o mais confort\u00e1vel. Mas,\u00a0<strong>para quem &#8216;cai&#8217;, a chance de retorno fica ainda mais distante<\/strong>. Um crescimento em xeque somado \u00e0 redu\u00e7\u00e3o de benef\u00edcios sociais d\u00e3o a equa\u00e7\u00e3o de dificuldades extras para as classes de renda mais baixa, tirando de perspectiva uma ascens\u00e3o.<\/p>\n\n\n\n<p>No ano passado, o&nbsp;<a href=\"https:\/\/g1.globo.com\/economia\/noticia\/2020\/09\/01\/auxilio-emergencial-segurou-queda-ainda-maior-do-pib-no-2o-trimestre.ghtml\">Aux\u00edlio Emergencial mais que compensou a queda de rendimentos do brasileiro<\/a>, mas o prospecto para esse ano, com parcelas menores, \u00e9 negativo. Nos c\u00e1lculos da Tend\u00eancias, a massa de renda ampliada na economia (que agrega sal\u00e1rios, benef\u00edcios sociais, previd\u00eancia e rentabilidade de investimentos) subiu 5,3% em 2020, apoiada no aux\u00edlio.&nbsp;Neste ano, a queda deve ser de 3,8%, com dep\u00f3sitos menores e gera\u00e7\u00e3o de empregos que n\u00e3o compensar\u00e1 as perdas da pandemia.<\/p>\n\n\n\n<p>Nas classes D e E, a varia\u00e7\u00e3o de renda entre um ano e outro ser\u00e1 uma montanha russa. A primeira rodada do Aux\u00edlio Emergencial, com parcelas de R$ 600 e redu\u00e7\u00e3o no fim do ano para R$ 300, elevou a renda desse extrato social em 23,4%. Com as quatro parcelas de R$ 250 previstas para a segunda rodada,&nbsp;a queda de rendimentos deve chegar a 14,4% em 2021.<\/p>\n\n\n\n<blockquote class=\"wp-block-quote is-layout-flow wp-block-quote-is-layout-flow\"><p>&#8220;Quase 50% da renda dessas fam\u00edlias das classes D e E vem de previd\u00eancia e transfer\u00eancias sociais. Com o quadro fiscal do pa\u00eds, que prev\u00ea apenas recomposi\u00e7\u00e3o de infla\u00e7\u00e3o para o sal\u00e1rio m\u00ednimo e aumento sens\u00edvel do Bolsa Fam\u00edlia, a mobilidade social fica muito mais dif\u00edcil&#8221;, diz Alessandra Ribeiro, diretora de macroeconomia da Tend\u00eancias Consultoria.<\/p><\/blockquote>\n\n\n\n<h2 class=\"wp-block-heading\">Problemas estruturais<\/h2>\n\n\n\n<p>Para os economistas consultados pelo&nbsp;<strong>G1<\/strong>, o aumento da desigualdade social durante a pandemia traz ainda efeitos de longo prazo na forma\u00e7\u00e3o educacional do brasileiro.&nbsp;<\/p>\n\n\n\n<p>A absor\u00e7\u00e3o do curr\u00edculo b\u00e1sico na escola e as rela\u00e7\u00f5es interpessoais s\u00e3o apenas dois dos fatores prejudicados pela pandemia e que comp\u00f5em o desenvolvimento de habilidades de crian\u00e7as e adolescentes. Estudantes mais limitados nessa forma\u00e7\u00e3o inicial resultam em profissionais com menor qualifica\u00e7\u00e3o e, por consequ\u00eancia, menor produtividade e renda.<\/p>\n\n\n\n<blockquote class=\"wp-block-quote is-layout-flow wp-block-quote-is-layout-flow\"><p>&#8220;A disparidade educacional, que existe entre diferentes n\u00edvel socioecon\u00f4micos, ser\u00e1 intensificada nessa gera\u00e7\u00e3o e carregada ao longo da vida. O grande desafio da pol\u00edtica educacional dos pr\u00f3ximos anos \u00e9 tentar minimizar esse processo&#8221;, diz Rodrigo Soares, economista e professor do Insper.<\/p><\/blockquote>\n\n\n\n<p>&#8220;E a situa\u00e7\u00e3o das finan\u00e7as p\u00fablicas vai ter implica\u00e7\u00f5es para a capacidade do governo de fazer pol\u00edtica p\u00fablica nesse sentido&#8221;, prossegue Soares.<\/p>\n\n\n\n<p>Ap\u00f3s um ano de pandemia e com campanhas de vacina\u00e7\u00e3o em marcha lenta,&nbsp;<a href=\"https:\/\/g1.globo.com\/educacao\/noticia\/2021\/04\/05\/fechamento-de-escolas-durante-pandemia-fez-brasil-regredir-duas-decadas-em-materia-de-evasao-escolar-diz-unicef.ghtml\">18 estados brasileiros ainda mant\u00e9m aulas de forma remota<\/a>, o que limita acesso de estudantes mais pobres. Segundo a Unicef, um total de mais 5 milh\u00f5es de crian\u00e7as e adolescentes n\u00e3o est\u00e3o participando de maneira regular da escola no pa\u00eds.&nbsp;<\/p>\n\n\n\n<p>&#8220;Isso est\u00e1 nos levando para tr\u00e1s. J\u00e1 calculamos que isso nos fez regredir duas d\u00e9cadas em n\u00famero de crian\u00e7as e adolescentes desvinculados da escola&#8221;, disse Florence Bauer, representante do Unicef no Brasil, no \u00faltimo dia 5.<\/p>\n","protected":false},"excerpt":{"rendered":"<p>Percentual de brasileiros na classe m\u00e9dia caiu de 51% em 2020 para 47% em 2021, segundo estudo do Instituto Locomotiva. Levantamento estima que cerca de 4,9 milh\u00f5es de fam\u00edlias ca\u00edram para a classe baixa no \u00faltimo ano.<\/p>\n","protected":false},"author":1,"featured_media":0,"comment_status":"closed","ping_status":"open","sticky":false,"template":"","format":"standard","meta":{"_exactmetrics_skip_tracking":false,"_exactmetrics_sitenote_active":false,"_exactmetrics_sitenote_note":"","_exactmetrics_sitenote_category":0,"jetpack_post_was_ever_published":false,"_jetpack_newsletter_access":"","_jetpack_dont_email_post_to_subs":false,"_jetpack_newsletter_tier_id":0,"_jetpack_memberships_contains_paywalled_content":false,"_jetpack_memberships_contains_paid_content":false,"footnotes":"","jetpack_publicize_message":"","jetpack_publicize_feature_enabled":true,"jetpack_social_post_already_shared":true,"jetpack_social_options":{"image_generator_settings":{"template":"highway","enabled":false},"version":2}},"categories":[1],"tags":[],"class_list":["post-31614","post","type-post","status-publish","format-standard","hentry","category-notas"],"jetpack_publicize_connections":[],"jetpack_sharing_enabled":true,"jetpack_featured_media_url":"","jetpack_shortlink":"https:\/\/wp.me\/p7wKYW-8dU","jetpack-related-posts":[],"_links":{"self":[{"href":"http:\/\/blogdalucianaoliveira.com.br\/blog\/wp-json\/wp\/v2\/posts\/31614","targetHints":{"allow":["GET"]}}],"collection":[{"href":"http:\/\/blogdalucianaoliveira.com.br\/blog\/wp-json\/wp\/v2\/posts"}],"about":[{"href":"http:\/\/blogdalucianaoliveira.com.br\/blog\/wp-json\/wp\/v2\/types\/post"}],"author":[{"embeddable":true,"href":"http:\/\/blogdalucianaoliveira.com.br\/blog\/wp-json\/wp\/v2\/users\/1"}],"replies":[{"embeddable":true,"href":"http:\/\/blogdalucianaoliveira.com.br\/blog\/wp-json\/wp\/v2\/comments?post=31614"}],"version-history":[{"count":1,"href":"http:\/\/blogdalucianaoliveira.com.br\/blog\/wp-json\/wp\/v2\/posts\/31614\/revisions"}],"predecessor-version":[{"id":31618,"href":"http:\/\/blogdalucianaoliveira.com.br\/blog\/wp-json\/wp\/v2\/posts\/31614\/revisions\/31618"}],"wp:attachment":[{"href":"http:\/\/blogdalucianaoliveira.com.br\/blog\/wp-json\/wp\/v2\/media?parent=31614"}],"wp:term":[{"taxonomy":"category","embeddable":true,"href":"http:\/\/blogdalucianaoliveira.com.br\/blog\/wp-json\/wp\/v2\/categories?post=31614"},{"taxonomy":"post_tag","embeddable":true,"href":"http:\/\/blogdalucianaoliveira.com.br\/blog\/wp-json\/wp\/v2\/tags?post=31614"}],"curies":[{"name":"wp","href":"https:\/\/api.w.org\/{rel}","templated":true}]}}