{"id":31621,"date":"2021-04-19T09:39:42","date_gmt":"2021-04-19T13:39:42","guid":{"rendered":"http:\/\/blogdalucianaoliveira.com.br\/blog\/?p=31621"},"modified":"2021-04-19T09:49:55","modified_gmt":"2021-04-19T13:49:55","slug":"quem-matou-ari-uru-eu-wau-wau","status":"publish","type":"post","link":"http:\/\/blogdalucianaoliveira.com.br\/blog\/2021\/04\/19\/quem-matou-ari-uru-eu-wau-wau\/","title":{"rendered":"Quem matou Ari Uru Eu Wau Wau?"},"content":{"rendered":"\n<figure class=\"wp-block-image size-large\"><img data-recalc-dims=\"1\" loading=\"lazy\" decoding=\"async\" width=\"600\" height=\"434\" data-attachment-id=\"31622\" data-permalink=\"http:\/\/blogdalucianaoliveira.com.br\/blog\/2021\/04\/19\/quem-matou-ari-uru-eu-wau-wau\/ari-3\/\" data-orig-file=\"https:\/\/i0.wp.com\/blogdalucianaoliveira.com.br\/blog\/wp-content\/uploads\/2021\/04\/ari.jpeg?fit=984%2C711\" data-orig-size=\"984,711\" data-comments-opened=\"0\" data-image-meta=\"{&quot;aperture&quot;:&quot;0&quot;,&quot;credit&quot;:&quot;&quot;,&quot;camera&quot;:&quot;&quot;,&quot;caption&quot;:&quot;&quot;,&quot;created_timestamp&quot;:&quot;0&quot;,&quot;copyright&quot;:&quot;&quot;,&quot;focal_length&quot;:&quot;0&quot;,&quot;iso&quot;:&quot;0&quot;,&quot;shutter_speed&quot;:&quot;0&quot;,&quot;title&quot;:&quot;&quot;,&quot;orientation&quot;:&quot;0&quot;}\" data-image-title=\"ari\" data-image-description=\"\" data-image-caption=\"\" data-medium-file=\"https:\/\/i0.wp.com\/blogdalucianaoliveira.com.br\/blog\/wp-content\/uploads\/2021\/04\/ari.jpeg?fit=300%2C217\" data-large-file=\"https:\/\/i0.wp.com\/blogdalucianaoliveira.com.br\/blog\/wp-content\/uploads\/2021\/04\/ari.jpeg?fit=600%2C434\" src=\"https:\/\/i0.wp.com\/blogdalucianaoliveira.com.br\/blog\/wp-content\/uploads\/2021\/04\/ari.jpeg?resize=600%2C434&#038;ssl=1\" alt=\"\" class=\"wp-image-31622\" srcset=\"https:\/\/i0.wp.com\/blogdalucianaoliveira.com.br\/blog\/wp-content\/uploads\/2021\/04\/ari.jpeg?w=984 984w, https:\/\/i0.wp.com\/blogdalucianaoliveira.com.br\/blog\/wp-content\/uploads\/2021\/04\/ari.jpeg?resize=300%2C217 300w, https:\/\/i0.wp.com\/blogdalucianaoliveira.com.br\/blog\/wp-content\/uploads\/2021\/04\/ari.jpeg?resize=768%2C555 768w, https:\/\/i0.wp.com\/blogdalucianaoliveira.com.br\/blog\/wp-content\/uploads\/2021\/04\/ari.jpeg?resize=415%2C300 415w\" sizes=\"auto, (max-width: 600px) 100vw, 600px\" \/><\/figure>\n\n\n\n<p>19 de abril \u00e9 o dia dos donos da terra. Ind\u00edgenas n\u00e3o querem parab\u00e9ns nem celebra\u00e7\u00f5es puramente midi\u00e1ticas. Querem respeito a seus direitos, prote\u00e7\u00e3o e justi\u00e7a pelos que foram assassinados lutando para defender suas terras. Em v\u00eddeo, lideran\u00e7as cobram: Quem matou e\/ou quem mandou matar o professor ind\u00edgena que vigiava a floresta?<\/p>\n\n\n\n<!--more-->\n\n\n\n<p>O corpo de Ari Uru Eu Wau Wau, 34 anos, foi encontrado morto em linha que d\u00e1 acesso a aldeias ind\u00edgenas da etnia na regi\u00e3o de Taril\u00e2ndia, distrito de Jaru. Ele era do grupo de vigil\u00e2ncia contra invas\u00f5es de grileiros e madeireiros empoderados aos crimes com os discursos do presidente Jair Bolsonaro. <\/p>\n\n\n\n<iframe loading=\"lazy\" src=\"https:\/\/www.facebook.com\/plugins\/video.php?height=476&#038;href=https%3A%2F%2Fwww.facebook.com%2Fluciana.oliveira.75457%2Fvideos%2F4038512099557996%2F&#038;show_text=false&#038;width=375\" width=\"375\" height=\"476\" style=\"border:none;overflow:hidden\" scrolling=\"no\" frameborder=\"0\" allowfullscreen=\"true\" allow=\"autoplay; clipboard-write; encrypted-media; picture-in-picture; web-share\" allowFullScreen=\"true\"><\/iframe>\n","protected":false},"excerpt":{"rendered":"<p>19 de abril \u00e9 o dia dos donos da terra. Ind\u00edgenas n\u00e3o querem parab\u00e9ns nem celebra\u00e7\u00f5es puramente midi\u00e1ticas. Querem respeito a seus direitos, prote\u00e7\u00e3o e justi\u00e7a pelos que foram assassinados lutando para defender suas terras. Em v\u00eddeo, lideran\u00e7as cobram: Quem matou e\/ou quem mandou matar o professor ind\u00edgena que vigiava a floresta?<\/p>\n","protected":false},"author":1,"featured_media":0,"comment_status":"closed","ping_status":"open","sticky":false,"template":"","format":"standard","meta":{"_exactmetrics_skip_tracking":false,"_exactmetrics_sitenote_active":false,"_exactmetrics_sitenote_note":"","_exactmetrics_sitenote_category":0,"jetpack_post_was_ever_published":false,"_jetpack_newsletter_access":"","_jetpack_dont_email_post_to_subs":false,"_jetpack_newsletter_tier_id":0,"_jetpack_memberships_contains_paywalled_content":false,"_jetpack_memberships_contains_paid_content":false,"footnotes":"","jetpack_publicize_message":"","jetpack_publicize_feature_enabled":true,"jetpack_social_post_already_shared":true,"jetpack_social_options":{"image_generator_settings":{"template":"highway","enabled":false},"version":2}},"categories":[1],"tags":[488,487],"class_list":["post-31621","post","type-post","status-publish","format-standard","hentry","category-notas","tag-ari-uru-eu-wau-wau","tag-dia-do-indio"],"jetpack_publicize_connections":[],"jetpack_sharing_enabled":true,"jetpack_featured_media_url":"","jetpack_shortlink":"https:\/\/wp.me\/p7wKYW-8e1","jetpack-related-posts":[],"_links":{"self":[{"href":"http:\/\/blogdalucianaoliveira.com.br\/blog\/wp-json\/wp\/v2\/posts\/31621","targetHints":{"allow":["GET"]}}],"collection":[{"href":"http:\/\/blogdalucianaoliveira.com.br\/blog\/wp-json\/wp\/v2\/posts"}],"about":[{"href":"http:\/\/blogdalucianaoliveira.com.br\/blog\/wp-json\/wp\/v2\/types\/post"}],"author":[{"embeddable":true,"href":"http:\/\/blogdalucianaoliveira.com.br\/blog\/wp-json\/wp\/v2\/users\/1"}],"replies":[{"embeddable":true,"href":"http:\/\/blogdalucianaoliveira.com.br\/blog\/wp-json\/wp\/v2\/comments?post=31621"}],"version-history":[{"count":2,"href":"http:\/\/blogdalucianaoliveira.com.br\/blog\/wp-json\/wp\/v2\/posts\/31621\/revisions"}],"predecessor-version":[{"id":31624,"href":"http:\/\/blogdalucianaoliveira.com.br\/blog\/wp-json\/wp\/v2\/posts\/31621\/revisions\/31624"}],"wp:attachment":[{"href":"http:\/\/blogdalucianaoliveira.com.br\/blog\/wp-json\/wp\/v2\/media?parent=31621"}],"wp:term":[{"taxonomy":"category","embeddable":true,"href":"http:\/\/blogdalucianaoliveira.com.br\/blog\/wp-json\/wp\/v2\/categories?post=31621"},{"taxonomy":"post_tag","embeddable":true,"href":"http:\/\/blogdalucianaoliveira.com.br\/blog\/wp-json\/wp\/v2\/tags?post=31621"}],"curies":[{"name":"wp","href":"https:\/\/api.w.org\/{rel}","templated":true}]}}