{"id":31626,"date":"2021-04-19T09:55:32","date_gmt":"2021-04-19T13:55:32","guid":{"rendered":"http:\/\/blogdalucianaoliveira.com.br\/blog\/?p=31626"},"modified":"2021-04-19T09:55:38","modified_gmt":"2021-04-19T13:55:38","slug":"hoje-e-dia-do-indio-e-tem-o-que-ser-comemorado","status":"publish","type":"post","link":"http:\/\/blogdalucianaoliveira.com.br\/blog\/2021\/04\/19\/hoje-e-dia-do-indio-e-tem-o-que-ser-comemorado\/","title":{"rendered":"Hoje \u00e9 dia do \u00edndio: e tem o que ser comemorado?"},"content":{"rendered":"\n<figure class=\"wp-block-image\"><img decoding=\"async\" src=\"https:\/\/s.yimg.com\/ny\/api\/res\/1.2\/xqTgVcGF1wG.a8Molv8ZAA--\/YXBwaWQ9aGlnaGxhbmRlcjt3PTk2MDtoPTEwMTMuMjM3OTI0ODY1ODMxODtjZj13ZWJw\/https:\/\/s.yimg.com\/os\/creatr-uploaded-images\/2021-04\/3e1e97e0-a0b1-11eb-8bff-7d0bdda135fb\" alt=\"\"\/><\/figure>\n\n\n\n<p>Certa vez, Ailton Krenak questionou em entrevista: &#8220;Por que se comemora a presen\u00e7a do \u00edndio em territ\u00f3rio brasileiro, ou se faz um esfor\u00e7o para que o \u00edndio seja lembrado e at\u00e9 exaltado a todo dia 19 de abril se o \u00edndio incomoda tantos cidad\u00e3os brasileiros? Por que comemorar?&#8221;. E \u00e9 desse questionamento que partiremos.<\/p>\n\n\n\n<!--more-->\n\n\n\n<p>No Yahoo Not\u00edcias<\/p>\n\n\n\n<h2 class=\"wp-block-heading\">Como surgiu o dia do \u00edndio?<\/h2>\n\n\n\n<p>O dia do \u00edndio nasce do Congresso Indigenista Interamericano em Abril de 1940, realizado em Patzcuaro no M\u00e9xico. Participaram os seguintes pa\u00edses, com seus representantes:<\/p>\n\n\n\n<ul class=\"wp-block-list\"><li>M\u00e9xico: Luis Chavez Orozco, chefe do Departamento de Assuntos Ind\u00edgenas do M\u00e9xico e coordenador do Congresso Interamericano.<\/li><li>Colombia: C\u00e9sar Uribe Piedrah\u00edta, um do delegados oficiais;<\/li><li>Chile: Venancio Co\u00f1uep\u00e1n Huenchual, ascend\u00eancia mapuche, deputado e ministro da Rep\u00fablica do Chile. Foi o diretor de Assuntos Ind\u00edgenas;<\/li><li>Bolivia: Antonio D\u00edaz Villamil, escritor e historiador; ocupou o cargo de Diretor Geral de Educa\u00e7\u00e3o;<\/li><li>Brasil: Edgar Roquette Pinto, membro do Conselho Nacional do Servi\u00e7o de Prote\u00e7\u00e3o ao \u00cdndio (SPI);<\/li><li>Equador: P\u00edo Jaramillo Alvarado e V\u00edctor Gabriel Garc\u00e9s;<\/li><li>Estados Unidos: John Collier e os antrop\u00f3logos John Cooper, Sophie Bledsoe Aberle e Matthew Stirling;<\/li><li>M\u00e9xico: Adem\u00e1s de Ch\u00e1vez Orozco, Mois\u00e9s S\u00e1enz Garza, um dos promotores do encontro, secret\u00e1rio da Comiss\u00e3o Organizadora e Vicente Lombardo Toledano, secretario da Confedera\u00e7\u00e3o dos Trabalhadores do M\u00e9xico;<\/li><li>Panam\u00e1: Rub\u00e9n P\u00e9rez Cantule, etnia cuna;<\/li><li>Peru: Jos\u00e9 Angel Escalante, presidente da delega\u00e7\u00e3o peruana e ex-prefeito de Cuzco em 1919 e ministro da Justi\u00e7a em 1930; Luis Eduardo Valc\u00e1rcel Vizcarra, antrop\u00f3logo e pesquisador do pr\u00e9-hisp\u00e2nico no Peru; Jos\u00e9 Uriel Garc\u00eda, educador peruano; Jos\u00e9 Mar\u00eda Arguedas, escritor e antrop\u00f3logo.<\/li><\/ul>\n\n\n\n<p>A reuni\u00e3o de l\u00edderes pol\u00edticos deixou os ind\u00edgenas desconfiados de que mais uma vez houvesse uma tentativa de aproxima\u00e7\u00e3o sem conversas envolvendo os povos, o que gerou um afastamento dos pr\u00f3prios ind\u00edgenas, que temiam pela seguran\u00e7a dos l\u00edderes ind\u00edgenas, e em um primeiro momento n\u00e3o toparam participar do evento.<\/p>\n\n\n\n<h3 class=\"wp-block-heading\">Por que dia 19 de abril?<\/h3>\n\n\n\n<p>Mas no dia 19 de abril, os ind\u00edgenas aceitaram se unir aos l\u00edderes pol\u00edticos que estavam reunidos no M\u00e9xico em busca da participa\u00e7\u00e3o por representatividade na tomada de decis\u00f5es. Com a participa\u00e7\u00e3o ind\u00edgena a partir daquela data, acordos foram feitos e a maioria dos pa\u00edses presentes se comprometeu em acatar a luta por respeito e igualdade de direitos dos Povos.<\/p>\n\n\n\n<figure class=\"wp-block-image\"><img decoding=\"async\" src=\"https:\/\/s.yimg.com\/ny\/api\/res\/1.2\/ZYHbxEoEGB5_5yyOVMmSBg--\/YXBwaWQ9aGlnaGxhbmRlcjt3PTk2MDtjZj13ZWJw\/https:\/\/s.yimg.com\/os\/creatr-uploaded-images\/2021-04\/b9874e40-a0b1-11eb-b71f-6fb06a556eb0\" alt=\"Integrantes do Congresso Indigenista Interamericano de 1940 (Reprodu&#xe7;&#xe3;o)\"\/><figcaption>Integrantes do Congresso Indigenista Interamericano de 1940 (Reprodu\u00e7\u00e3o)<\/figcaption><\/figure>\n\n\n\n<p>Quando se fala em respeito, se fala em respeito \u00e0 identidade e cultura, e estabelecer o dia do \u00edndio no dia 19 de abril foi um marco para simbolizar esse acordo. Por\u00e9m, apenas no dia 2 de junho de 1943, tr\u00eas anos depois do acordo feito no M\u00e9xico, o ent\u00e3o presidente do Brasil, Get\u00falio Vargas assinou o decreto n\u00ba 5.540, instaurando o dia 19 de Abril o dia do \u201c\u00edndio\u201d.<\/p>\n\n\n\n<h2 class=\"wp-block-heading\">H\u00e1 motivo para comemorar o dia do \u00edndio?<\/h2>\n\n\n\n<p>Ent\u00e3o voltamos a pergunta: por que comemorar? Qual motivo leva o Brasil a comemorar o dia do \u201c\u00edndio\u201d? Uma hist\u00f3ria fantasiosa. Brasil afora, a popula\u00e7\u00e3o que se espalha pelos atuais 26 estados e Distrito Federal pouco sabem sobre os Povos origin\u00e1rios desta terra, pouco falam de sua diversidade e luta, sequer sabem seus nomes, ou seu verdadeiros nomes, importante dizer, em sua pr\u00f3pria l\u00ednguas.&nbsp;<\/p>\n\n\n\n<p>Por que falamos \u00edndio diante de tanta diversidade entre esses Povos? Diante da certeza de que esses s\u00e3o os donos da terra em que hoje est\u00e1 o Brasil e n\u00e3o \u201c\u00edndios\u201d como imaginou Cabral desejando chegar a \u00cdndia em 1500. Somos os Povos Ind\u00edgenas, aqueles que habitam a terra antes de sua coloniza\u00e7\u00e3o, aqueles que s\u00e3o diversos, em l\u00ednguas, cores, culturas, espiritualidades e sexualidades. Existe muito mais beleza na diversidade ind\u00edgena brasileira do que na hist\u00f3ria inventada sem cores e escrita por brancos.<\/p>\n\n\n\n<p>Um m\u00eas ignorante de conhecimento se transforma em desfile de falsos cocares e pinturas nas escolas, que refor\u00e7ou por anos um estere\u00f3tipo, e que pela m\u00e3o manchada de ucrucum e jenipapo de ind\u00edgenas est\u00e1 sendo transformado em um ato de resist\u00eancia, de sobreviv\u00eancia e de informa\u00e7\u00e3o.&nbsp;<\/p>\n\n\n\n<p>Come\u00e7ou h\u00e1 muitos anos o Abril Ind\u00edgena, uma lembran\u00e7a de que todo dia \u00e9 dia dos Povos ind\u00edgenas, e assim constru\u00edmos uma nova hist\u00f3ria uma hist\u00f3ria de outros 500 anos de resist\u00eancia, muito mais do que comemora\u00e7\u00e3o vazia.<br><\/p>\n","protected":false},"excerpt":{"rendered":"<p>Certa vez, Ailton Krenak questionou em entrevista: &#8220;Por que se comemora a presen\u00e7a do \u00edndio em territ\u00f3rio brasileiro, ou se faz um esfor\u00e7o para que o \u00edndio seja lembrado e at\u00e9 exaltado a todo dia 19 de abril se o \u00edndio incomoda tantos cidad\u00e3os brasileiros? Por que comemorar?&#8221;. E \u00e9 desse questionamento que partiremos.<\/p>\n","protected":false},"author":1,"featured_media":0,"comment_status":"closed","ping_status":"open","sticky":false,"template":"","format":"standard","meta":{"_exactmetrics_skip_tracking":false,"_exactmetrics_sitenote_active":false,"_exactmetrics_sitenote_note":"","_exactmetrics_sitenote_category":0,"jetpack_post_was_ever_published":false,"_jetpack_newsletter_access":"","_jetpack_dont_email_post_to_subs":false,"_jetpack_newsletter_tier_id":0,"_jetpack_memberships_contains_paywalled_content":false,"_jetpack_memberships_contains_paid_content":false,"footnotes":"","jetpack_publicize_message":"","jetpack_publicize_feature_enabled":true,"jetpack_social_post_already_shared":true,"jetpack_social_options":{"image_generator_settings":{"template":"highway","enabled":false},"version":2}},"categories":[1],"tags":[53,487,366],"class_list":["post-31626","post","type-post","status-publish","format-standard","hentry","category-notas","tag-bolsonaro","tag-dia-do-indio","tag-pandemia"],"jetpack_publicize_connections":[],"jetpack_sharing_enabled":true,"jetpack_featured_media_url":"","jetpack_shortlink":"https:\/\/wp.me\/p7wKYW-8e6","jetpack-related-posts":[],"_links":{"self":[{"href":"http:\/\/blogdalucianaoliveira.com.br\/blog\/wp-json\/wp\/v2\/posts\/31626","targetHints":{"allow":["GET"]}}],"collection":[{"href":"http:\/\/blogdalucianaoliveira.com.br\/blog\/wp-json\/wp\/v2\/posts"}],"about":[{"href":"http:\/\/blogdalucianaoliveira.com.br\/blog\/wp-json\/wp\/v2\/types\/post"}],"author":[{"embeddable":true,"href":"http:\/\/blogdalucianaoliveira.com.br\/blog\/wp-json\/wp\/v2\/users\/1"}],"replies":[{"embeddable":true,"href":"http:\/\/blogdalucianaoliveira.com.br\/blog\/wp-json\/wp\/v2\/comments?post=31626"}],"version-history":[{"count":1,"href":"http:\/\/blogdalucianaoliveira.com.br\/blog\/wp-json\/wp\/v2\/posts\/31626\/revisions"}],"predecessor-version":[{"id":31627,"href":"http:\/\/blogdalucianaoliveira.com.br\/blog\/wp-json\/wp\/v2\/posts\/31626\/revisions\/31627"}],"wp:attachment":[{"href":"http:\/\/blogdalucianaoliveira.com.br\/blog\/wp-json\/wp\/v2\/media?parent=31626"}],"wp:term":[{"taxonomy":"category","embeddable":true,"href":"http:\/\/blogdalucianaoliveira.com.br\/blog\/wp-json\/wp\/v2\/categories?post=31626"},{"taxonomy":"post_tag","embeddable":true,"href":"http:\/\/blogdalucianaoliveira.com.br\/blog\/wp-json\/wp\/v2\/tags?post=31626"}],"curies":[{"name":"wp","href":"https:\/\/api.w.org\/{rel}","templated":true}]}}