{"id":31628,"date":"2021-04-19T13:38:26","date_gmt":"2021-04-19T17:38:26","guid":{"rendered":"http:\/\/blogdalucianaoliveira.com.br\/blog\/?p=31628"},"modified":"2021-04-19T13:48:26","modified_gmt":"2021-04-19T17:48:26","slug":"a-desarrazoada-vacinacao-de-quem-atua-na-saude-nas-redes-pubica-e-privada","status":"publish","type":"post","link":"http:\/\/blogdalucianaoliveira.com.br\/blog\/2021\/04\/19\/a-desarrazoada-vacinacao-de-quem-atua-na-saude-nas-redes-pubica-e-privada\/","title":{"rendered":"A desarrazoada vacina\u00e7\u00e3o de quem atua na sa\u00fade nas redes p\u00fabica e privada"},"content":{"rendered":"\n<figure class=\"wp-block-image size-large\"><img loading=\"lazy\" decoding=\"async\" width=\"1701\" height=\"1039\" data-attachment-id=\"31631\" data-permalink=\"http:\/\/blogdalucianaoliveira.com.br\/blog\/2021\/04\/19\/a-desarrazoada-vacinacao-de-quem-atua-na-saude-nas-redes-pubica-e-privada\/fila\/\" data-orig-file=\"https:\/\/i0.wp.com\/blogdalucianaoliveira.com.br\/blog\/wp-content\/uploads\/2021\/04\/fila.jpg?fit=1701%2C1039\" data-orig-size=\"1701,1039\" data-comments-opened=\"0\" data-image-meta=\"{&quot;aperture&quot;:&quot;0&quot;,&quot;credit&quot;:&quot;&quot;,&quot;camera&quot;:&quot;&quot;,&quot;caption&quot;:&quot;&quot;,&quot;created_timestamp&quot;:&quot;0&quot;,&quot;copyright&quot;:&quot;&quot;,&quot;focal_length&quot;:&quot;0&quot;,&quot;iso&quot;:&quot;0&quot;,&quot;shutter_speed&quot;:&quot;0&quot;,&quot;title&quot;:&quot;&quot;,&quot;orientation&quot;:&quot;0&quot;}\" data-image-title=\"fila\" data-image-description=\"\" data-image-caption=\"\" data-medium-file=\"https:\/\/i0.wp.com\/blogdalucianaoliveira.com.br\/blog\/wp-content\/uploads\/2021\/04\/fila.jpg?fit=300%2C183\" data-large-file=\"https:\/\/i0.wp.com\/blogdalucianaoliveira.com.br\/blog\/wp-content\/uploads\/2021\/04\/fila.jpg?fit=600%2C366\" src=\"https:\/\/i2.wp.com\/blogdalucianaoliveira.com.br\/blog\/wp-content\/uploads\/2021\/04\/fila.jpg?fit=600%2C366&amp;ssl=1\" alt=\"\" class=\"wp-image-31631\" srcset=\"https:\/\/i0.wp.com\/blogdalucianaoliveira.com.br\/blog\/wp-content\/uploads\/2021\/04\/fila.jpg?w=1701 1701w, https:\/\/i0.wp.com\/blogdalucianaoliveira.com.br\/blog\/wp-content\/uploads\/2021\/04\/fila.jpg?resize=300%2C183 300w, https:\/\/i0.wp.com\/blogdalucianaoliveira.com.br\/blog\/wp-content\/uploads\/2021\/04\/fila.jpg?resize=1024%2C625 1024w, https:\/\/i0.wp.com\/blogdalucianaoliveira.com.br\/blog\/wp-content\/uploads\/2021\/04\/fila.jpg?resize=768%2C469 768w, https:\/\/i0.wp.com\/blogdalucianaoliveira.com.br\/blog\/wp-content\/uploads\/2021\/04\/fila.jpg?resize=1536%2C938 1536w, https:\/\/i0.wp.com\/blogdalucianaoliveira.com.br\/blog\/wp-content\/uploads\/2021\/04\/fila.jpg?resize=491%2C300 491w, https:\/\/i0.wp.com\/blogdalucianaoliveira.com.br\/blog\/wp-content\/uploads\/2021\/04\/fila.jpg?w=1200 1200w\" sizes=\"auto, (max-width: 600px) 100vw, 600px\" \/><\/figure>\n\n\n\n<p>Todos os dias acordamos com\npavor de contrair a Covid-19 e ansiosos com a vacina que pode nos manter vivos.\n<\/p>\n\n\n\n<p>Quando todos forem vacinados, centenas\nde milhares v\u00e3o lembrar dos que perderam e pensar que poderiam estar vivos se o\nprocesso de imuniza\u00e7\u00e3o n\u00e3o tivesse demorado tanto.<\/p>\n\n\n\n<!--more-->\n\n\n\n<p>O pa\u00eds tem mais de 370 mil\nmortos na pandemia e a m\u00e9dia m\u00f3vel de \u00f3bitos nos \u00faltimos sete dias chegou a 2.878.<\/p>\n\n\n\n<p>Todos t\u00eam pressa, mas a quantidade de vacinas ainda \u00e9 muito pequena e vai demorar para garantir vacina\u00e7\u00e3o em massa. A fila \u00e9 longa e por isso foi criada uma lista de grupos priorit\u00e1rios pelo Minist\u00e9rio da Sa\u00fade. &nbsp;<\/p>\n\n\n\n<p>Segundo o cons\u00f3rcio de ve\u00edculos\nde imprensa, Rond\u00f4nia \u00e9 um dos estados onde a vacina\u00e7\u00e3o \u00e9 mais lenta. Apenas\n8,82% da popula\u00e7\u00e3o teve acesso a primeira dose. &nbsp;<\/p>\n\n\n\n<p>Nos \u00faltimos dias o BLO tem recebido den\u00fancias e queixas de vacina\u00e7\u00e3o de servidores da sa\u00fade e empregados de cl\u00ednicas particulares, unicamente pelo crit\u00e9rio de v\u00ednculo de trabalho na \u00e1rea da sa\u00fade, p\u00fablica ou privada.<\/p>\n\n\n\n<p>Ficou f\u00e1cil para quem tem uma\ncl\u00ednica vacinar filhos e parentes arrumando qualquer coisa para fazerem s\u00f3 para\ncoloc\u00e1-los na fila.<\/p>\n\n\n\n<p>Nas redes sociais os que publicaram fotos recebendo a dose geraram muita indigna\u00e7\u00e3o.<\/p>\n\n\n\n<p>\u00c9 t\u00e3o injusto e imoral que apagaram assim que receberam os primeiros coment\u00e1rios com indigna\u00e7\u00e3o.<\/p>\n\n\n\n<p>Quantos v\u00e3o morrer esperando entrar na fila, ningu\u00e9m sabe. Certo \u00e9 que muitos morrer\u00e3o.<\/p>\n\n\n\n<p>A reportagem questionou o cronograma\ne crit\u00e9rios de vacina\u00e7\u00e3o da Secretaria Municipal de Sa\u00fade de Porto Velho e\nobteve algumas respostas.<\/p>\n\n\n\n<p>Por e-mail, a Superintend\u00eancia&nbsp;Municipal\nde Comunica\u00e7\u00e3o (SMC) da Prefeitura de Porto Velho informou que \u201cconforme a\norienta\u00e7\u00e3o do Minist\u00e9rio da Sa\u00fade, al\u00e9m dos servidores da linha de frente,\ntrabalhadores do setor de sa\u00fade tamb\u00e9m j\u00e1 podem receber o imunizante. Para receber\na vacina, \u00e9 preciso somente \u201ccomprovar o v\u00ednculo com o estabelecimento de\nsa\u00fade, seja ele p\u00fablico ou privado\u201d.<\/p>\n\n\n\n<p>A recomenda\u00e7\u00e3o do Minist\u00e9rio\nda Sa\u00fade \u00e9 para que os gestores de sa\u00fade sigam a ordem de prioridades definidas,\nmas \u00e9 garantido aos estados e munic\u00edpios \u201cmontar seu pr\u00f3prio esquema de\nvacina\u00e7\u00e3o e dar vaz\u00e3o \u00e0 fila de acordo com as caracter\u00edsticas de sua popula\u00e7\u00e3o,\ndemandas espec\u00edficas de cada regi\u00e3o e doses disponibilizadas\u201d.<\/p>\n\n\n\n<p>A assessoria da prefeitura\ninformou que mais de 19 mil profissionais que atuam na \u00e1rea de sa\u00fade j\u00e1\nreceberam a primeira dose e mais de 10 mil, a segunda.<\/p>\n\n\n\n<p>\u201cAgora estamos avan\u00e7ando com a vacina\u00e7\u00e3o de todos os trabalhadores que atuam em \u00e1reas ligadas ao atendimento com Covid-19, em unidades p\u00fablicas e privadas\u2019, informou a Ascom.<\/p>\n\n\n\n<p>Jovens de departamentos de Recursos Humanos comemoraram. <\/p>\n\n\n\n<figure class=\"wp-block-image size-large\"><img data-recalc-dims=\"1\" loading=\"lazy\" decoding=\"async\" width=\"540\" height=\"650\" data-attachment-id=\"31635\" data-permalink=\"http:\/\/blogdalucianaoliveira.com.br\/blog\/2021\/04\/19\/a-desarrazoada-vacinacao-de-quem-atua-na-saude-nas-redes-pubica-e-privada\/a1d614a0-6133-4efe-9432-3ddaf45b3ca4\/\" data-orig-file=\"https:\/\/i0.wp.com\/blogdalucianaoliveira.com.br\/blog\/wp-content\/uploads\/2021\/04\/A1D614A0-6133-4EFE-9432-3DDAF45B3CA4.jpeg?fit=540%2C650\" data-orig-size=\"540,650\" data-comments-opened=\"0\" data-image-meta=\"{&quot;aperture&quot;:&quot;0&quot;,&quot;credit&quot;:&quot;&quot;,&quot;camera&quot;:&quot;&quot;,&quot;caption&quot;:&quot;&quot;,&quot;created_timestamp&quot;:&quot;0&quot;,&quot;copyright&quot;:&quot;&quot;,&quot;focal_length&quot;:&quot;0&quot;,&quot;iso&quot;:&quot;0&quot;,&quot;shutter_speed&quot;:&quot;0&quot;,&quot;title&quot;:&quot;&quot;,&quot;orientation&quot;:&quot;0&quot;}\" data-image-title=\"A1D614A0-6133-4EFE-9432-3DDAF45B3CA4\" data-image-description=\"\" data-image-caption=\"\" data-medium-file=\"https:\/\/i0.wp.com\/blogdalucianaoliveira.com.br\/blog\/wp-content\/uploads\/2021\/04\/A1D614A0-6133-4EFE-9432-3DDAF45B3CA4.jpeg?fit=249%2C300\" data-large-file=\"https:\/\/i0.wp.com\/blogdalucianaoliveira.com.br\/blog\/wp-content\/uploads\/2021\/04\/A1D614A0-6133-4EFE-9432-3DDAF45B3CA4.jpeg?fit=540%2C650\" src=\"https:\/\/i0.wp.com\/blogdalucianaoliveira.com.br\/blog\/wp-content\/uploads\/2021\/04\/A1D614A0-6133-4EFE-9432-3DDAF45B3CA4.jpeg?resize=540%2C650\" alt=\"\" class=\"wp-image-31635\" srcset=\"https:\/\/i0.wp.com\/blogdalucianaoliveira.com.br\/blog\/wp-content\/uploads\/2021\/04\/A1D614A0-6133-4EFE-9432-3DDAF45B3CA4.jpeg?w=540 540w, https:\/\/i0.wp.com\/blogdalucianaoliveira.com.br\/blog\/wp-content\/uploads\/2021\/04\/A1D614A0-6133-4EFE-9432-3DDAF45B3CA4.jpeg?resize=249%2C300 249w\" sizes=\"auto, (max-width: 540px) 100vw, 540px\" \/><\/figure>\n\n\n\n<p>Bastou um cadastro para muitos\njovens que n\u00e3o fazem nada relacionado \u00e0 Covid serem vacinados.<\/p>\n\n\n\n<p>A reportagem perguntou se\nalguma coisa estava sendo feita para evitar que espertalh\u00f5es furem fila\nsimulando trabalhos em cl\u00ednicas particulares, mas n\u00e3o obteve resposta quanto a\nisso.<\/p>\n\n\n\n<p>H\u00e1 um crit\u00e9rio para inclus\u00e3o na fila muito fr\u00e1gil que privilegia servidores que n\u00e3o atuam na linha de frente e quem usa de m\u00e1-f\u00e9 s\u00f3 por trabalhar em estabelecimento ligado \u00e0 sa\u00fade.<\/p>\n\n\n\n<p><\/p>\n\n\n\n<figure class=\"wp-block-image size-large\"><img data-recalc-dims=\"1\" loading=\"lazy\" decoding=\"async\" width=\"329\" height=\"640\" data-attachment-id=\"31633\" data-permalink=\"http:\/\/blogdalucianaoliveira.com.br\/blog\/2021\/04\/19\/a-desarrazoada-vacinacao-de-quem-atua-na-saude-nas-redes-pubica-e-privada\/22c00d5a-7aad-42f8-bd8a-4ed35e3183db\/\" data-orig-file=\"https:\/\/i0.wp.com\/blogdalucianaoliveira.com.br\/blog\/wp-content\/uploads\/2021\/04\/22C00D5A-7AAD-42F8-BD8A-4ED35E3183DB.jpeg?fit=329%2C640\" data-orig-size=\"329,640\" data-comments-opened=\"0\" data-image-meta=\"{&quot;aperture&quot;:&quot;0&quot;,&quot;credit&quot;:&quot;&quot;,&quot;camera&quot;:&quot;&quot;,&quot;caption&quot;:&quot;&quot;,&quot;created_timestamp&quot;:&quot;0&quot;,&quot;copyright&quot;:&quot;&quot;,&quot;focal_length&quot;:&quot;0&quot;,&quot;iso&quot;:&quot;0&quot;,&quot;shutter_speed&quot;:&quot;0&quot;,&quot;title&quot;:&quot;&quot;,&quot;orientation&quot;:&quot;1&quot;}\" data-image-title=\"22C00D5A-7AAD-42F8-BD8A-4ED35E3183DB\" data-image-description=\"\" data-image-caption=\"\" data-medium-file=\"https:\/\/i0.wp.com\/blogdalucianaoliveira.com.br\/blog\/wp-content\/uploads\/2021\/04\/22C00D5A-7AAD-42F8-BD8A-4ED35E3183DB.jpeg?fit=154%2C300\" data-large-file=\"https:\/\/i0.wp.com\/blogdalucianaoliveira.com.br\/blog\/wp-content\/uploads\/2021\/04\/22C00D5A-7AAD-42F8-BD8A-4ED35E3183DB.jpeg?fit=329%2C640\" src=\"https:\/\/i0.wp.com\/blogdalucianaoliveira.com.br\/blog\/wp-content\/uploads\/2021\/04\/22C00D5A-7AAD-42F8-BD8A-4ED35E3183DB.jpeg?resize=329%2C640\" alt=\"\" class=\"wp-image-31633\" srcset=\"https:\/\/i0.wp.com\/blogdalucianaoliveira.com.br\/blog\/wp-content\/uploads\/2021\/04\/22C00D5A-7AAD-42F8-BD8A-4ED35E3183DB.jpeg?w=329 329w, https:\/\/i0.wp.com\/blogdalucianaoliveira.com.br\/blog\/wp-content\/uploads\/2021\/04\/22C00D5A-7AAD-42F8-BD8A-4ED35E3183DB.jpeg?resize=154%2C300 154w\" sizes=\"auto, (max-width: 329px) 100vw, 329px\" \/><\/figure>\n\n\n\n<p>N\u00e3o tem nenhuma razoabilidade tratar como prioridade quem n\u00e3o tem necessidade real de ser vacinado agora e muito menos em permitir e n\u00e3o investigar situa\u00e7\u00f5es de fraudes na rede privada de sa\u00fade.<\/p>\n\n\n\n<p>Hoje muitos v\u00e3o morrer sem poder\nesperar a vacina que foi aplicada em quem podia esperar.<\/p>\n\n\n\n<p>As fotos de vacina\u00e7\u00e3o que sugerem fraudes e prioriza\u00e7\u00e3o descabida ser\u00e3o encaminhados pelo BLO aos \u00f3rg\u00e3os ministeriais.<\/p>\n","protected":false},"excerpt":{"rendered":"<p>Todos os dias acordamos com pavor de contrair a Covid-19 e ansiosos com a vacina que pode nos manter vivos. Quando todos forem vacinados, centenas de milhares v\u00e3o lembrar dos que perderam e pensar que poderiam estar vivos se o processo de imuniza\u00e7\u00e3o n\u00e3o tivesse demorado tanto.<\/p>\n","protected":false},"author":1,"featured_media":0,"comment_status":"closed","ping_status":"open","sticky":false,"template":"","format":"standard","meta":{"_exactmetrics_skip_tracking":false,"_exactmetrics_sitenote_active":false,"_exactmetrics_sitenote_note":"","_exactmetrics_sitenote_category":0,"jetpack_post_was_ever_published":false,"_jetpack_newsletter_access":"","_jetpack_dont_email_post_to_subs":false,"_jetpack_newsletter_tier_id":0,"_jetpack_memberships_contains_paywalled_content":false,"_jetpack_memberships_contains_paid_content":false,"footnotes":"","jetpack_publicize_message":"","jetpack_publicize_feature_enabled":true,"jetpack_social_post_already_shared":true,"jetpack_social_options":{"image_generator_settings":{"template":"highway","enabled":false},"version":2}},"categories":[1],"tags":[363,7,491,492,490],"class_list":["post-31628","post","type-post","status-publish","format-standard","hentry","category-notas","tag-covid","tag-rondonia","tag-semusa","tag-sesau","tag-vacinacao"],"jetpack_publicize_connections":[],"jetpack_sharing_enabled":true,"jetpack_featured_media_url":"","jetpack_shortlink":"https:\/\/wp.me\/p7wKYW-8e8","jetpack-related-posts":[],"_links":{"self":[{"href":"http:\/\/blogdalucianaoliveira.com.br\/blog\/wp-json\/wp\/v2\/posts\/31628","targetHints":{"allow":["GET"]}}],"collection":[{"href":"http:\/\/blogdalucianaoliveira.com.br\/blog\/wp-json\/wp\/v2\/posts"}],"about":[{"href":"http:\/\/blogdalucianaoliveira.com.br\/blog\/wp-json\/wp\/v2\/types\/post"}],"author":[{"embeddable":true,"href":"http:\/\/blogdalucianaoliveira.com.br\/blog\/wp-json\/wp\/v2\/users\/1"}],"replies":[{"embeddable":true,"href":"http:\/\/blogdalucianaoliveira.com.br\/blog\/wp-json\/wp\/v2\/comments?post=31628"}],"version-history":[{"count":3,"href":"http:\/\/blogdalucianaoliveira.com.br\/blog\/wp-json\/wp\/v2\/posts\/31628\/revisions"}],"predecessor-version":[{"id":31636,"href":"http:\/\/blogdalucianaoliveira.com.br\/blog\/wp-json\/wp\/v2\/posts\/31628\/revisions\/31636"}],"wp:attachment":[{"href":"http:\/\/blogdalucianaoliveira.com.br\/blog\/wp-json\/wp\/v2\/media?parent=31628"}],"wp:term":[{"taxonomy":"category","embeddable":true,"href":"http:\/\/blogdalucianaoliveira.com.br\/blog\/wp-json\/wp\/v2\/categories?post=31628"},{"taxonomy":"post_tag","embeddable":true,"href":"http:\/\/blogdalucianaoliveira.com.br\/blog\/wp-json\/wp\/v2\/tags?post=31628"}],"curies":[{"name":"wp","href":"https:\/\/api.w.org\/{rel}","templated":true}]}}