{"id":31637,"date":"2021-04-19T19:07:47","date_gmt":"2021-04-19T23:07:47","guid":{"rendered":"http:\/\/blogdalucianaoliveira.com.br\/blog\/?p=31637"},"modified":"2021-04-19T19:07:52","modified_gmt":"2021-04-19T23:07:52","slug":"desmatamento-em-marco-na-amazonia-e-o-maior-em-10-anos-diz-imazon","status":"publish","type":"post","link":"http:\/\/blogdalucianaoliveira.com.br\/blog\/2021\/04\/19\/desmatamento-em-marco-na-amazonia-e-o-maior-em-10-anos-diz-imazon\/","title":{"rendered":"Desmatamento em mar\u00e7o na Amaz\u00f4nia \u00e9 o maior em 10 anos, diz Imazon"},"content":{"rendered":"\n<figure class=\"wp-block-image\"><img data-recalc-dims=\"1\" decoding=\"async\" src=\"https:\/\/i0.wp.com\/conteudo.imguol.com.br\/c\/noticias\/47\/2020\/09\/02\/foto-tirada-em-15-de-agosto-de-2020-mostra-queimada-ilegal-na-amazonia-em-novo-progresso-pa-1599064844694_v2_900x506.jpg?w=600&#038;ssl=1\" alt=\"Foto tirada em 15 de agosto de 2020 mostra queimada ilegal na Amaz\u00f4nia, em Novo Progresso (PA) - Carl de Souza\/AFP\"\/><\/figure>\n\n\n\n<p> S\u00c3O PAULO, 19 ABR (ANSA) &#8211; \u00c0s v\u00e9speras da c\u00fapula clim\u00e1tica convocada pelos Estados Unidos, o Imazon (Instituto do Homem e Meio Ambiente da Amaz\u00f4nia) divulgou que a floresta registrou o maior desmatamento para o m\u00eas de mar\u00e7o nos \u00faltimos 10 anos. De acordo com boletim divulgado hoje, a destrui\u00e7\u00e3o na Amaz\u00f4nia Legal totalizou 810 quil\u00f4metros quadrados no m\u00eas passado, um aumento de 216% em rela\u00e7\u00e3o a mar\u00e7o de 2020.<\/p>\n\n\n\n<!--more-->\n\n\n\n<p> A derrubada se concentrou sobretudo no Par\u00e1, com 35% do total, seguido por Mato Grosso (25%), Amazonas (12%), Rond\u00f4nia (11%), Roraima (8%), Maranh\u00e3o (6%), Acre (2%) e Tocantins (1%). &#8220;O acumulado de janeiro a mar\u00e7o em 2021 [1.185 quil\u00f4metros quadrados] tamb\u00e9m apresenta recorde de desmatamento: o total desmatado \u00e9 o maior da s\u00e9rie de 10 anos, mais do que o dobro do registrado em 2020&#8221;, diz o Imazon, que utiliza uma ferramenta de monitoramento baseada em imagens de sat\u00e9lites e chamada SAD (Sistema de Alerta de Desmatamento). J\u00e1 a degrada\u00e7\u00e3o na Amaz\u00f4nia, que mede o &#8220;dist\u00farbio parcial provocado pela extra\u00e7\u00e3o de madeira ou por inc\u00eandios&#8221;, totalizou 64 quil\u00f4metros quadrados em mar\u00e7o,  crescimento de 156% em rela\u00e7\u00e3o ao mesmo per\u00edodo de 2019. O relat\u00f3rio chega em meio \u00e0s negocia\u00e7\u00f5es entre os governos de Brasil e Estados Unidos para um financiamento bilion\u00e1rio contra a devasta\u00e7\u00e3o da Amaz\u00f4nia. Em carta a seu hom\u00f3logo Joe Biden, o presidente Jair Bolsonaro (sem partido) se comprometeu a zerar o desmatamento ilegal at\u00e9 2030, mas o enviado especial dos EUA para o clima, John Kerry, cobrou &#8220;a\u00e7\u00f5es imediatas&#8221; e &#8220;engajamento com a popula\u00e7\u00e3o ind\u00edgena e a sociedade civil&#8221; para que a promessa se transforme em &#8220;resultados concretos&#8221;. A prote\u00e7\u00e3o da Amaz\u00f4nia deve ser tema da c\u00fapula de l\u00edderes convocada por Biden para discutir a crise clim\u00e1tica, em 22 e 23 de abril.<\/p>\n\n\n\n<p><\/p>\n","protected":false},"excerpt":{"rendered":"<p>S\u00c3O PAULO, 19 ABR (ANSA) &#8211; \u00c0s v\u00e9speras da c\u00fapula clim\u00e1tica convocada pelos Estados Unidos, o Imazon (Instituto do Homem e Meio Ambiente da Amaz\u00f4nia) divulgou que a floresta registrou o maior desmatamento para o m\u00eas de mar\u00e7o nos \u00faltimos 10 anos. De acordo com boletim divulgado hoje, a destrui\u00e7\u00e3o na Amaz\u00f4nia Legal totalizou 810&#8230;<a class=\"more-link\" href=\"http:\/\/blogdalucianaoliveira.com.br\/blog\/2021\/04\/19\/desmatamento-em-marco-na-amazonia-e-o-maior-em-10-anos-diz-imazon\/\">Continue a leitura <span class=\"meta-nav\">&raquo;<\/span><\/a><\/p>\n","protected":false},"author":1,"featured_media":0,"comment_status":"closed","ping_status":"open","sticky":false,"template":"","format":"standard","meta":{"_exactmetrics_skip_tracking":false,"_exactmetrics_sitenote_active":false,"_exactmetrics_sitenote_note":"","_exactmetrics_sitenote_category":0,"jetpack_post_was_ever_published":false,"_jetpack_newsletter_access":"","_jetpack_dont_email_post_to_subs":false,"_jetpack_newsletter_tier_id":0,"_jetpack_memberships_contains_paywalled_content":false,"_jetpack_memberships_contains_paid_content":false,"footnotes":"","jetpack_publicize_message":"","jetpack_publicize_feature_enabled":true,"jetpack_social_post_already_shared":true,"jetpack_social_options":{"image_generator_settings":{"template":"highway","enabled":false},"version":2}},"categories":[1],"tags":[252,53,387,7],"class_list":["post-31637","post","type-post","status-publish","format-standard","hentry","category-notas","tag-amazonia","tag-bolsonaro","tag-desmatamento","tag-rondonia"],"jetpack_publicize_connections":[],"jetpack_sharing_enabled":true,"jetpack_featured_media_url":"","jetpack_shortlink":"https:\/\/wp.me\/p7wKYW-8eh","jetpack-related-posts":[],"_links":{"self":[{"href":"http:\/\/blogdalucianaoliveira.com.br\/blog\/wp-json\/wp\/v2\/posts\/31637","targetHints":{"allow":["GET"]}}],"collection":[{"href":"http:\/\/blogdalucianaoliveira.com.br\/blog\/wp-json\/wp\/v2\/posts"}],"about":[{"href":"http:\/\/blogdalucianaoliveira.com.br\/blog\/wp-json\/wp\/v2\/types\/post"}],"author":[{"embeddable":true,"href":"http:\/\/blogdalucianaoliveira.com.br\/blog\/wp-json\/wp\/v2\/users\/1"}],"replies":[{"embeddable":true,"href":"http:\/\/blogdalucianaoliveira.com.br\/blog\/wp-json\/wp\/v2\/comments?post=31637"}],"version-history":[{"count":1,"href":"http:\/\/blogdalucianaoliveira.com.br\/blog\/wp-json\/wp\/v2\/posts\/31637\/revisions"}],"predecessor-version":[{"id":31638,"href":"http:\/\/blogdalucianaoliveira.com.br\/blog\/wp-json\/wp\/v2\/posts\/31637\/revisions\/31638"}],"wp:attachment":[{"href":"http:\/\/blogdalucianaoliveira.com.br\/blog\/wp-json\/wp\/v2\/media?parent=31637"}],"wp:term":[{"taxonomy":"category","embeddable":true,"href":"http:\/\/blogdalucianaoliveira.com.br\/blog\/wp-json\/wp\/v2\/categories?post=31637"},{"taxonomy":"post_tag","embeddable":true,"href":"http:\/\/blogdalucianaoliveira.com.br\/blog\/wp-json\/wp\/v2\/tags?post=31637"}],"curies":[{"name":"wp","href":"https:\/\/api.w.org\/{rel}","templated":true}]}}