{"id":31639,"date":"2021-04-19T19:12:26","date_gmt":"2021-04-19T23:12:26","guid":{"rendered":"http:\/\/blogdalucianaoliveira.com.br\/blog\/?p=31639"},"modified":"2021-04-19T19:12:31","modified_gmt":"2021-04-19T23:12:31","slug":"bolsonaro-fracassa-nas-acoes-ambientais-e-sobre-pandemia-diz-greta-thunberg","status":"publish","type":"post","link":"http:\/\/blogdalucianaoliveira.com.br\/blog\/2021\/04\/19\/bolsonaro-fracassa-nas-acoes-ambientais-e-sobre-pandemia-diz-greta-thunberg\/","title":{"rendered":"Bolsonaro fracassa nas a\u00e7\u00f5es ambientais e sobre pandemia, diz Greta Thunberg"},"content":{"rendered":"\n<figure class=\"wp-block-image\"><img data-recalc-dims=\"1\" decoding=\"async\" src=\"https:\/\/i0.wp.com\/cdn-istoe-ssl.akamaized.net\/wp-content\/uploads\/sites\/14\/Reuters_Direct_Media\/BrazilOnlineReportDomesticNews\/tagreuters.com2021binary_LYNXMPEH3I1B6-BASEIMAGE.jpg?w=600&#038;ssl=1\" alt=\"Bolsonaro falha em preservar condi\u00e7\u00f5es de vida, diz Greta Thunberg - ISTO\u00c9  Independente\"\/><\/figure>\n\n\n\n<p>Inicialmente, Greta disse que &#8220;n\u00e3o acho que dever\u00edamos nos concentrar em falar em indiv\u00edduos, j\u00e1 que esse \u00e9 um problema muito maior&#8221;<\/p>\n\n\n\n<!--more-->\n\n\n\n<p>No Correio Braziliense <\/p>\n\n\n\n<p>A ativista sueca Greta Thunberg, convidada nesta segunda-feira (19) da entrevista coletiva virtual da Organiza\u00e7\u00e3o Mundial de Sa\u00fade (OMS), foi questionada sobre o que acha do comportamento do presidente do Brasil, Jair Bolsonaro. Em resposta breve, ela afirmou que o l\u00edder do Pa\u00eds tem responsabilidade tanto na quest\u00e3o ambiental quanto na resposta negativa do Brasil \u00e0 crise de sa\u00fade.A quest\u00e3o sobre Bolsonaro foi feita pelo correspondente Jamil Chade, do\u00a0<em>UOL<\/em>. Inicialmente, Greta disse que &#8220;n\u00e3o acho que dever\u00edamos nos concentrar em falar em indiv\u00edduos, j\u00e1 que esse \u00e9 um problema muito maior&#8221;.A ativista, por\u00e9m, prosseguiu: &#8220;Claro que Jair Bolsonaro tem uma grande responsabilidade, tanto em rela\u00e7\u00e3o ao ambiente e ao clima e \u00e9 claro que podemos ver a resposta que o Brasil tem tido na pandemia da covid-19&#8221;, afirmou. &#8220;Falo por mim, mas ele tem fracassado em assumir a responsabilidade necess\u00e1ria para salvaguardar as condi\u00e7\u00f5es presentes e futuras de vida para a humanidade&#8221;, finalizou Greta.<br><\/p>\n","protected":false},"excerpt":{"rendered":"<p>Inicialmente, Greta disse que &#8220;n\u00e3o acho que dever\u00edamos nos concentrar em falar em indiv\u00edduos, j\u00e1 que esse \u00e9 um problema muito maior&#8221;<\/p>\n","protected":false},"author":1,"featured_media":0,"comment_status":"closed","ping_status":"open","sticky":false,"template":"","format":"standard","meta":{"_exactmetrics_skip_tracking":false,"_exactmetrics_sitenote_active":false,"_exactmetrics_sitenote_note":"","_exactmetrics_sitenote_category":0,"jetpack_post_was_ever_published":false,"_jetpack_newsletter_access":"","_jetpack_dont_email_post_to_subs":false,"_jetpack_newsletter_tier_id":0,"_jetpack_memberships_contains_paywalled_content":false,"_jetpack_memberships_contains_paid_content":false,"footnotes":"","jetpack_publicize_message":"","jetpack_publicize_feature_enabled":true,"jetpack_social_post_already_shared":true,"jetpack_social_options":{"image_generator_settings":{"template":"highway","enabled":false},"version":2}},"categories":[1],"tags":[],"class_list":["post-31639","post","type-post","status-publish","format-standard","hentry","category-notas"],"jetpack_publicize_connections":[],"jetpack_sharing_enabled":true,"jetpack_featured_media_url":"","jetpack_shortlink":"https:\/\/wp.me\/p7wKYW-8ej","jetpack-related-posts":[],"_links":{"self":[{"href":"http:\/\/blogdalucianaoliveira.com.br\/blog\/wp-json\/wp\/v2\/posts\/31639","targetHints":{"allow":["GET"]}}],"collection":[{"href":"http:\/\/blogdalucianaoliveira.com.br\/blog\/wp-json\/wp\/v2\/posts"}],"about":[{"href":"http:\/\/blogdalucianaoliveira.com.br\/blog\/wp-json\/wp\/v2\/types\/post"}],"author":[{"embeddable":true,"href":"http:\/\/blogdalucianaoliveira.com.br\/blog\/wp-json\/wp\/v2\/users\/1"}],"replies":[{"embeddable":true,"href":"http:\/\/blogdalucianaoliveira.com.br\/blog\/wp-json\/wp\/v2\/comments?post=31639"}],"version-history":[{"count":1,"href":"http:\/\/blogdalucianaoliveira.com.br\/blog\/wp-json\/wp\/v2\/posts\/31639\/revisions"}],"predecessor-version":[{"id":31640,"href":"http:\/\/blogdalucianaoliveira.com.br\/blog\/wp-json\/wp\/v2\/posts\/31639\/revisions\/31640"}],"wp:attachment":[{"href":"http:\/\/blogdalucianaoliveira.com.br\/blog\/wp-json\/wp\/v2\/media?parent=31639"}],"wp:term":[{"taxonomy":"category","embeddable":true,"href":"http:\/\/blogdalucianaoliveira.com.br\/blog\/wp-json\/wp\/v2\/categories?post=31639"},{"taxonomy":"post_tag","embeddable":true,"href":"http:\/\/blogdalucianaoliveira.com.br\/blog\/wp-json\/wp\/v2\/tags?post=31639"}],"curies":[{"name":"wp","href":"https:\/\/api.w.org\/{rel}","templated":true}]}}