{"id":31641,"date":"2021-04-20T09:15:48","date_gmt":"2021-04-20T13:15:48","guid":{"rendered":"http:\/\/blogdalucianaoliveira.com.br\/blog\/?p=31641"},"modified":"2021-04-20T09:23:36","modified_gmt":"2021-04-20T13:23:36","slug":"ro-projeto-que-reduz-unidades-de-conservacao-pra-boiada-passar-sera-votado-hoje","status":"publish","type":"post","link":"http:\/\/blogdalucianaoliveira.com.br\/blog\/2021\/04\/20\/ro-projeto-que-reduz-unidades-de-conservacao-pra-boiada-passar-sera-votado-hoje\/","title":{"rendered":"RO: Projeto que reduz Unidades de conserva\u00e7\u00e3o pra \u2018boiada passar\u2019 ser\u00e1 votado hoje"},"content":{"rendered":"\n<figure class=\"wp-block-image size-large\"><img data-recalc-dims=\"1\" loading=\"lazy\" decoding=\"async\" width=\"600\" height=\"415\" data-attachment-id=\"31642\" data-permalink=\"http:\/\/blogdalucianaoliveira.com.br\/blog\/2021\/04\/20\/ro-projeto-que-reduz-unidades-de-conservacao-pra-boiada-passar-sera-votado-hoje\/30ff526e-9d0b-45db-87f6-d69897438d10\/\" data-orig-file=\"https:\/\/i0.wp.com\/blogdalucianaoliveira.com.br\/blog\/wp-content\/uploads\/2021\/04\/30FF526E-9D0B-45DB-87F6-D69897438D10.jpeg?fit=754%2C521\" data-orig-size=\"754,521\" data-comments-opened=\"0\" data-image-meta=\"{&quot;aperture&quot;:&quot;0&quot;,&quot;credit&quot;:&quot;&quot;,&quot;camera&quot;:&quot;&quot;,&quot;caption&quot;:&quot;&quot;,&quot;created_timestamp&quot;:&quot;0&quot;,&quot;copyright&quot;:&quot;&quot;,&quot;focal_length&quot;:&quot;0&quot;,&quot;iso&quot;:&quot;0&quot;,&quot;shutter_speed&quot;:&quot;0&quot;,&quot;title&quot;:&quot;&quot;,&quot;orientation&quot;:&quot;0&quot;}\" data-image-title=\"30FF526E-9D0B-45DB-87F6-D69897438D10\" data-image-description=\"\" data-image-caption=\"\" data-medium-file=\"https:\/\/i0.wp.com\/blogdalucianaoliveira.com.br\/blog\/wp-content\/uploads\/2021\/04\/30FF526E-9D0B-45DB-87F6-D69897438D10.jpeg?fit=300%2C207\" data-large-file=\"https:\/\/i0.wp.com\/blogdalucianaoliveira.com.br\/blog\/wp-content\/uploads\/2021\/04\/30FF526E-9D0B-45DB-87F6-D69897438D10.jpeg?fit=600%2C415\" src=\"https:\/\/i0.wp.com\/blogdalucianaoliveira.com.br\/blog\/wp-content\/uploads\/2021\/04\/30FF526E-9D0B-45DB-87F6-D69897438D10.jpeg?resize=600%2C415\" alt=\"\" class=\"wp-image-31642\" srcset=\"https:\/\/i0.wp.com\/blogdalucianaoliveira.com.br\/blog\/wp-content\/uploads\/2021\/04\/30FF526E-9D0B-45DB-87F6-D69897438D10.jpeg?w=754 754w, https:\/\/i0.wp.com\/blogdalucianaoliveira.com.br\/blog\/wp-content\/uploads\/2021\/04\/30FF526E-9D0B-45DB-87F6-D69897438D10.jpeg?resize=300%2C207 300w, https:\/\/i0.wp.com\/blogdalucianaoliveira.com.br\/blog\/wp-content\/uploads\/2021\/04\/30FF526E-9D0B-45DB-87F6-D69897438D10.jpeg?resize=434%2C300 434w\" sizes=\"auto, (max-width: 600px) 100vw, 600px\" \/><\/figure>\n\n\n\n<p>Em plena C\u00fapula dos L\u00edderes sobre o Clima, com alta de 216% no desmatamento em mar\u00e7o (Rond\u00f4nia em 4\u00ba lugar no ranking) deputados estaduais votam hoje a partir das 15 hs, o PLC 080, de iniciativa do governador Marcos Rocha que regulariza invas\u00f5es em Unidades de Conserva\u00e7\u00e3o.<\/p>\n\n\n\n<!--more-->\n\n\n\n<p>O projeto sofreu emendas, mas a ess\u00eancia foi mantida para alterar os limites da Reserva Extrativista Jaci-Paran\u00e1 e do Parque Estadual de Guajar\u00e1-Mirim, criar o Parque Estadual Ilha das Flores, o Parque Estadual Abaitar\u00e1, a Reserva de Desenvolvimento Sustent\u00e1vel Bom Jardim, a Reserva de Desenvolvimento Sustent\u00e1vel Limoeiro, a Reserva de Desenvolvimento Sustent\u00e1vel Rio Machado e a Reserva de Fauna Pau D\u2019\u00d3leo. Tamb\u00e9m revoga o artigo 8-A da Lei Complementar n\u00b0 633, de 13 setembro de 2011, bem como a Lei n\u00b0 1.146, de 12 de dezembro de 2002 e d\u00e1 outras provid\u00eancias.<\/p>\n\n\n\n<p><strong>Mapa n\u00ba 2:&nbsp;<\/strong>Intento de desafeta\u00e7\u00e3o da RESEX Jaci Paran\u00e1<\/p>\n\n\n\n<figure class=\"wp-block-image\"><img decoding=\"async\" src=\"https:\/\/i0.wp.com\/amazoniareal.com.br\/wp-content\/uploads\/2020\/12\/SEDAM-2020-1024x723.jpg?zoom=2&amp;resize=382%2C270&amp;ssl=1\" alt=\"\" class=\"wp-image-65256\"\/><figcaption>Fonte: Coordenadoria das Unidades de Conserva\u00e7\u00e3o do Estado de Rond\u00f4nia, SEDAM, 2020<\/figcaption><\/figure>\n\n\n\n<p><strong>Mapa n\u00ba 3:&nbsp;<\/strong>Intento de desafeta\u00e7\u00e3o do Parque Estadual Guajar\u00e1 Mirim<\/p>\n\n\n\n<figure class=\"wp-block-image\"><img loading=\"lazy\" decoding=\"async\" width=\"599\" height=\"443\" data-attachment-id=\"30210\" data-permalink=\"http:\/\/blogdalucianaoliveira.com.br\/blog\/2020\/12\/03\/desafetacoes-e-crimes-regularizados-distopias-na-amazonia-aqui-e-agora\/a246023f-db3b-42f2-88d3-c676f04b8a64\/\" data-orig-file=\"https:\/\/i0.wp.com\/blogdalucianaoliveira.com.br\/blog\/wp-content\/uploads\/2020\/12\/A246023F-DB3B-42F2-88D3-C676F04B8A64.jpeg?fit=599%2C443\" data-orig-size=\"599,443\" data-comments-opened=\"0\" data-image-meta=\"{&quot;aperture&quot;:&quot;0&quot;,&quot;credit&quot;:&quot;&quot;,&quot;camera&quot;:&quot;&quot;,&quot;caption&quot;:&quot;&quot;,&quot;created_timestamp&quot;:&quot;0&quot;,&quot;copyright&quot;:&quot;&quot;,&quot;focal_length&quot;:&quot;0&quot;,&quot;iso&quot;:&quot;0&quot;,&quot;shutter_speed&quot;:&quot;0&quot;,&quot;title&quot;:&quot;&quot;,&quot;orientation&quot;:&quot;1&quot;}\" data-image-title=\"A246023F-DB3B-42F2-88D3-C676F04B8A64\" data-image-description=\"\" data-image-caption=\"\" data-medium-file=\"https:\/\/i0.wp.com\/blogdalucianaoliveira.com.br\/blog\/wp-content\/uploads\/2020\/12\/A246023F-DB3B-42F2-88D3-C676F04B8A64.jpeg?fit=300%2C222\" data-large-file=\"https:\/\/i0.wp.com\/blogdalucianaoliveira.com.br\/blog\/wp-content\/uploads\/2020\/12\/A246023F-DB3B-42F2-88D3-C676F04B8A64.jpeg?fit=599%2C443\" src=\"https:\/\/i2.wp.com\/blogdalucianaoliveira.com.br\/blog\/wp-content\/uploads\/2020\/12\/A246023F-DB3B-42F2-88D3-C676F04B8A64.jpeg?w=500\" alt=\"\" class=\"wp-image-30210\" srcset=\"https:\/\/i0.wp.com\/blogdalucianaoliveira.com.br\/blog\/wp-content\/uploads\/2020\/12\/A246023F-DB3B-42F2-88D3-C676F04B8A64.jpeg?w=599 599w, https:\/\/i0.wp.com\/blogdalucianaoliveira.com.br\/blog\/wp-content\/uploads\/2020\/12\/A246023F-DB3B-42F2-88D3-C676F04B8A64.jpeg?resize=300%2C222 300w, https:\/\/i0.wp.com\/blogdalucianaoliveira.com.br\/blog\/wp-content\/uploads\/2020\/12\/A246023F-DB3B-42F2-88D3-C676F04B8A64.jpeg?resize=406%2C300 406w\" sizes=\"auto, (max-width: 599px) 100vw, 599px\" \/><\/figure>\n\n\n\n<p>Para pesquisadores do <a>Grupo de Pesquisa Territorialidades e Imagin\u00e1rios na Amaz\u00f4nia\u201d<\/a> da Universidade Federal de Rond\u00f4nia, \u201cO projeto de lei, com apoio praticamente un\u00edssono da Assembleia Legislativa do Estado de Rond\u00f4nia, quer emplacar como regra de ouro a m\u00e1xima que o crime ambiental, o crime contra as comunidades tradicionais, compensam \u2013 e compensar\u00e3o de forma permanente. Viol\u00eancia \u00e9 paz e o crime agora \u00e9 lei, esta distopia presentificada aqui na Amaz\u00f4nia torna obsoletas todas as distopias liter\u00e1rias j\u00e1 feitas.\u201d<\/p>\n\n\n\n<p>O governo e a classe pol\u00edtica est\u00e3o empenhados em desafetar mais de 160 mil hectares de unidades de conserva\u00e7\u00e3o pra dar lugar a mais de 120 mil bois e vacas. <br><\/p>\n\n\n\n<p>Em audi\u00eancia sobre o projeto o presidente da Casa de leis, Laerte Gomes (PSDB), disse que preferia Rond\u00f4nia fora da Amaz\u00f4nia por sua \u201captid\u00e3o totalmente de produ\u00e7\u00e3o\u201d.\u00a0<br><\/p>\n\n\n\n<figure class=\"wp-block-embed-youtube wp-block-embed is-type-video is-provider-youtube wp-embed-aspect-4-3 wp-has-aspect-ratio\"><div class=\"wp-block-embed__wrapper\">\n<div class=\"jetpack-video-wrapper\"><iframe loading=\"lazy\" title=\"PL 80\/20 - Presidente da ALE-RO diz que prefere Rond\u00f4nia fora da Amaz\u00f4nia\" width=\"600\" height=\"450\" src=\"https:\/\/www.youtube.com\/embed\/D_eJJac0a-I?feature=oembed\" frameborder=\"0\" allow=\"accelerometer; autoplay; clipboard-write; encrypted-media; gyroscope; picture-in-picture; web-share\" referrerpolicy=\"strict-origin-when-cross-origin\" allowfullscreen><\/iframe><\/div>\n<\/div><\/figure>\n\n\n\n<p>Em v\u00eddeo de reuni\u00e3o que parece ter ocorrida no \u00faltimo per\u00edodo eleitoral, Marcos Rocha, contou que ao ser perguntado por um jornalista ingl\u00eas se era a favor de acabar com as reservas, respondeu: \u201csim, porque tem reservas demais\u201d.\u00a0<\/p>\n\n\n\n<p>Na ocasi\u00e3o ele tamb\u00e9m afirmou que o presidente garantiu \u201cpegar as terras da uni\u00e3o que est\u00e3o ocupadas h\u00e1 bastante tempo\u201d e transferir para estado fazer o que chama de regulariza\u00e7\u00e3o fundi\u00e1ria.<\/p>\n\n\n\n<figure class=\"wp-block-embed-youtube wp-block-embed is-type-video is-provider-youtube wp-embed-aspect-4-3 wp-has-aspect-ratio\"><div class=\"wp-block-embed__wrapper\">\n<div class=\"jetpack-video-wrapper\"><iframe loading=\"lazy\" title=\"Governador diz querer acabar com \u2018excesso de reservas\u2019\" width=\"600\" height=\"450\" src=\"https:\/\/www.youtube.com\/embed\/D_EDEEmFXl4?feature=oembed\" frameborder=\"0\" allow=\"accelerometer; autoplay; clipboard-write; encrypted-media; gyroscope; picture-in-picture; web-share\" referrerpolicy=\"strict-origin-when-cross-origin\" allowfullscreen><\/iframe><\/div>\n<\/div><\/figure>\n","protected":false},"excerpt":{"rendered":"<p>Em plena C\u00fapula dos L\u00edderes sobre o Clima, com alta de 216% no desmatamento em mar\u00e7o (Rond\u00f4nia em 4\u00ba lugar no ranking) deputados estaduais votam hoje a partir das 15 hs, o PLC 080, de iniciativa do governador Marcos Rocha que regulariza invas\u00f5es em Unidades de Conserva\u00e7\u00e3o.<\/p>\n","protected":false},"author":1,"featured_media":0,"comment_status":"closed","ping_status":"open","sticky":false,"template":"","format":"standard","meta":{"_exactmetrics_skip_tracking":false,"_exactmetrics_sitenote_active":false,"_exactmetrics_sitenote_note":"","_exactmetrics_sitenote_category":0,"jetpack_post_was_ever_published":false,"_jetpack_newsletter_access":"","_jetpack_dont_email_post_to_subs":false,"_jetpack_newsletter_tier_id":0,"_jetpack_memberships_contains_paywalled_content":false,"_jetpack_memberships_contains_paid_content":false,"footnotes":"","jetpack_publicize_message":"","jetpack_publicize_feature_enabled":true,"jetpack_social_post_already_shared":true,"jetpack_social_options":{"image_generator_settings":{"template":"highway","enabled":false},"version":2}},"categories":[1],"tags":[495,372,494],"class_list":["post-31641","post","type-post","status-publish","format-standard","hentry","category-notas","tag-invasoes","tag-marcos-rocha","tag-pl-080"],"jetpack_publicize_connections":[],"jetpack_sharing_enabled":true,"jetpack_featured_media_url":"","jetpack_shortlink":"https:\/\/wp.me\/p7wKYW-8el","jetpack-related-posts":[],"_links":{"self":[{"href":"http:\/\/blogdalucianaoliveira.com.br\/blog\/wp-json\/wp\/v2\/posts\/31641","targetHints":{"allow":["GET"]}}],"collection":[{"href":"http:\/\/blogdalucianaoliveira.com.br\/blog\/wp-json\/wp\/v2\/posts"}],"about":[{"href":"http:\/\/blogdalucianaoliveira.com.br\/blog\/wp-json\/wp\/v2\/types\/post"}],"author":[{"embeddable":true,"href":"http:\/\/blogdalucianaoliveira.com.br\/blog\/wp-json\/wp\/v2\/users\/1"}],"replies":[{"embeddable":true,"href":"http:\/\/blogdalucianaoliveira.com.br\/blog\/wp-json\/wp\/v2\/comments?post=31641"}],"version-history":[{"count":3,"href":"http:\/\/blogdalucianaoliveira.com.br\/blog\/wp-json\/wp\/v2\/posts\/31641\/revisions"}],"predecessor-version":[{"id":31645,"href":"http:\/\/blogdalucianaoliveira.com.br\/blog\/wp-json\/wp\/v2\/posts\/31641\/revisions\/31645"}],"wp:attachment":[{"href":"http:\/\/blogdalucianaoliveira.com.br\/blog\/wp-json\/wp\/v2\/media?parent=31641"}],"wp:term":[{"taxonomy":"category","embeddable":true,"href":"http:\/\/blogdalucianaoliveira.com.br\/blog\/wp-json\/wp\/v2\/categories?post=31641"},{"taxonomy":"post_tag","embeddable":true,"href":"http:\/\/blogdalucianaoliveira.com.br\/blog\/wp-json\/wp\/v2\/tags?post=31641"}],"curies":[{"name":"wp","href":"https:\/\/api.w.org\/{rel}","templated":true}]}}