{"id":31646,"date":"2021-04-20T09:33:16","date_gmt":"2021-04-20T13:33:16","guid":{"rendered":"http:\/\/blogdalucianaoliveira.com.br\/blog\/?p=31646"},"modified":"2021-04-20T09:33:21","modified_gmt":"2021-04-20T13:33:21","slug":"pela-primeira-vez-brasil-cai-para-zona-vermelha-de-ranking-de-liberdade-de-imprensa","status":"publish","type":"post","link":"http:\/\/blogdalucianaoliveira.com.br\/blog\/2021\/04\/20\/pela-primeira-vez-brasil-cai-para-zona-vermelha-de-ranking-de-liberdade-de-imprensa\/","title":{"rendered":"Pela primeira vez, Brasil cai para &#8216;zona vermelha&#8217; de ranking de liberdade de imprensa"},"content":{"rendered":"\n<figure class=\"wp-block-image size-large\"><img data-recalc-dims=\"1\" loading=\"lazy\" decoding=\"async\" width=\"600\" height=\"415\" data-attachment-id=\"31649\" data-permalink=\"http:\/\/blogdalucianaoliveira.com.br\/blog\/2021\/04\/20\/pela-primeira-vez-brasil-cai-para-zona-vermelha-de-ranking-de-liberdade-de-imprensa\/b012d577-2f2f-4b05-bb83-3134661b47fb\/\" data-orig-file=\"https:\/\/i0.wp.com\/blogdalucianaoliveira.com.br\/blog\/wp-content\/uploads\/2021\/04\/B012D577-2F2F-4B05-BB83-3134661B47FB.jpeg?fit=741%2C512\" data-orig-size=\"741,512\" data-comments-opened=\"0\" data-image-meta=\"{&quot;aperture&quot;:&quot;0&quot;,&quot;credit&quot;:&quot;&quot;,&quot;camera&quot;:&quot;&quot;,&quot;caption&quot;:&quot;&quot;,&quot;created_timestamp&quot;:&quot;0&quot;,&quot;copyright&quot;:&quot;&quot;,&quot;focal_length&quot;:&quot;0&quot;,&quot;iso&quot;:&quot;0&quot;,&quot;shutter_speed&quot;:&quot;0&quot;,&quot;title&quot;:&quot;&quot;,&quot;orientation&quot;:&quot;0&quot;}\" data-image-title=\"B012D577-2F2F-4B05-BB83-3134661B47FB\" data-image-description=\"\" data-image-caption=\"\" data-medium-file=\"https:\/\/i0.wp.com\/blogdalucianaoliveira.com.br\/blog\/wp-content\/uploads\/2021\/04\/B012D577-2F2F-4B05-BB83-3134661B47FB.jpeg?fit=300%2C207\" data-large-file=\"https:\/\/i0.wp.com\/blogdalucianaoliveira.com.br\/blog\/wp-content\/uploads\/2021\/04\/B012D577-2F2F-4B05-BB83-3134661B47FB.jpeg?fit=600%2C415\" src=\"https:\/\/i0.wp.com\/blogdalucianaoliveira.com.br\/blog\/wp-content\/uploads\/2021\/04\/B012D577-2F2F-4B05-BB83-3134661B47FB.jpeg?resize=600%2C415\" alt=\"\" class=\"wp-image-31649\" srcset=\"https:\/\/i0.wp.com\/blogdalucianaoliveira.com.br\/blog\/wp-content\/uploads\/2021\/04\/B012D577-2F2F-4B05-BB83-3134661B47FB.jpeg?w=741 741w, https:\/\/i0.wp.com\/blogdalucianaoliveira.com.br\/blog\/wp-content\/uploads\/2021\/04\/B012D577-2F2F-4B05-BB83-3134661B47FB.jpeg?resize=300%2C207 300w, https:\/\/i0.wp.com\/blogdalucianaoliveira.com.br\/blog\/wp-content\/uploads\/2021\/04\/B012D577-2F2F-4B05-BB83-3134661B47FB.jpeg?resize=434%2C300 434w\" sizes=\"auto, (max-width: 600px) 100vw, 600px\" \/><\/figure>\n\n\n\n<p>Segundo \u00edndice da ONG Rep\u00f3rteres sem Fronteiras, pa\u00eds passou a ter &#8216;situa\u00e7\u00e3o dif\u00edcil&#8217; para jornalistas<\/p>\n\n\n\n<!--more-->\n\n\n\n<p><strong><a href=\"https:\/\/www1.folha.uol.com.br\/autores\/patricia-campos-mello.shtml\">Patr\u00edcia Campos Mello<\/a><\/strong>, na FSP<\/p>\n\n\n\n<p>Pela primeira vez em 20 anos, o Brasil entrou na &#8220;zona vermelha&#8221; do Ranking Mundial de Liberdade de Imprensa dos Rep\u00f3rteres sem Fronteiras, divulgado nesta ter\u00e7a-feira (20).<\/p>\n\n\n\n<p>O pa\u00eds est\u00e1 classificado, ao lado de Bol\u00edvia, Nicar\u00e1gua, R\u00fassia,\u00a0<a href=\"https:\/\/www1.folha.uol.com.br\/ilustrada\/2021\/04\/jornalista-luta-contra-erosao-da-democracia-filipina-em-filme-do-e-tudo-verdade.shtml\">Filipinas<\/a>,\u00a0<a href=\"https:\/\/www1.folha.uol.com.br\/mundo\/2021\/02\/india-aperta-o-cerco-contra-jornalistas-e-oposicionistas.shtml\">\u00cdndia<\/a>\u00a0e Turquia, como uma na\u00e7\u00e3o onde a\u00a0<a href=\"https:\/\/www1.folha.uol.com.br\/colunas\/oscarvilhenavieira\/2021\/03\/declinio-da-liberdade-de-expressao.shtml\">situa\u00e7\u00e3o para o trabalho da imprensa \u00e9 considerada dif\u00edcil<\/a>. \u201cConsideramos que \u00e9 uma posi\u00e7\u00e3o indigna de uma grande democracia como o Brasil\u201d, disse \u00e0\u00a0<strong>Folha<\/strong>Emmanuel Colombi\u00e9, diretor regional para a Am\u00e9rica Latina da ONG Rep\u00f3rteres sem Fronteiras.<\/p>\n\n\n\n<p>Antes, o Brasil antes estava na zona laranja, onde a situa\u00e7\u00e3o da imprensa \u00e9 considerada sens\u00edvel. O pa\u00eds teve uma queda de quatro posi\u00e7\u00f5es no ranking, passando da 107\u00aa coloca\u00e7\u00e3o para a 111\u00aa, em rela\u00e7\u00e3o ao ano passado. \u00c9 o quarto ano consecutivo de queda do pa\u00eds, que em 2018 estava na 102\u00aa posi\u00e7\u00e3o.<\/p>\n\n\n\n<p>Segundo Colombi\u00e9, o&nbsp;<a href=\"https:\/\/www1.folha.uol.com.br\/colunas\/oscarvilhenavieira\/2021\/03\/declinio-da-liberdade-de-expressao.shtml\">Brasil<\/a>&nbsp;j\u00e1 enfrentava problemas estruturais no campo da liberdade de express\u00e3o. \u00c9 o&nbsp;<a href=\"https:\/\/www1.folha.uol.com.br\/mundo\/2020\/12\/assassinatos-de-jornalistas-dobram-em-2020-diz-ong.shtml\">segundo pa\u00eds da Am\u00e9rica Latina com o maior n\u00famero de profissionais de imprensa mortos<\/a>&nbsp;na \u00faltima d\u00e9cada, atr\u00e1s apenas do M\u00e9xico. Al\u00e9m disso, segundo ele, a m\u00eddia brasileira ainda \u00e9 muito concentrada, o que prejudica o pluralismo, e o&nbsp;<a href=\"https:\/\/www1.folha.uol.com.br\/poder\/2021\/02\/supremo-encerra-processo-contra-reporter-e-reafirma-protecao-constitucional-a-sigilo-da-fonte-jornalistica.shtml\">sigilo das fontes<\/a>&nbsp;\u00e9 regularmente amea\u00e7ado, com&nbsp;<a href=\"https:\/\/www1.folha.uol.com.br\/poder\/2021\/04\/abin-afasta-servidor-e-anuncia-processo-contra-jornalistas-em-caso-sobre-flavio-bolsonaro.shtml\">jornalistas se tornando alvos de processos judiciais<\/a>&nbsp;abusivos.<\/p>\n\n\n\n<p>Mas o trabalho da imprensa brasileira&nbsp;<a href=\"https:\/\/www1.folha.uol.com.br\/poder\/2021\/03\/saiba-como-ofensiva-de-bolsonaro-contra-a-imprensa-fere-constituicao-e-democracia.shtml\">tornou-se muito mais dif\u00edcil desde que Jair Bolsonaro<\/a>&nbsp;foi eleito presidente, diz a ONG.<\/p>\n\n\n\n<p>&#8220;O presidente Bolsonaro, seus filhos que ocupam cargos eletivos e v\u00e1rios aliados dentro do governo&nbsp;<a href=\"https:\/\/www1.folha.uol.com.br\/poder\/2021\/03\/justica-condena-bolsonaro-a-indenizar-reporter-da-folha-por-danos-morais.shtml\">insultam e difamam jornalistas<\/a>&nbsp;e meios de comunica\u00e7\u00e3o quase que diariamente, escancarando o desapre\u00e7o pelo trabalho jornal\u00edstico\u201d, afirma o relat\u00f3rio.<\/p>\n\n\n\n<p>\u201cEsses ataques seguem uma estrat\u00e9gia cada vez mais estruturada de semear desconfian\u00e7a no trabalho dos jornalistas, de\u00a0<a href=\"https:\/\/www1.folha.uol.com.br\/mundo\/2021\/03\/eua-citam-ataques-de-bolsonaro-contra-imprensa-em-relatorio-de-direitos-humanos.shtml\">destruir a credibilidade da imprensa<\/a>\u00a0como um todo e, gradualmente, construir a imagem de um inimigo comum; essa imagem que j\u00e1 foi introjetada pelos seguidores do presidente e mancha as redes sociais com linchamentos online de profissionais da m\u00eddia e ve\u00edculos de comunica\u00e7\u00e3o. Al\u00e9m de incitar o \u00f3dio, a estrat\u00e9gia foca evitar que essas autoridades tenham que prestar contas \u00e0 sociedade sobre o que as not\u00edcias trazem \u00e0 tona.&#8221;<\/p>\n\n\n\n<p>Publicada anualmente desde 2002 pela RSF, a pesquisa avalia as condi\u00e7\u00f5es para o exerc\u00edcio do jornalismo em 180 pa\u00edses, analisando pluralismo, independ\u00eancia das m\u00eddias, ambiente e autocensura, arcabou\u00e7o legal, transpar\u00eancia, qualidade da infraestrutura de suporte \u00e0 produ\u00e7\u00e3o da informa\u00e7\u00e3o e viol\u00eancia contra a imprensa.<\/p>\n\n\n\n<p>Pelo quinto ano consecutivo, a Noruega aparece em primeiro lugar. A Finl\u00e2ndia vem em segundo, seguida de Su\u00e9cia e Dinamarca. Os pa\u00edses com a pior classifica\u00e7\u00e3o s\u00e3o Eritreia (180),\u00a0<a href=\"https:\/\/www1.folha.uol.com.br\/especial\/2017\/coreia-do-norte\/\">Coreia do Norte<\/a>\u00a0(179), Turcomenist\u00e3o (178),\u00a0<a href=\"https:\/\/www1.folha.uol.com.br\/mundo\/china\/2020\">China<\/a>\u00a0(177) e Djibuti (176).<\/p>\n\n\n\n<figure class=\"wp-block-image size-large\"><img loading=\"lazy\" decoding=\"async\" width=\"723\" height=\"1217\" data-attachment-id=\"31647\" data-permalink=\"http:\/\/blogdalucianaoliveira.com.br\/blog\/2021\/04\/20\/pela-primeira-vez-brasil-cai-para-zona-vermelha-de-ranking-de-liberdade-de-imprensa\/9376f532-c536-414d-887a-75e9097a1ae0\/\" data-orig-file=\"https:\/\/i0.wp.com\/blogdalucianaoliveira.com.br\/blog\/wp-content\/uploads\/2021\/04\/9376F532-C536-414D-887A-75E9097A1AE0.jpeg?fit=723%2C1217\" data-orig-size=\"723,1217\" data-comments-opened=\"0\" data-image-meta=\"{&quot;aperture&quot;:&quot;0&quot;,&quot;credit&quot;:&quot;&quot;,&quot;camera&quot;:&quot;&quot;,&quot;caption&quot;:&quot;&quot;,&quot;created_timestamp&quot;:&quot;0&quot;,&quot;copyright&quot;:&quot;&quot;,&quot;focal_length&quot;:&quot;0&quot;,&quot;iso&quot;:&quot;0&quot;,&quot;shutter_speed&quot;:&quot;0&quot;,&quot;title&quot;:&quot;&quot;,&quot;orientation&quot;:&quot;1&quot;}\" data-image-title=\"9376F532-C536-414D-887A-75E9097A1AE0\" data-image-description=\"\" data-image-caption=\"\" data-medium-file=\"https:\/\/i0.wp.com\/blogdalucianaoliveira.com.br\/blog\/wp-content\/uploads\/2021\/04\/9376F532-C536-414D-887A-75E9097A1AE0.jpeg?fit=178%2C300\" data-large-file=\"https:\/\/i0.wp.com\/blogdalucianaoliveira.com.br\/blog\/wp-content\/uploads\/2021\/04\/9376F532-C536-414D-887A-75E9097A1AE0.jpeg?fit=600%2C1011\" src=\"https:\/\/i1.wp.com\/blogdalucianaoliveira.com.br\/blog\/wp-content\/uploads\/2021\/04\/9376F532-C536-414D-887A-75E9097A1AE0.jpeg?fit=600%2C1011\" alt=\"\" class=\"wp-image-31647\" srcset=\"https:\/\/i0.wp.com\/blogdalucianaoliveira.com.br\/blog\/wp-content\/uploads\/2021\/04\/9376F532-C536-414D-887A-75E9097A1AE0.jpeg?w=723 723w, https:\/\/i0.wp.com\/blogdalucianaoliveira.com.br\/blog\/wp-content\/uploads\/2021\/04\/9376F532-C536-414D-887A-75E9097A1AE0.jpeg?resize=178%2C300 178w, https:\/\/i0.wp.com\/blogdalucianaoliveira.com.br\/blog\/wp-content\/uploads\/2021\/04\/9376F532-C536-414D-887A-75E9097A1AE0.jpeg?resize=608%2C1024 608w\" sizes=\"auto, (max-width: 600px) 100vw, 600px\" \/><\/figure>\n\n\n\n<p><br><\/p>\n\n\n\n<p>O ranking de 2021 aponta uma tend\u00eancia generalizada de aumento dos obst\u00e1culos para o trabalho jornal\u00edstico no mundo, por causa da crise sanit\u00e1ria ou tendo a\u00a0<a href=\"https:\/\/www1.folha.uol.com.br\/mundo\/2020\/06\/em-carta-mais-de-500-lideres-alertam-para-uso-da-pandemia-para-silenciar-criticos.shtml\">pandemia de Covid-19\u00a0<\/a>como pretexto.A zona branca do ranking, de pa\u00edses que t\u00eam uma situa\u00e7\u00e3o \u00f3tima ou muito satisfat\u00f3ria para o exerc\u00edcio do jornalismo, nunca esteve t\u00e3o reduzida \u2014apenas 12 dos 180 pa\u00edses, ou seja, 7% (comparado a 8% em 2020).A China continua a impor\u00a0<a href=\"https:\/\/www1.folha.uol.com.br\/mundo\/2020\/12\/china-condena-a-4-anos-de-prisao-jornalista-cidada-que-cobriu-epidemia-em-wuhan.shtml\">censura e vigil\u00e2ncia na internet e na imprensa em geral<\/a>, e mant\u00e9m-se na zona mais cr\u00edtica do ranking, que aparece em preto. O pa\u00eds que teve a maior queda no ranking foi a Mal\u00e1sia, que despencou 19 posi\u00e7\u00f5es ap\u00f3s um decreto \u201canti-fake news\u201d que \u201cconcede ao governo o poder de impor sua pr\u00f3pria vers\u00e3o da verdade\u201d.<\/p>\n\n\n\n<p>Na Am\u00e9rica Latina houve deteriora\u00e7\u00e3o generalizada da liberdade de imprensa, e, com a pandemia, os governos da regi\u00e3o criaram s\u00e9rias dificuldades de acesso \u00e0s informa\u00e7\u00f5es.<\/p>\n\n\n\n<p>\u201cO\u00a0<a href=\"https:\/\/www1.folha.uol.com.br\/mundo\/2021\/04\/liderancas-toxicas-exacerbaram-efeitos-da-pandemia-aponta-ong.shtml\">negacionismo adotado por diversos dirigentes autorit\u00e1rios<\/a>, como Jair Bolsonaro, no Brasil, Daniel Ortega, na Nicar\u00e1gua, Juan Orlando Hern\u00e1ndez, em Honduras, e\u00a0<a href=\"https:\/\/www1.folha.uol.com.br\/especial\/2018\/venezuela\">Nicol\u00e1s Maduro, na Venezuela<\/a>, tornou a tarefa dos meios de comunica\u00e7\u00e3o especialmente dif\u00edcil\u201d, diz o relat\u00f3rio.<\/p>\n\n\n\n<p>No Brasil, segundo Colombi\u00e9, a pandemia deu origem a&nbsp;<a href=\"https:\/\/www1.folha.uol.com.br\/poder\/2021\/01\/relatorio-aponta-que-familia-bolsonaro-lidera-ranking-de-ataque-a-imprensa-em-2020.shtml\">novos ataques do presidente contra a imprensa<\/a>, que ele rotula como respons\u00e1vel pela crise e que tenta transformar em bode expiat\u00f3rio, para desviar a aten\u00e7\u00e3o de sua gest\u00e3o desastrosa da crise sanit\u00e1ria, que j\u00e1 deixou mais de 350 mil mortos.<\/p>\n\n\n\n<p>\u201cAt\u00e9 o momento, nada indica que o &#8216;sistema Bolsonaro&#8217; v\u00e1 interromper sua l\u00f3gica de ataques e sua opera\u00e7\u00e3o orquestrada para desacreditar a m\u00eddia\u201d, diz Colombi\u00e9. \u201cO desafio para a imprensa brasileira \u00e9 imenso; o caminho para enfrent\u00e1-lo \u00e9 ter coragem e resili\u00eancia para seguir levando informa\u00e7\u00f5es confi\u00e1veis ao p\u00fablico e, assim, recuperar a confian\u00e7a no jornalismo de qualidade.\u201d<\/p>\n","protected":false},"excerpt":{"rendered":"<p>Segundo \u00edndice da ONG Rep\u00f3rteres sem Fronteiras, pa\u00eds passou a ter &#8216;situa\u00e7\u00e3o dif\u00edcil&#8217; para jornalistas<\/p>\n","protected":false},"author":1,"featured_media":0,"comment_status":"closed","ping_status":"open","sticky":false,"template":"","format":"standard","meta":{"_exactmetrics_skip_tracking":false,"_exactmetrics_sitenote_active":false,"_exactmetrics_sitenote_note":"","_exactmetrics_sitenote_category":0,"jetpack_post_was_ever_published":false,"_jetpack_newsletter_access":"","_jetpack_dont_email_post_to_subs":false,"_jetpack_newsletter_tier_id":0,"_jetpack_memberships_contains_paywalled_content":false,"_jetpack_memberships_contains_paid_content":false,"footnotes":"","jetpack_publicize_message":"","jetpack_publicize_feature_enabled":true,"jetpack_social_post_already_shared":true,"jetpack_social_options":{"image_generator_settings":{"template":"highway","enabled":false},"version":2}},"categories":[1],"tags":[],"class_list":["post-31646","post","type-post","status-publish","format-standard","hentry","category-notas"],"jetpack_publicize_connections":[],"jetpack_sharing_enabled":true,"jetpack_featured_media_url":"","jetpack_shortlink":"https:\/\/wp.me\/p7wKYW-8eq","jetpack-related-posts":[],"_links":{"self":[{"href":"http:\/\/blogdalucianaoliveira.com.br\/blog\/wp-json\/wp\/v2\/posts\/31646","targetHints":{"allow":["GET"]}}],"collection":[{"href":"http:\/\/blogdalucianaoliveira.com.br\/blog\/wp-json\/wp\/v2\/posts"}],"about":[{"href":"http:\/\/blogdalucianaoliveira.com.br\/blog\/wp-json\/wp\/v2\/types\/post"}],"author":[{"embeddable":true,"href":"http:\/\/blogdalucianaoliveira.com.br\/blog\/wp-json\/wp\/v2\/users\/1"}],"replies":[{"embeddable":true,"href":"http:\/\/blogdalucianaoliveira.com.br\/blog\/wp-json\/wp\/v2\/comments?post=31646"}],"version-history":[{"count":1,"href":"http:\/\/blogdalucianaoliveira.com.br\/blog\/wp-json\/wp\/v2\/posts\/31646\/revisions"}],"predecessor-version":[{"id":31650,"href":"http:\/\/blogdalucianaoliveira.com.br\/blog\/wp-json\/wp\/v2\/posts\/31646\/revisions\/31650"}],"wp:attachment":[{"href":"http:\/\/blogdalucianaoliveira.com.br\/blog\/wp-json\/wp\/v2\/media?parent=31646"}],"wp:term":[{"taxonomy":"category","embeddable":true,"href":"http:\/\/blogdalucianaoliveira.com.br\/blog\/wp-json\/wp\/v2\/categories?post=31646"},{"taxonomy":"post_tag","embeddable":true,"href":"http:\/\/blogdalucianaoliveira.com.br\/blog\/wp-json\/wp\/v2\/tags?post=31646"}],"curies":[{"name":"wp","href":"https:\/\/api.w.org\/{rel}","templated":true}]}}