{"id":31652,"date":"2021-04-20T15:59:23","date_gmt":"2021-04-20T19:59:23","guid":{"rendered":"http:\/\/blogdalucianaoliveira.com.br\/blog\/?p=31652"},"modified":"2021-04-20T15:59:28","modified_gmt":"2021-04-20T19:59:28","slug":"leonardo-dicaprio-katy-perry-gilberto-gil-e-outros-artistas-pedem-a-biden-que-recuse-acordo-ambiental-com-brasil","status":"publish","type":"post","link":"http:\/\/blogdalucianaoliveira.com.br\/blog\/2021\/04\/20\/leonardo-dicaprio-katy-perry-gilberto-gil-e-outros-artistas-pedem-a-biden-que-recuse-acordo-ambiental-com-brasil\/","title":{"rendered":"Leonardo DiCaprio, Katy Perry, Gilberto Gil e outros artistas pedem a Biden que recuse acordo ambiental com Brasil"},"content":{"rendered":"\n<figure class=\"wp-block-image size-large\"><img data-recalc-dims=\"1\" loading=\"lazy\" decoding=\"async\" width=\"600\" height=\"375\" data-attachment-id=\"31653\" data-permalink=\"http:\/\/blogdalucianaoliveira.com.br\/blog\/2021\/04\/20\/leonardo-dicaprio-katy-perry-gilberto-gil-e-outros-artistas-pedem-a-biden-que-recuse-acordo-ambiental-com-brasil\/carta-biden-amazonia-artistas\/\" data-orig-file=\"https:\/\/i0.wp.com\/blogdalucianaoliveira.com.br\/blog\/wp-content\/uploads\/2021\/04\/carta-biden-amazonia-artistas-.jpg?fit=1008%2C630\" data-orig-size=\"1008,630\" data-comments-opened=\"0\" data-image-meta=\"{&quot;aperture&quot;:&quot;0&quot;,&quot;credit&quot;:&quot;&quot;,&quot;camera&quot;:&quot;&quot;,&quot;caption&quot;:&quot;&quot;,&quot;created_timestamp&quot;:&quot;0&quot;,&quot;copyright&quot;:&quot;&quot;,&quot;focal_length&quot;:&quot;0&quot;,&quot;iso&quot;:&quot;0&quot;,&quot;shutter_speed&quot;:&quot;0&quot;,&quot;title&quot;:&quot;&quot;,&quot;orientation&quot;:&quot;0&quot;}\" data-image-title=\"carta-biden-amazonia-artistas-\" data-image-description=\"\" data-image-caption=\"\" data-medium-file=\"https:\/\/i0.wp.com\/blogdalucianaoliveira.com.br\/blog\/wp-content\/uploads\/2021\/04\/carta-biden-amazonia-artistas-.jpg?fit=300%2C188\" data-large-file=\"https:\/\/i0.wp.com\/blogdalucianaoliveira.com.br\/blog\/wp-content\/uploads\/2021\/04\/carta-biden-amazonia-artistas-.jpg?fit=600%2C375\" src=\"https:\/\/i0.wp.com\/blogdalucianaoliveira.com.br\/blog\/wp-content\/uploads\/2021\/04\/carta-biden-amazonia-artistas-.jpg?resize=600%2C375&#038;ssl=1\" alt=\"\" class=\"wp-image-31653\" srcset=\"https:\/\/i0.wp.com\/blogdalucianaoliveira.com.br\/blog\/wp-content\/uploads\/2021\/04\/carta-biden-amazonia-artistas-.jpg?w=1008 1008w, https:\/\/i0.wp.com\/blogdalucianaoliveira.com.br\/blog\/wp-content\/uploads\/2021\/04\/carta-biden-amazonia-artistas-.jpg?resize=300%2C188 300w, https:\/\/i0.wp.com\/blogdalucianaoliveira.com.br\/blog\/wp-content\/uploads\/2021\/04\/carta-biden-amazonia-artistas-.jpg?resize=768%2C480 768w, https:\/\/i0.wp.com\/blogdalucianaoliveira.com.br\/blog\/wp-content\/uploads\/2021\/04\/carta-biden-amazonia-artistas-.jpg?resize=480%2C300 480w\" sizes=\"auto, (max-width: 600px) 100vw, 600px\" \/><\/figure>\n\n\n\n<p>Jane Fonda, Joaquin Phoenix, Mark Ruffalo e Caetano Veloso tamb\u00e9m assinaram carta aberta ao presidente dos Estados Unidos. <\/p>\n\n\n\n<!--more-->\n\n\n\n<p><strong>Na Reuters<\/strong><\/p>\n\n\n\n<p>Dezenas de celebridades do Brasil e dos Estados Unidos, como o ator Leonardo DiCaprio, a estrela pop <a href=\"https:\/\/g1.globo.com\/tudo-sobre\/katy-perry\/\">Katy Perry<\/a> e o m\u00fasico <a href=\"https:\/\/g1.globo.com\/tudo-sobre\/gilberto-gil\/\">Gilberto Gil<\/a>, divulgaram uma carta nesta ter\u00e7a-feira (20) pedindo ao presidente norte-americano, <a href=\"https:\/\/g1.globo.com\/tudo-sobre\/joe-biden\/\">Joe Biden<\/a>, para n\u00e3o aceitar nenhum acordo ambiental com o presidente Jair Bolsonaro. <\/p>\n\n\n\n<p> Os Estados Unidos est\u00e3o conversando com o Brasil desde fevereiro a respeito de uma poss\u00edvel colabora\u00e7\u00e3o para deter a destrui\u00e7\u00e3o crescente da floresta amaz\u00f4nica, mas o ministro do Meio Ambiente, Ricardo Salles, disse \u00e0 Reuters que nenhum acordo ficar\u00e1 pronto para a <a href=\"https:\/\/g1.globo.com\/mundo\/noticia\/2021\/04\/18\/o-que-e-a-cupula-de-lideres-na-qual-biden-deve-pressionar-bolsonaro-contra-desmatamento-na-amazonia.ghtml\">c\u00fapula do Dia da Terra desta semana<\/a>, organizada por Biden. <\/p>\n\n\n\n<p> O desmatamento disparou na Amaz\u00f4nia no governo Bolsonaro, que relaxou prote\u00e7\u00f5es ambientais e defende o desenvolvimento econ\u00f4mico da floresta tropical. <\/p>\n\n\n\n<p> Grupos ind\u00edgenas e ambientalistas dizem que qualquer acordo com o governo Bolsonaro cria o risco de legitimar uma gest\u00e3o que est\u00e1 incentivando a destrui\u00e7\u00e3o ambiental e viola\u00e7\u00f5es dos direitos humanos. <\/p>\n\n\n\n<figure class=\"wp-block-image\"><img data-recalc-dims=\"1\" decoding=\"async\" src=\"https:\/\/i0.wp.com\/s02.video.glbimg.com\/x240\/9449509.jpg?w=600&#038;ssl=1\" alt=\"Em mar\u00e7o, Amaz\u00f4nia registra a maior taxa de desmatamento para o m\u00eas em 10% anos\"\/><\/figure>\n\n\n\n<p> Em mar\u00e7o, Amaz\u00f4nia registra a maior taxa de desmatamento para o m\u00eas em 10% anos <\/p>\n\n\n\n<p> &#8220;N\u00f3s apelamos ao seu governo para ouvir o pedido deles (ind\u00edgenas e ambientalistas) e n\u00e3o se comprometer com nenhum acordo com o Brasil a esta altura&#8221;, disseram as celebridades nesta ter\u00e7a-feira em uma carta aberta dirigida a Biden. <\/p>\n\n\n\n<p> O Pal\u00e1cio do Planalto e um representante do governo Biden n\u00e3o responderam de imediato a pedidos de coment\u00e1rios. <\/p>\n\n\n\n<p> Os atores Joaquin Phoenix, Mark Ruffalo, Jane Fonda, Sigourney Weaver, Sonia Braga, Wagner Moura, cineastas como Fernando Meirelles, e m\u00fasicos como Caetano Veloso e Philip Glass, tamb\u00e9m assinaram a carta enviada a Joe Biden. <\/p>\n\n\n\n<p> &#8220;Unimo-nos a uma coaliz\u00e3o crescente ao fazer um apelo ao seu governo para rejeitar qualquer acordo com o Brasil at\u00e9 o desmatamento ser reduzido, os direitos humanos serem respeitados e uma participa\u00e7\u00e3o significativa da sociedade civil ser alcan\u00e7ada&#8221;, disse a carta. <\/p>\n\n\n\n<figure class=\"wp-block-image\"><img data-recalc-dims=\"1\" decoding=\"async\" src=\"https:\/\/i0.wp.com\/s2.glbimg.com\/QBEnfiVN9YSivPbZCY0gCVmj68I%3D\/0x0%3A4000x2562\/984x0\/smart\/filters%3Astrip_icc%28%29\/i.s3.glbimg.com\/v1\/AUTH_59edd422c0c84a879bd37670ae4f538a\/internal_photos\/bs\/2019\/5\/g\/fwMjkCRO2EyQLAaNkAAQ\/000-1n54f9.jpg?w=600&#038;ssl=1\" alt=\"A atriz e ativista Jane Fonda fala sobre seu movimento para pressionar autoridades por a\u00e7\u00f5es pol\u00edticas sobre as mudan\u00e7as clim\u00e1ticas durante evento em dezembro de 2019, em  Washington, nos Estados Unidos \u2014 Foto: Olivier Douliery\/AFP\"\/><\/figure>\n\n\n\n<p> A atriz e ativista Jane Fonda fala sobre seu movimento para pressionar autoridades por a\u00e7\u00f5es pol\u00edticas sobre as mudan\u00e7as clim\u00e1ticas durante evento em dezembro de 2019, em Washington, nos Estados Unidos \u2014 Foto: Olivier Douliery\/AFP <\/p>\n\n\n\n<p> O documento incentiva Biden a dialogar com governos estaduais e municipais do Brasil e com ind\u00edgenas e a sociedade civil sobre solu\u00e7\u00f5es poss\u00edveis para a Amaz\u00f4nia antes de assumir compromissos ou financiar novas iniciativas. <\/p>\n\n\n\n<p> O desmatamento na parte brasileira da Amaz\u00f4nia atingiu o n\u00edvel mais alto em 12 anos em 2020, e uma <a href=\"https:\/\/g1.globo.com\/jornal-nacional\/noticia\/2021\/04\/19\/amazonia-tem-a-maior-taxa-de-desmatamento-em-dez-anos-para-o-mes-de-marco-diz-imazon.ghtml\">\u00e1rea 14 vezes o tamanho da cidade de Nova York foi destru\u00edda<\/a>, mostraram dados do governo brasileiro. <\/p>\n","protected":false},"excerpt":{"rendered":"<p>Jane Fonda, Joaquin Phoenix, Mark Ruffalo e Caetano Veloso tamb\u00e9m assinaram carta aberta ao presidente dos Estados Unidos.<\/p>\n","protected":false},"author":1,"featured_media":0,"comment_status":"closed","ping_status":"open","sticky":false,"template":"","format":"standard","meta":{"_exactmetrics_skip_tracking":false,"_exactmetrics_sitenote_active":false,"_exactmetrics_sitenote_note":"","_exactmetrics_sitenote_category":0,"jetpack_post_was_ever_published":false,"_jetpack_newsletter_access":"","_jetpack_dont_email_post_to_subs":false,"_jetpack_newsletter_tier_id":0,"_jetpack_memberships_contains_paywalled_content":false,"_jetpack_memberships_contains_paid_content":false,"footnotes":"","jetpack_publicize_message":"","jetpack_publicize_feature_enabled":true,"jetpack_social_post_already_shared":true,"jetpack_social_options":{"image_generator_settings":{"template":"highway","enabled":false},"version":2}},"categories":[1],"tags":[],"class_list":["post-31652","post","type-post","status-publish","format-standard","hentry","category-notas"],"jetpack_publicize_connections":[],"jetpack_sharing_enabled":true,"jetpack_featured_media_url":"","jetpack_shortlink":"https:\/\/wp.me\/p7wKYW-8ew","jetpack-related-posts":[],"_links":{"self":[{"href":"http:\/\/blogdalucianaoliveira.com.br\/blog\/wp-json\/wp\/v2\/posts\/31652","targetHints":{"allow":["GET"]}}],"collection":[{"href":"http:\/\/blogdalucianaoliveira.com.br\/blog\/wp-json\/wp\/v2\/posts"}],"about":[{"href":"http:\/\/blogdalucianaoliveira.com.br\/blog\/wp-json\/wp\/v2\/types\/post"}],"author":[{"embeddable":true,"href":"http:\/\/blogdalucianaoliveira.com.br\/blog\/wp-json\/wp\/v2\/users\/1"}],"replies":[{"embeddable":true,"href":"http:\/\/blogdalucianaoliveira.com.br\/blog\/wp-json\/wp\/v2\/comments?post=31652"}],"version-history":[{"count":1,"href":"http:\/\/blogdalucianaoliveira.com.br\/blog\/wp-json\/wp\/v2\/posts\/31652\/revisions"}],"predecessor-version":[{"id":31654,"href":"http:\/\/blogdalucianaoliveira.com.br\/blog\/wp-json\/wp\/v2\/posts\/31652\/revisions\/31654"}],"wp:attachment":[{"href":"http:\/\/blogdalucianaoliveira.com.br\/blog\/wp-json\/wp\/v2\/media?parent=31652"}],"wp:term":[{"taxonomy":"category","embeddable":true,"href":"http:\/\/blogdalucianaoliveira.com.br\/blog\/wp-json\/wp\/v2\/categories?post=31652"},{"taxonomy":"post_tag","embeddable":true,"href":"http:\/\/blogdalucianaoliveira.com.br\/blog\/wp-json\/wp\/v2\/tags?post=31652"}],"curies":[{"name":"wp","href":"https:\/\/api.w.org\/{rel}","templated":true}]}}