{"id":31656,"date":"2021-04-20T18:49:04","date_gmt":"2021-04-20T22:49:04","guid":{"rendered":"http:\/\/blogdalucianaoliveira.com.br\/blog\/?p=31656"},"modified":"2021-04-20T18:49:10","modified_gmt":"2021-04-20T22:49:10","slug":"governadores-enviam-carta-a-joe-biden-em-defesa-do-clima","status":"publish","type":"post","link":"http:\/\/blogdalucianaoliveira.com.br\/blog\/2021\/04\/20\/governadores-enviam-carta-a-joe-biden-em-defesa-do-clima\/","title":{"rendered":"Governadores enviam carta a Joe Biden em defesa do clima"},"content":{"rendered":"\n<figure class=\"wp-block-image\"><img data-recalc-dims=\"1\" decoding=\"async\" src=\"https:\/\/i0.wp.com\/www.diariodepernambuco.com.br\/static\/app\/noticia_127983242361\/2021\/04\/20\/858537\/20210420182810957401e.jpg?w=600&#038;ssl=1\" alt=\" (Foto: Reprodu\u00e7\u00e3o)\"\/><\/figure>\n\n\n\n<p>Di\u00e1rio de Pernambuco &#8211; Governadores de 24 estados brasileiros entregaram nesta ter\u00e7a-feira (20) uma carta endere\u00e7ada ao presidente dos Estados Unidos, Joe Biden. O documento foi recebido pelo embaixador dos Estados Unidos no Brasil, Todd Chapman, durante audi\u00eancia virtual na tarde de hoje. A carta prop\u00f5e uma parceria entre o Brasil e os Estados Unidos para impulsionar um novo modelo de economia sustent\u00e1vel capaz de reverter o aquecimento global e reduzir desigualdades. <\/p>\n\n\n\n<!--more-->\n\n\n\n<p>O documento dever\u00e1 ser apresentado a Biden durante a C\u00fapula dos L\u00edderes Clim\u00e1ticos, nesta quinta-feira (22).\u00a0<br>O governador de Pernambuco, Paulo C\u00e2mara (PSB), foi o representante do Nordeste no evento e ressaltou a import\u00e2ncia das energias renov\u00e1veis como base de industrializa\u00e7\u00e3o do semi\u00e1rido. \u201cEssas fontes tamb\u00e9m abrem imensas oportunidades para a regi\u00e3o Nordeste se consolidar como um grande produtor de Hidrog\u00eanio Verde, o combust\u00edvel limpo que o mundo precisa para substituir os poluentes combust\u00edveis f\u00f3sseis\u201d, afirmou. \u201cOs Estados Unidos e a Europa j\u00e1 colocaram o Hidrog\u00eanio Verde nos seus planos &#8211; ser\u00e3o grandes importadores\u00a0 &#8211; e estou articulando com Geraldo J\u00falio a formula\u00e7\u00e3o de um pioneiro leil\u00e3o em PE, em parceria com a Alemanha\u201d, acrescentou.<br><\/p>\n\n\n\n<p>O ex-secret\u00e1rio de Meio Ambiente de Pernambuco e articulador da iniciativa Governadores Pelo Clima no Centro Brasil do Clima (CBC), Sergio Xavier, tamb\u00e9m participou da audi\u00eancia. \u201cOs governadores s\u00e3o elos estrat\u00e9gicos para conectar demandas e solu\u00e7\u00f5es pr\u00e1ticas e podem interligar rapidamente conhecimentos, pol\u00edticas p\u00fablicas e investimentos para viabilizar uma nova economia de regenera\u00e7\u00e3o social e ambiental\u201d, explica.<br>O embaixador Todd Chapman elogiou a iniciativa. \u201cVemos esse desafio como uma grande oportunidade econ\u00f4mica, porque o Brasil realmente pode ser uma superpot\u00eancia mundial na \u00e1rea do meio ambiente. Ent\u00e3o, vamos trabalhar juntos nisso\u201d, afirma.\u00a0<br>Assinam a carta os governadores de AC, AL, AP, AM, BA, CE,DF, ES, GO, MA, MT, MS, MG, PA, PB, PR, PE, PI, RJ, RN, RS, SP, SE e TO, que representam mais de 90% do territ\u00f3rio nacional.\u00a0 Al\u00e9m de Paulo C\u00e2mara, que representou o Nordeste, atuaram como porta-vozes no encontro os governadores Renato Casagrande (ES), pelo Sul e Sudeste; Mauro Mendes (MT), em nome do Centro-Oeste; e Helder Barbalho (PA), representando a regi\u00e3o Norte.<\/p>\n","protected":false},"excerpt":{"rendered":"<p>Di\u00e1rio de Pernambuco &#8211; Governadores de 24 estados brasileiros entregaram nesta ter\u00e7a-feira (20) uma carta endere\u00e7ada ao presidente dos Estados Unidos, Joe Biden. O documento foi recebido pelo embaixador dos Estados Unidos no Brasil, Todd Chapman, durante audi\u00eancia virtual na tarde de hoje. A carta prop\u00f5e uma parceria entre o Brasil e os Estados Unidos&#8230;<a class=\"more-link\" href=\"http:\/\/blogdalucianaoliveira.com.br\/blog\/2021\/04\/20\/governadores-enviam-carta-a-joe-biden-em-defesa-do-clima\/\">Continue a leitura <span class=\"meta-nav\">&raquo;<\/span><\/a><\/p>\n","protected":false},"author":1,"featured_media":0,"comment_status":"closed","ping_status":"open","sticky":false,"template":"","format":"standard","meta":{"_exactmetrics_skip_tracking":false,"_exactmetrics_sitenote_active":false,"_exactmetrics_sitenote_note":"","_exactmetrics_sitenote_category":0,"jetpack_post_was_ever_published":false,"_jetpack_newsletter_access":"","_jetpack_dont_email_post_to_subs":false,"_jetpack_newsletter_tier_id":0,"_jetpack_memberships_contains_paywalled_content":false,"_jetpack_memberships_contains_paid_content":false,"footnotes":"","jetpack_publicize_message":"","jetpack_publicize_feature_enabled":true,"jetpack_social_post_already_shared":true,"jetpack_social_options":{"image_generator_settings":{"template":"highway","enabled":false},"version":2}},"categories":[1],"tags":[],"class_list":["post-31656","post","type-post","status-publish","format-standard","hentry","category-notas"],"jetpack_publicize_connections":[],"jetpack_sharing_enabled":true,"jetpack_featured_media_url":"","jetpack_shortlink":"https:\/\/wp.me\/p7wKYW-8eA","jetpack-related-posts":[],"_links":{"self":[{"href":"http:\/\/blogdalucianaoliveira.com.br\/blog\/wp-json\/wp\/v2\/posts\/31656","targetHints":{"allow":["GET"]}}],"collection":[{"href":"http:\/\/blogdalucianaoliveira.com.br\/blog\/wp-json\/wp\/v2\/posts"}],"about":[{"href":"http:\/\/blogdalucianaoliveira.com.br\/blog\/wp-json\/wp\/v2\/types\/post"}],"author":[{"embeddable":true,"href":"http:\/\/blogdalucianaoliveira.com.br\/blog\/wp-json\/wp\/v2\/users\/1"}],"replies":[{"embeddable":true,"href":"http:\/\/blogdalucianaoliveira.com.br\/blog\/wp-json\/wp\/v2\/comments?post=31656"}],"version-history":[{"count":1,"href":"http:\/\/blogdalucianaoliveira.com.br\/blog\/wp-json\/wp\/v2\/posts\/31656\/revisions"}],"predecessor-version":[{"id":31657,"href":"http:\/\/blogdalucianaoliveira.com.br\/blog\/wp-json\/wp\/v2\/posts\/31656\/revisions\/31657"}],"wp:attachment":[{"href":"http:\/\/blogdalucianaoliveira.com.br\/blog\/wp-json\/wp\/v2\/media?parent=31656"}],"wp:term":[{"taxonomy":"category","embeddable":true,"href":"http:\/\/blogdalucianaoliveira.com.br\/blog\/wp-json\/wp\/v2\/categories?post=31656"},{"taxonomy":"post_tag","embeddable":true,"href":"http:\/\/blogdalucianaoliveira.com.br\/blog\/wp-json\/wp\/v2\/tags?post=31656"}],"curies":[{"name":"wp","href":"https:\/\/api.w.org\/{rel}","templated":true}]}}