{"id":31661,"date":"2021-04-20T22:05:30","date_gmt":"2021-04-21T02:05:30","guid":{"rendered":"http:\/\/blogdalucianaoliveira.com.br\/blog\/?p=31661"},"modified":"2021-04-20T22:10:58","modified_gmt":"2021-04-21T02:10:58","slug":"ro-cupula-do-clima-faz-deputados-aprovarem-as-pressas-projeto-que-regulariza-invasoes-em-unidades-de-conservacao","status":"publish","type":"post","link":"http:\/\/blogdalucianaoliveira.com.br\/blog\/2021\/04\/20\/ro-cupula-do-clima-faz-deputados-aprovarem-as-pressas-projeto-que-regulariza-invasoes-em-unidades-de-conservacao\/","title":{"rendered":"RO: C\u00fapula do Clima faz deputados aprovarem \u00e0s pressas projeto que regulariza invas\u00f5es em Unidades de Conserva\u00e7\u00e3o"},"content":{"rendered":"\n<figure class=\"wp-block-image size-large\"><img loading=\"lazy\" decoding=\"async\" width=\"1156\" height=\"521\" data-attachment-id=\"31662\" data-permalink=\"http:\/\/blogdalucianaoliveira.com.br\/blog\/2021\/04\/20\/ro-cupula-do-clima-faz-deputados-aprovarem-as-pressas-projeto-que-regulariza-invasoes-em-unidades-de-conservacao\/ale-3\/\" data-orig-file=\"https:\/\/i0.wp.com\/blogdalucianaoliveira.com.br\/blog\/wp-content\/uploads\/2021\/04\/ale.jpeg?fit=1156%2C521\" data-orig-size=\"1156,521\" data-comments-opened=\"0\" data-image-meta=\"{&quot;aperture&quot;:&quot;0&quot;,&quot;credit&quot;:&quot;&quot;,&quot;camera&quot;:&quot;&quot;,&quot;caption&quot;:&quot;&quot;,&quot;created_timestamp&quot;:&quot;0&quot;,&quot;copyright&quot;:&quot;&quot;,&quot;focal_length&quot;:&quot;0&quot;,&quot;iso&quot;:&quot;0&quot;,&quot;shutter_speed&quot;:&quot;0&quot;,&quot;title&quot;:&quot;&quot;,&quot;orientation&quot;:&quot;0&quot;}\" data-image-title=\"ale\" data-image-description=\"\" data-image-caption=\"\" data-medium-file=\"https:\/\/i0.wp.com\/blogdalucianaoliveira.com.br\/blog\/wp-content\/uploads\/2021\/04\/ale.jpeg?fit=300%2C135\" data-large-file=\"https:\/\/i0.wp.com\/blogdalucianaoliveira.com.br\/blog\/wp-content\/uploads\/2021\/04\/ale.jpeg?fit=600%2C271\" src=\"https:\/\/i1.wp.com\/blogdalucianaoliveira.com.br\/blog\/wp-content\/uploads\/2021\/04\/ale.jpeg?fit=600%2C271&amp;ssl=1\" alt=\"\" class=\"wp-image-31662\" srcset=\"https:\/\/i0.wp.com\/blogdalucianaoliveira.com.br\/blog\/wp-content\/uploads\/2021\/04\/ale.jpeg?w=1156 1156w, https:\/\/i0.wp.com\/blogdalucianaoliveira.com.br\/blog\/wp-content\/uploads\/2021\/04\/ale.jpeg?resize=300%2C135 300w, https:\/\/i0.wp.com\/blogdalucianaoliveira.com.br\/blog\/wp-content\/uploads\/2021\/04\/ale.jpeg?resize=1024%2C462 1024w, https:\/\/i0.wp.com\/blogdalucianaoliveira.com.br\/blog\/wp-content\/uploads\/2021\/04\/ale.jpeg?resize=768%2C346 768w, https:\/\/i0.wp.com\/blogdalucianaoliveira.com.br\/blog\/wp-content\/uploads\/2021\/04\/ale.jpeg?resize=666%2C300 666w\" sizes=\"auto, (max-width: 600px) 100vw, 600px\" \/><\/figure>\n\n\n\n<p><strong>&#8220;Essa regi\u00e3o ir\u00e1 se transformar num grande celeiro de produ\u00e7\u00e3o do estado de Rond\u00f4nia&#8221;<\/strong>, disse o deputado Laerte Gomes (PSDB) no in\u00edcio da sess\u00e3o em que o PLC 080 foi aprovado.<\/p>\n\n\n\n<!--more-->\n\n\n\n<p>De iniciativa do governador bolsonarista Marcos Rocha (sem partido), o projeto previa alterar os limites da Reserva Extrativista Jaci-Paran\u00e1 e do Parque Estadual de Guajar\u00e1-Mirim, criar o Parque Estadual Ilha das Flores, o Parque Estadual Abaitar\u00e1, a Reserva de Desenvolvimento Sustent\u00e1vel Bom Jardim, a Reserva de Desenvolvimento Sustent\u00e1vel Limoeiro, a Reserva de Desenvolvimento Sustent\u00e1vel Rio Machado e a Reserva de Fauna Pau D\u2019\u00d3leo. <\/p>\n\n\n\n<p>Pela segunda vez, o executivo pediu que fosse retirado de pauta, mas os deputados deram prosseguimento \u00e0 vota\u00e7\u00e3o.<\/p>\n\n\n\n<p>A pressa foi tanta que inverteram a aprecia\u00e7\u00e3o das mat\u00e9rias para votar e concordaram em falar pouco. Ap\u00f3s duas suspens\u00f5es da sess\u00e3o com horas de negocia\u00e7\u00f5es a portas fechadas, decidiram legalizar invas\u00f5es nas \u00e1reas protegidas.<\/p>\n\n\n\n<p>Foram 17 votos favor\u00e1veis e nenhum contr\u00e1rio ao projeto inicial. Os deputados apresentaram quatro emendas que tamb\u00e9m foram aprovadas em primeira e segunda vota\u00e7\u00e3o.<\/p>\n\n\n\n<p>O Deputado Ezequiel Neiva\n(PTB) deixou escapar a motiva\u00e7\u00e3o da c\u00e9lere tramita\u00e7\u00e3o do projeto.<\/p>\n\n\n\n<p>\u201cEstamos tendo hoje uma das\n\u00faltimas oportunidades de estarmos votando um projeto de tamanha relev\u00e2ncia. Escutem\nbem: uma das \u00faltimas oportunidades, haja vista que em muitos poucos dias estar\u00e1\nacontecendo a grande C\u00fapula do Clima\u201d, disse Ezequiel.<\/p>\n\n\n\n<p>Mais claro, imposs\u00edvel. A\npress\u00e3o para que o Brasil reduza o desmatamento na Amaz\u00f4nia s\u00f3 vai aumentar ap\u00f3s\na reuni\u00e3o dos l\u00edderes.<\/p>\n\n\n\n<p>Em carta enviada ao presidente dos Estados Unidos, Joe Biden, 24 governadores pediram coopera\u00e7\u00e3o para \u2018fortalecer a agenda ambiental&#8217;. O bolsonarista Marcos Rocha foi um dos tr\u00eas governadores que n\u00e3o assinaram.<\/p>\n\n\n\n<p>Rond\u00f4nia aparece em quarto lugar no \u00faltimo levantamento do Imazon que aponta um aumento de 216% neste m\u00eas de mar\u00e7o em compara\u00e7\u00e3o com o de 2020.<\/p>\n\n\n\n<p>As \u00e1reas desafetadas pelos\ndeputados est\u00e3o entre mais destru\u00eddas pelo desmatamento.<\/p>\n\n\n\n<p>Um estudo do Grupo de Pesquisa Territorialidades e Imagin\u00e1rios na Amaz\u00f4nia, da Universidade Federal de Rond\u00f4nia \u2013 UNIR, mapeou o impacto do projeto que reduz 160 mil hectares de unidades de conserva\u00e7\u00e3o pra dar lugar a mais de 120 mil bois e vacas.<\/p>\n\n\n\n<p>\u201cNo caso da RESEX de Jaci Paran\u00e1, o grande pasto em que se trasformou ap\u00f3s uma d\u00e9cada de desmatamento, grilagem e pecu\u00e1ria ilegal, virou o argumento-chave para normalizar essa trajet\u00f3ria dilapidadora\u201d, dizem os pesquisadores.<\/p>\n\n\n\n<figure class=\"wp-block-image\"><img decoding=\"async\" src=\"https:\/\/i0.wp.com\/amazoniareal.com.br\/wp-content\/uploads\/2020\/12\/SEDAM-2020-1024x723.jpg?zoom=1.5625&amp;resize=500%2C353&amp;ssl=1\" alt=\"\" class=\"wp-image-65256\"\/><\/figure>\n\n\n\n<p>O Parque Estadual Guajar\u00e1 Mirim como as demais Unidades de Conserva\u00e7\u00e3o do entorno t\u00eam, segundo pesquisadores, \u201cum papel territorial e simb\u00f3lico de conten\u00e7\u00e3o da frente de devasta\u00e7\u00e3o do eixo da BR 364, resguardando a zona de conserva\u00e7\u00e3o do vale do Guapor\u00e9 composto por UCs, territ\u00f3rios ind\u00edgenas e quilombolas. A pulveriza\u00e7\u00e3o desse Parque por meio de \u2018unidades de exclus\u00e3o\u2019, agora agregadas na proposta de desafeta\u00e7\u00e3o, embute o cen\u00e1rio de mais uma \u2018porteira arrombada\u2019 para a devasta\u00e7\u00e3o padr\u00e3o desses territ\u00f3rios remanescentes\u201d.<\/p>\n\n\n\n<figure class=\"wp-block-image\"><img loading=\"lazy\" decoding=\"async\" width=\"599\" height=\"443\" data-attachment-id=\"30210\" data-permalink=\"http:\/\/blogdalucianaoliveira.com.br\/blog\/2020\/12\/03\/desafetacoes-e-crimes-regularizados-distopias-na-amazonia-aqui-e-agora\/a246023f-db3b-42f2-88d3-c676f04b8a64\/\" data-orig-file=\"https:\/\/i0.wp.com\/blogdalucianaoliveira.com.br\/blog\/wp-content\/uploads\/2020\/12\/A246023F-DB3B-42F2-88D3-C676F04B8A64.jpeg?fit=599%2C443\" data-orig-size=\"599,443\" data-comments-opened=\"0\" data-image-meta=\"{&quot;aperture&quot;:&quot;0&quot;,&quot;credit&quot;:&quot;&quot;,&quot;camera&quot;:&quot;&quot;,&quot;caption&quot;:&quot;&quot;,&quot;created_timestamp&quot;:&quot;0&quot;,&quot;copyright&quot;:&quot;&quot;,&quot;focal_length&quot;:&quot;0&quot;,&quot;iso&quot;:&quot;0&quot;,&quot;shutter_speed&quot;:&quot;0&quot;,&quot;title&quot;:&quot;&quot;,&quot;orientation&quot;:&quot;1&quot;}\" data-image-title=\"A246023F-DB3B-42F2-88D3-C676F04B8A64\" data-image-description=\"\" data-image-caption=\"\" data-medium-file=\"https:\/\/i0.wp.com\/blogdalucianaoliveira.com.br\/blog\/wp-content\/uploads\/2020\/12\/A246023F-DB3B-42F2-88D3-C676F04B8A64.jpeg?fit=300%2C222\" data-large-file=\"https:\/\/i0.wp.com\/blogdalucianaoliveira.com.br\/blog\/wp-content\/uploads\/2020\/12\/A246023F-DB3B-42F2-88D3-C676F04B8A64.jpeg?fit=599%2C443\" src=\"https:\/\/i2.wp.com\/blogdalucianaoliveira.com.br\/blog\/wp-content\/uploads\/2020\/12\/A246023F-DB3B-42F2-88D3-C676F04B8A64.jpeg?w=599\" alt=\"\" class=\"wp-image-30210\" srcset=\"https:\/\/i0.wp.com\/blogdalucianaoliveira.com.br\/blog\/wp-content\/uploads\/2020\/12\/A246023F-DB3B-42F2-88D3-C676F04B8A64.jpeg?w=599 599w, https:\/\/i0.wp.com\/blogdalucianaoliveira.com.br\/blog\/wp-content\/uploads\/2020\/12\/A246023F-DB3B-42F2-88D3-C676F04B8A64.jpeg?resize=300%2C222 300w, https:\/\/i0.wp.com\/blogdalucianaoliveira.com.br\/blog\/wp-content\/uploads\/2020\/12\/A246023F-DB3B-42F2-88D3-C676F04B8A64.jpeg?resize=406%2C300 406w\" sizes=\"auto, (max-width: 599px) 100vw, 599px\" \/><\/figure>\n\n\n\n<p>O presidente da Assembleia\nLegislativa, o deputado Alex Redano (PRB) foi enf\u00e1tico ao afirmar sua\npreocupa\u00e7\u00e3o ao analisar o projeto.<\/p>\n\n\n\n<p>\u201cMinha concep\u00e7\u00e3o nesse projeto n\u00e3o \u00e9 no quesito ambiental, mas no social\u201d, disse ao se referir aos que ocuparam irregularmente as terras onde produzem.<\/p>\n\n\n\n<p>O interesse pol\u00edtico na\nmat\u00e9ria tamb\u00e9m ficou evidente em algumas falas, como a do deputado Cirone Deir\u00f3\n(Podemos).<\/p>\n\n\n\n<p>\u201cQuero parabenizar o deputado\nAlex Redano pela sensibilidade e coragem. Ele \u00e9 do vale do Jamari e buscou essa\nsemana consenso para que fosse votado esse projeto. Eu sei que o senhor foi um\ndos mais votados ali em Jacin\u00f3polis\u201d, disse Deir\u00f3.<\/p>\n\n\n\n<p>O deputado Adelino Follador\n(DEM) fez um apelo ao governo para \u2018arreganhar mais porteiras\u2019.<\/p>\n\n\n\n<p>\u201cO Governo do estado tem que trazer outros projetos para desafetar outras \u00e1reas do estado de Rond\u00f4nia. Aonde tem a popula\u00e7\u00e3o morando, n\u00f3s temos que dar condi\u00e7\u00f5es de regularizar. Eu at\u00e9 briguei na \u00e9poca que j\u00e1 devia ter vindo, todo estado ter mapeado e mandado as \u00e1reas que a poderia desafetar\u201d, disse Follador.<\/p>\n\n\n\n<p>Veja a sess\u00e3o:<\/p>\n\n\n\n<figure class=\"wp-block-embed-youtube wp-block-embed is-type-video is-provider-youtube wp-embed-aspect-4-3 wp-has-aspect-ratio\"><div class=\"wp-block-embed__wrapper\">\n<div class=\"jetpack-video-wrapper\"><iframe loading=\"lazy\" title=\"ALE TV - Sess\u00e3o Plen\u00e1ria  20\/04\/2021-Rond\u00f4nia\" width=\"600\" height=\"338\" src=\"https:\/\/www.youtube.com\/embed\/uVZ9f2NF6Tw?feature=oembed\" frameborder=\"0\" allow=\"accelerometer; autoplay; clipboard-write; encrypted-media; gyroscope; picture-in-picture; web-share\" referrerpolicy=\"strict-origin-when-cross-origin\" allowfullscreen><\/iframe><\/div>\n<\/div><\/figure>\n\n\n\n<p>Para a Coordenadora da Associa\u00e7\u00e3o de Defesa Etnoambiental Kanind\u00e9, Ivaneide Bandeira Cardoso, &#8220;\u00e9 a legaliza\u00e7\u00e3o da grilagem de forma escancarada, sem nenhum pudor. \u00c9 a mensagem clara para os grileiros que podem invadir \u00e0 vontade que ter\u00e3o apoio dos pol\u00edticos. Ela confia que o Minist\u00e9rio P\u00fablico do Estado aja para barrar o ato por inconstitucionalidade.  <\/p>\n","protected":false},"excerpt":{"rendered":"<p>&#8220;Essa regi\u00e3o ir\u00e1 se transformar num grande celeiro de produ\u00e7\u00e3o do estado de Rond\u00f4nia&#8221;, disse o deputado Laerte Gomes (PSDB) no in\u00edcio da sess\u00e3o em que o PLC 080 foi aprovado.<\/p>\n","protected":false},"author":1,"featured_media":0,"comment_status":"closed","ping_status":"open","sticky":false,"template":"","format":"standard","meta":{"_exactmetrics_skip_tracking":false,"_exactmetrics_sitenote_active":false,"_exactmetrics_sitenote_note":"","_exactmetrics_sitenote_category":0,"jetpack_post_was_ever_published":false,"_jetpack_newsletter_access":"","_jetpack_dont_email_post_to_subs":false,"_jetpack_newsletter_tier_id":0,"_jetpack_memberships_contains_paywalled_content":false,"_jetpack_memberships_contains_paid_content":false,"footnotes":"","jetpack_publicize_message":"","jetpack_publicize_feature_enabled":true,"jetpack_social_post_already_shared":true,"jetpack_social_options":{"image_generator_settings":{"template":"highway","enabled":false},"version":2}},"categories":[1],"tags":[500,495,372,497,499,498],"class_list":["post-31661","post","type-post","status-publish","format-standard","hentry","category-notas","tag-deesmatamento","tag-invasoes","tag-marcos-rocha","tag-plc-080","tag-regularizacao","tag-unidades-de-conservacao"],"jetpack_publicize_connections":[],"jetpack_sharing_enabled":true,"jetpack_featured_media_url":"","jetpack_shortlink":"https:\/\/wp.me\/p7wKYW-8eF","jetpack-related-posts":[],"_links":{"self":[{"href":"http:\/\/blogdalucianaoliveira.com.br\/blog\/wp-json\/wp\/v2\/posts\/31661","targetHints":{"allow":["GET"]}}],"collection":[{"href":"http:\/\/blogdalucianaoliveira.com.br\/blog\/wp-json\/wp\/v2\/posts"}],"about":[{"href":"http:\/\/blogdalucianaoliveira.com.br\/blog\/wp-json\/wp\/v2\/types\/post"}],"author":[{"embeddable":true,"href":"http:\/\/blogdalucianaoliveira.com.br\/blog\/wp-json\/wp\/v2\/users\/1"}],"replies":[{"embeddable":true,"href":"http:\/\/blogdalucianaoliveira.com.br\/blog\/wp-json\/wp\/v2\/comments?post=31661"}],"version-history":[{"count":4,"href":"http:\/\/blogdalucianaoliveira.com.br\/blog\/wp-json\/wp\/v2\/posts\/31661\/revisions"}],"predecessor-version":[{"id":31670,"href":"http:\/\/blogdalucianaoliveira.com.br\/blog\/wp-json\/wp\/v2\/posts\/31661\/revisions\/31670"}],"wp:attachment":[{"href":"http:\/\/blogdalucianaoliveira.com.br\/blog\/wp-json\/wp\/v2\/media?parent=31661"}],"wp:term":[{"taxonomy":"category","embeddable":true,"href":"http:\/\/blogdalucianaoliveira.com.br\/blog\/wp-json\/wp\/v2\/categories?post=31661"},{"taxonomy":"post_tag","embeddable":true,"href":"http:\/\/blogdalucianaoliveira.com.br\/blog\/wp-json\/wp\/v2\/tags?post=31661"}],"curies":[{"name":"wp","href":"https:\/\/api.w.org\/{rel}","templated":true}]}}