{"id":31678,"date":"2021-04-22T11:09:29","date_gmt":"2021-04-22T15:09:29","guid":{"rendered":"http:\/\/blogdalucianaoliveira.com.br\/blog\/?p=31678"},"modified":"2021-04-22T11:11:50","modified_gmt":"2021-04-22T15:11:50","slug":"nota-de-repudio-deputados-de-rondonia-tentam-passar-boiada-de-200-mil-hectares-a-invasores-de-florestas-publicas","status":"publish","type":"post","link":"http:\/\/blogdalucianaoliveira.com.br\/blog\/2021\/04\/22\/nota-de-repudio-deputados-de-rondonia-tentam-passar-boiada-de-200-mil-hectares-a-invasores-de-florestas-publicas\/","title":{"rendered":"NOTA DE REP\u00daDIO: Deputados de Rond\u00f4nia tentam passar boiada de 200 mil hectares a invasores de florestas p\u00fablicas"},"content":{"rendered":"\n<figure class=\"wp-block-image size-large\"><img data-recalc-dims=\"1\" loading=\"lazy\" decoding=\"async\" width=\"600\" height=\"415\" data-attachment-id=\"31679\" data-permalink=\"http:\/\/blogdalucianaoliveira.com.br\/blog\/2021\/04\/22\/nota-de-repudio-deputados-de-rondonia-tentam-passar-boiada-de-200-mil-hectares-a-invasores-de-florestas-publicas\/4288b036-1cdd-4500-91b0-45320e683e1f\/\" data-orig-file=\"https:\/\/i0.wp.com\/blogdalucianaoliveira.com.br\/blog\/wp-content\/uploads\/2021\/04\/4288B036-1CDD-4500-91B0-45320E683E1F.jpeg?fit=754%2C521\" data-orig-size=\"754,521\" data-comments-opened=\"0\" data-image-meta=\"{&quot;aperture&quot;:&quot;0&quot;,&quot;credit&quot;:&quot;&quot;,&quot;camera&quot;:&quot;&quot;,&quot;caption&quot;:&quot;&quot;,&quot;created_timestamp&quot;:&quot;0&quot;,&quot;copyright&quot;:&quot;&quot;,&quot;focal_length&quot;:&quot;0&quot;,&quot;iso&quot;:&quot;0&quot;,&quot;shutter_speed&quot;:&quot;0&quot;,&quot;title&quot;:&quot;&quot;,&quot;orientation&quot;:&quot;0&quot;}\" data-image-title=\"4288B036-1CDD-4500-91B0-45320E683E1F\" data-image-description=\"\" data-image-caption=\"\" data-medium-file=\"https:\/\/i0.wp.com\/blogdalucianaoliveira.com.br\/blog\/wp-content\/uploads\/2021\/04\/4288B036-1CDD-4500-91B0-45320E683E1F.jpeg?fit=300%2C207\" data-large-file=\"https:\/\/i0.wp.com\/blogdalucianaoliveira.com.br\/blog\/wp-content\/uploads\/2021\/04\/4288B036-1CDD-4500-91B0-45320E683E1F.jpeg?fit=600%2C415\" src=\"https:\/\/i0.wp.com\/blogdalucianaoliveira.com.br\/blog\/wp-content\/uploads\/2021\/04\/4288B036-1CDD-4500-91B0-45320E683E1F.jpeg?resize=600%2C415\" alt=\"\" class=\"wp-image-31679\" srcset=\"https:\/\/i0.wp.com\/blogdalucianaoliveira.com.br\/blog\/wp-content\/uploads\/2021\/04\/4288B036-1CDD-4500-91B0-45320E683E1F.jpeg?w=754 754w, https:\/\/i0.wp.com\/blogdalucianaoliveira.com.br\/blog\/wp-content\/uploads\/2021\/04\/4288B036-1CDD-4500-91B0-45320E683E1F.jpeg?resize=300%2C207 300w, https:\/\/i0.wp.com\/blogdalucianaoliveira.com.br\/blog\/wp-content\/uploads\/2021\/04\/4288B036-1CDD-4500-91B0-45320E683E1F.jpeg?resize=434%2C300 434w\" sizes=\"auto, (max-width: 600px) 100vw, 600px\" \/><\/figure>\n\n\n\n<p>No momento em que os pa\u00edses tentam acertar o passo para garantir o futuro clim\u00e1tico do planeta, a Assembleia Legislativa de Rond\u00f4nia prefere usar a contram\u00e3o da hist\u00f3ria para premiar grileiros de terras p\u00fablicas e desmatadores ilegais, em preju\u00edzo do conjunto da popula\u00e7\u00e3o.<\/p>\n\n\n\n<!--more Leia mais-->\n\n\n\n<p>Por decis\u00e3o dos deputados na noite de ter\u00e7a-feira (20 de abril), a reserva extrativista de Jaci-Paran\u00e1 ficar\u00e1 praticamente extinta. Dos 193 mil hectares existentes, sobrar\u00e3o apenas 22 mil, pouco mais de 10% da \u00e1rea original. O parque estadual de Guajar\u00e1-Mirim perder\u00e1 55 mil hectares, num corte que atingir\u00e1 inclusive a sede da unidade de conserva\u00e7\u00e3o, que ficar\u00e1 de fora da \u00e1rea preservada. Os n\u00fameros ainda s\u00e3o estimados. N\u00e3o houve transpar\u00eancia nessas informa\u00e7\u00f5es e ainda n\u00e3o est\u00e3o claros os novos limites propostos.<br> As terras retiradas das unidades de conserva\u00e7\u00e3o ser\u00e3o dadas como pr\u00eamio a invasores ilegais, que ocuparam a floresta com base na viol\u00eancia. Grileiros que expulsaram as comunidades tradicionais para colocar, em seu lugar, 120 mil cabe\u00e7as de gado, destinadas inclusive \u00e0 exporta\u00e7\u00e3o.<br> Com essa decis\u00e3o, a Assembleia Legislativa expulsa ind\u00edgenas, seringueiros e extrativistas para dar lugar \u00e0 pastagem e ao boi, que enriquecem alguns poucos poderosos, deixando para a popula\u00e7\u00e3o a conta do preju\u00edzo ambiental. Condena \u00e0 mis\u00e9ria na periferia das cidades centenas de fam\u00edlias impedidas de continuar vivendo de maneira sustent\u00e1vel na floresta em p\u00e9 \u2013 que agora cai oficialmente em nome do rebanho de gado.<br> Essa apropria\u00e7\u00e3o ilegal de terras p\u00fablicas ter\u00e1 impactos diretos e irrevers\u00edveis nas terras ind\u00edgenas Uru-eu-wau-wau, Karipuna, Igarap\u00e9 Lage, Igarap\u00e9 Ribeir\u00e3o, Karitiana e comunidades em isolamento volunt\u00e1rio na regi\u00e3o. Esses povos, que nunca foram consultados sobre as altera\u00e7\u00f5es nas unidades de conserva\u00e7\u00e3o, t\u00eam agora amea\u00e7adas sua integridade f\u00edsica, cultural e territorial, ficando expostos \u00e0 expuls\u00e3o, \u00e0 doen\u00e7a e \u00e0 morte.<\/p>\n\n\n\n<p><br> Os parlamentares e o governo do estado tentam vender a falsa ideia de que os grileiros s\u00e3o pessoas pobres, que trabalham a terra com as m\u00e3os para sustentar suas fam\u00edlias. Tentam esconder a realidade. Os grandes respons\u00e1veis pelas invas\u00f5es s\u00e3o gente poderosa e influente, que usa posseiros como laranjas. Gente que contrata jagun\u00e7os armados para expulsar a for\u00e7a, fam\u00edlias tradicionais que tiram seu sustento da floresta. Pessoas humildes t\u00eam dez, vinte ou at\u00e9 cem cabe\u00e7as de gado, nunca o maior rebanho bovino do estado, comercializado com grandes frigor\u00edficos.<\/p>\n\n\n\n<p><br> A dr\u00e1stica redu\u00e7\u00e3o das unidades de conserva\u00e7\u00e3o \u00e9 o coroamento de ataques sistem\u00e1ticos \u00e0 lei e \u00e0 ordem, numa hist\u00f3ria de mais de 20 anos de agress\u00f5es. Contraria diversas decis\u00f5es judiciais e dos minist\u00e9rios p\u00fablicos Estadual e Federal. Descumpre a legisla\u00e7\u00e3o vigente e acordos internacionais assinados pelo Brasil. O projeto foi apresentado pelo governador Marcos Rocha e aprovado pelos deputados sem que nenhum estudo t\u00e9cnico fosse apresentado para justificar os cortes.<br> Na noite de ter\u00e7a-feira, quando as invas\u00f5es foram legalizadas, parlamentares passaram mais tempo negociando a portas fechadas do que deliberando publicamente. A sess\u00e3o foi interrompida duas vezes, por mais de tr\u00eas horas no total, numa \u00e9poca em que a popula\u00e7\u00e3o est\u00e1 impedida de acompanhar as sess\u00f5es presencialmente, em fun\u00e7\u00e3o das restri\u00e7\u00f5es impostas pela pandemia.<br> As negocia\u00e7\u00f5es sem transpar\u00eancia, ocultas \u00e0 popula\u00e7\u00e3o, s\u00e3o um retrocesso democr\u00e1tico que torna ileg\u00edtimas as decis\u00f5es da Assembleia. O que aconteceu nessas reuni\u00f5es secretas? O que foi negociado? Quem participou? S\u00e3o algumas das respostas que os deputados devem \u00e0 sociedade e \u00e0 Democracia.<br> O governador Marcos Rocha tem agora a oportunidade de escolher como quer entrar para a hist\u00f3ria. Se vetar os projetos criminosos, enviar\u00e1 ao Brasil e ao mundo a mensagem de algu\u00e9m que cuida das pessoas e da natureza. Se sancionar, mostrar\u00e1 que se alia \u00e0 devasta\u00e7\u00e3o, \u00e0 viol\u00eancia, \u00e0 grilagem e aos desmatamentos que destroem a Amaz\u00f4nia. Al\u00e9m disso, corre o risco de ser desautorizado pela Justi\u00e7a, que tem, repetidamente, barrado agress\u00f5es \u00e0 floresta e \u00e0 popula\u00e7\u00e3o.<\/p>\n\n\n\n<p><br> De nossa parte, n\u00e3o permitiremos a consolida\u00e7\u00e3o dessas amea\u00e7as. Vamos denunci\u00e1-las e lutar de todas as formas, inclusive fora do pa\u00eds se necess\u00e1rio, para defender nossas popula\u00e7\u00f5es, nossas florestas, nosso clima e nossa Democracia.<br><\/p>\n\n\n\n<p> Assinam:<br> Movimento Sos Cerrado<br> Associa\u00e7\u00e3o Alternativa Terrazul<br> FBOMS &#8211; F\u00f3rum Brasileiro de ONGs e Movimentos Sociais pelo Meio Ambiente e Desenvolvimento Sustent\u00e1vel<br> GEEMA- Grupo de Estudos em Educa\u00e7\u00e3o e Meio Ambiente Associa\u00e7\u00e3o de Defesa Etnoambiental Kanind\u00e9<br> SOS Amaz\u00f4nia<br> Daniel Luis Dalberto &#8211; Procurador da Rep\u00fablica<br> Aparecida Vila\u00e7a &#8211; antrop\u00f3loga\/museu nacional UFRJ OPAN &#8211; Opera\u00e7\u00e3o Amaz\u00f4nia Nativa<br> Ramires Andrade &#8211; Advogado<br> Associa\u00e7\u00e3o do Povo Ind\u00edgena Uru Eu Wau Wau &#8211; JUPA\u00da Associa\u00e7\u00e3o dos povos karipuna ind\u00edgenas( APOIKA) Movimento Amaz\u00f4nia na Rua &#8211; Recife<br> Idesam &#8211; Instituto de Conserva\u00e7\u00e3o e Desenvolvimento Sustent\u00e1vel da Amaz\u00f4nia<\/p>\n\n\n\n<p>Instituto Socioambiental &#8211; ISA<br> Grupo de Trabalho Amaz\u00f4nico &#8211; GTA<br> REBEA &#8211; Rede Brasileira de Educa\u00e7\u00e3o Ambiental Almir Narayamoga Suru\u00ed<br> Associa\u00e7\u00e3o Metareil\u00e1 do Povo Ind\u00edgena Suru\u00ed<br> Rede de Educa\u00e7\u00e3o Ambiental de Rond\u00f4nia &#8211; REARO<\/p>\n\n\n\n<p>WWF &#8211; Brasil<\/p>\n","protected":false},"excerpt":{"rendered":"<p>No momento em que os pa\u00edses tentam acertar o passo para garantir o futuro clim\u00e1tico do planeta, a Assembleia Legislativa de Rond\u00f4nia prefere usar a contram\u00e3o da hist\u00f3ria para premiar grileiros de terras p\u00fablicas e desmatadores ilegais, em preju\u00edzo do conjunto da popula\u00e7\u00e3o.<\/p>\n","protected":false},"author":1,"featured_media":0,"comment_status":"closed","ping_status":"open","sticky":false,"template":"","format":"standard","meta":{"_exactmetrics_skip_tracking":false,"_exactmetrics_sitenote_active":false,"_exactmetrics_sitenote_note":"","_exactmetrics_sitenote_category":0,"jetpack_post_was_ever_published":false,"_jetpack_newsletter_access":"","_jetpack_dont_email_post_to_subs":false,"_jetpack_newsletter_tier_id":0,"_jetpack_memberships_contains_paywalled_content":false,"_jetpack_memberships_contains_paid_content":false,"footnotes":"","jetpack_publicize_message":"","jetpack_publicize_feature_enabled":true,"jetpack_social_post_already_shared":true,"jetpack_social_options":{"image_generator_settings":{"template":"highway","enabled":false},"version":2}},"categories":[1],"tags":[502,503,497,7],"class_list":["post-31678","post","type-post","status-publish","format-standard","hentry","category-notas","tag-boiada","tag-deputados","tag-plc-080","tag-rondonia"],"jetpack_publicize_connections":[],"jetpack_sharing_enabled":true,"jetpack_featured_media_url":"","jetpack_shortlink":"https:\/\/wp.me\/p7wKYW-8eW","jetpack-related-posts":[],"_links":{"self":[{"href":"http:\/\/blogdalucianaoliveira.com.br\/blog\/wp-json\/wp\/v2\/posts\/31678","targetHints":{"allow":["GET"]}}],"collection":[{"href":"http:\/\/blogdalucianaoliveira.com.br\/blog\/wp-json\/wp\/v2\/posts"}],"about":[{"href":"http:\/\/blogdalucianaoliveira.com.br\/blog\/wp-json\/wp\/v2\/types\/post"}],"author":[{"embeddable":true,"href":"http:\/\/blogdalucianaoliveira.com.br\/blog\/wp-json\/wp\/v2\/users\/1"}],"replies":[{"embeddable":true,"href":"http:\/\/blogdalucianaoliveira.com.br\/blog\/wp-json\/wp\/v2\/comments?post=31678"}],"version-history":[{"count":2,"href":"http:\/\/blogdalucianaoliveira.com.br\/blog\/wp-json\/wp\/v2\/posts\/31678\/revisions"}],"predecessor-version":[{"id":31681,"href":"http:\/\/blogdalucianaoliveira.com.br\/blog\/wp-json\/wp\/v2\/posts\/31678\/revisions\/31681"}],"wp:attachment":[{"href":"http:\/\/blogdalucianaoliveira.com.br\/blog\/wp-json\/wp\/v2\/media?parent=31678"}],"wp:term":[{"taxonomy":"category","embeddable":true,"href":"http:\/\/blogdalucianaoliveira.com.br\/blog\/wp-json\/wp\/v2\/categories?post=31678"},{"taxonomy":"post_tag","embeddable":true,"href":"http:\/\/blogdalucianaoliveira.com.br\/blog\/wp-json\/wp\/v2\/tags?post=31678"}],"curies":[{"name":"wp","href":"https:\/\/api.w.org\/{rel}","templated":true}]}}