{"id":31682,"date":"2021-04-22T11:35:55","date_gmt":"2021-04-22T15:35:55","guid":{"rendered":"http:\/\/blogdalucianaoliveira.com.br\/blog\/?p=31682"},"modified":"2021-04-22T11:35:59","modified_gmt":"2021-04-22T15:35:59","slug":"recusa-de-bolsonaro-para-comprar-vacinas-na-hora-certa-vai-matar-90-mil-brasileiros","status":"publish","type":"post","link":"http:\/\/blogdalucianaoliveira.com.br\/blog\/2021\/04\/22\/recusa-de-bolsonaro-para-comprar-vacinas-na-hora-certa-vai-matar-90-mil-brasileiros\/","title":{"rendered":"RECUSA DE BOLSONARO PARA COMPRAR VACINAS NA HORA CERTA VAI MATAR 90 MIL BRASILEIROS"},"content":{"rendered":"\n<figure class=\"wp-block-image\"><img data-recalc-dims=\"1\" decoding=\"async\" src=\"https:\/\/i0.wp.com\/theintercept.imgix.net\/wp-uploads\/sites\/1\/2021\/04\/GettyImages-1222279529.jpg?w=600&#038;ssl=1\" alt=\"BRASILIA, BRAZIL - JUNE 23:\u00a0Brazilian President Jair Bolsonaro stands during ceremony to\u00a0inaugurate the Main Spacial Operations Center (COPE-P) amidst\u00a0the coronavirus (COVID-19) pandemic at the Comando de Opera\u00e7\u00f5es Aeroespaciais\u00a0on June 23, 2020 in Brasilia. Brazil has over 1.145,000 confirmed positive cases of Coronavirus and 52,645 deaths. (Photo by Andressa Anholete\/Getty Images)\"\/><\/figure>\n\n\n\n<p><strong>The Intercept <\/strong>&#8211; Pesquisadores calcularam quantas vidas poderiam ter sido salvas se o governo tivesse aceitado antes as ofertas do Butantan e da Pfizer.<\/p>\n\n\n\n<!--more-->\n\n\n\n<p>NO ANO PASSADO,&nbsp;quando a pandemia dava sinais de arrefecimento, o presidente Jair Bolsonaro recusou uma s\u00e9rie de ofertas para comprar vacinas. Da Pfizer, negou 70 milh\u00f5es de doses, que teriam sido entregues at\u00e9 dezembro. Disse n\u00e3o v\u00e1rias vezes \u00e0s 100 milh\u00f5es de doses da Coronavac que o Butantan prometia para dezembro de 2020. Agora, o pre\u00e7o das irrespons\u00e1veis recusas come\u00e7a a ficar claro: pelo menos 90 mil mortes poderiam ter sido evitadas se o presidente tivesse comprado as vacinas na hora certa.&nbsp;<\/p>\n\n\n\n<p>O c\u00e1lculo de vidas perdidas foi feito com um modelo matem\u00e1tico criado por pesquisadores da USP, do Instituto Butantan e da FGV que leva em considera\u00e7\u00e3o vari\u00e1veis como efic\u00e1cia, cobertura e velocidade de vacina\u00e7\u00e3o, al\u00e9m de n\u00famero de casos e \u00f3bitos j\u00e1 registrados. A f\u00f3rmula est\u00e1 em um artigo, ainda in\u00e9dito, que foi submetido \u00e0 revista cient\u00edfica&nbsp;<a href=\"https:\/\/tbiomed.biomedcentral.com\/\" rel=\"noreferrer noopener\" target=\"_blank\">\u201cTheoretical Biology and Medical Modelling\u201d<\/a>&nbsp;e est\u00e1 em revis\u00e3o.&nbsp;<\/p>\n\n\n\n<p>No c\u00e1lculo, feito no final do ano passado \u2013 portanto, antes da segunda onda e do surgimento das novas variantes do coronav\u00edrus \u2013, eles estimaram em mais de 40 mil as vidas perdidas pelo primeiro m\u00eas de atraso na vacina\u00e7\u00e3o por causa da recusa do governo. Agora, pedimos a um dos autores, Eduardo Massad, m\u00e9dico e professor da Escola de Matem\u00e1tica Aplicada da Funda\u00e7\u00e3o Get\u00falio Vargas, a FGV, que atualizasse a conta, levando em considera\u00e7\u00e3o o cen\u00e1rio atual. E o resultado \u00e9 ainda pior: \u201cpelo menos 90 mil \u00f3bitos poderiam ter sido evitados at\u00e9 o final de 2021 se as ofertas da Pfizer e do Butantan tivessem sido aceitas\u201d, ele me falou.\u00a0<a href=\"https:\/\/theintercept.com\/brasil\/newsletter\/?source=Article-In&amp;referrer_post_id=352142\"><br> <\/a><\/p>\n\n\n\n<p>No segundo semestre do ano passado, o presidente da Pfizer, Albert Bourla,&nbsp;<a href=\"http:\/\/www.consultaesic.cgu.gov.br\/busca\/dados\/Lists\/Pedido\/Attachments\/1524569\/RESPOSTA_PEDIDO_Excelentissimo-Senhor-Jair-Messias-Bolsonaro-9.12.20.pdf\" rel=\"noreferrer noopener\" target=\"_blank\">enviou uma carta a Bolsonaro<\/a>&nbsp;em que quase implora para que o presidente aceite a oferta de 70 milh\u00f5es de doses. \u201cQuero fazer todos os esfor\u00e7os poss\u00edveis para garantir que doses de nossa futura vacina sejam reservadas para a popula\u00e7\u00e3o brasileira, por\u00e9m celeridade \u00e9 crucial devido \u00e0 alta demanda de outros pa\u00edses e ao n\u00famero limitado de doses em 2020\u2033, ele escreveu.&nbsp;<\/p>\n\n\n\n<p>Bourla afirma no documento que sua equipe havia se reunido com representantes dos Minist\u00e9rios da Sa\u00fade e da Economia e da Embaixada do Brasil nos Estados Unidos para apresentar a proposta. \u201cSabendo que o tempo \u00e9 essencial, minha equipe est\u00e1 interessada em acelerar as discuss\u00f5es sobre uma poss\u00edvel aquisi\u00e7\u00e3o e pronta para se reunir com Vossa Excel\u00eancia ou representantes do Governo Brasileiro o mais rapidamente poss\u00edvel\u201d, disse o executivo. Mas n\u00e3o recebeu sequer uma resposta.<\/p>\n\n\n\n<p>Na \u00e9poca, Bolsonaro&nbsp;<a href=\"https:\/\/youtu.be\/K84GmItuoWM?t=2080\" rel=\"noreferrer noopener\" target=\"_blank\">negou qualquer acordo, criticando as cl\u00e1usulas do contrato<\/a>&nbsp;com o laborat\u00f3rio. \u201cL\u00e1 na Pfizer, est\u00e1 bem claro l\u00e1 no contrato: \u2018n\u00f3s n\u00e3o nos responsabilizamos por qualquer efeito colateral\u2019. Se voc\u00ea virar um jacar\u00e9, \u00e9 problema seu, se voc\u00ea virar super-homem, se nascer barba em alguma mulher a\u00ed, ou algum homem come\u00e7ar a falar fino, eles n\u00e3o t\u00eam nada a ver com isso\u201d.&nbsp;<\/p>\n\n\n\n<p>J\u00e1 o Instituto Butantan fez diferentes ofertas. A \u00faltima delas prometia o fornecimento de 100 milh\u00f5es de&nbsp;<a href=\"https:\/\/piaui.folha.uol.com.br\/bolsonaro-recusou-tres-ofertas-de-vacina\/\" rel=\"noreferrer noopener\" target=\"_blank\">doses da Coronavac<\/a>&nbsp;a partir de dezembro.<\/p>\n\n\n\n<p>Em outubro, o ent\u00e3o ministro da Sa\u00fade, Eduardo Pazuello, em uma reuni\u00e3o com governadores, chegou a anunciar o investimento na Coronavac. Mas foi desautorizado na sequ\u00eancia pelo presidente Jair Bolsonaro, que tomou a decis\u00e3o de n\u00e3o comprar a \u201cvacina chinesa\u201d.<\/p>\n\n\n\n<figure><iframe allowfullscreen=\"true\" class=\"\" src=\"https:\/\/platform.twitter.com\/embed\/Tweet.html?creatorScreenName=TheInterceptBr&amp;dnt=false&amp;embedId=twitter-widget-0&amp;features=eyJ0ZndfZXhwZXJpbWVudHNfY29va2llX2V4cGlyYXRpb24iOnsiYnVja2V0IjoxMjA5NjAwLCJ2ZXJzaW9uIjpudWxsfSwidGZ3X2hvcml6b25fdHdlZXRfZW1iZWRfOTU1NSI6eyJidWNrZXQiOiJodGUiLCJ2ZXJzaW9uIjpudWxsfX0%3D&amp;frame=false&amp;hideCard=false&amp;hideThread=false&amp;id=1318909799505985537&amp;lang=pt&amp;origin=https%3A%2F%2Ftheintercept.com%2F2021%2F04%2F22%2Frecusa-de-bolsonaro-para-comprar-vacinas-na-hora-certa-vai-matar-90-mil-brasileiros%2F&amp;sessionId=f2570c2720f2f0b8434d63b0595d04052b98c42e&amp;siteScreenName=TheInterceptBr&amp;theme=light&amp;widgetsVersion=ff2e7cf%3A1618526400629&amp;width=500px\"><\/iframe><\/figure>\n\n\n\n<p>O contrato com o Butantan s\u00f3 foi assinado no dia 7 de janeiro. J\u00e1 as&nbsp;<a href=\"https:\/\/www.gov.br\/saude\/pt-br\/assuntos\/noticias\/ministro-da-saude-fala-sobre-grave-momento-da-pandemia-e-anuncia-avanco-na-compra-de-vacinas\" rel=\"noreferrer noopener\" target=\"_blank\">negocia\u00e7\u00f5es para a compra da vacina da Pfizer<\/a>&nbsp;s\u00f3 foram iniciadas no come\u00e7o de mar\u00e7o. O acordo para a compra de 100 milh\u00f5es de doses, anunciado no dia 19 daquele m\u00eas, previa a entrega de 13,5 milh\u00f5es de doses entre abril e junho e, das 86,5 milh\u00f5es de doses restantes, entre julho e setembro. Os&nbsp;<a href=\"https:\/\/www.cnnbrasil.com.br\/saude\/2021\/03\/19\/governo-federal-assina-contratos-com-pfizer-e-janssen-para-vacinas\" rel=\"noreferrer noopener\" target=\"_blank\">termos do acordo<\/a>&nbsp;eram os mesmos que a Pfizer tinha imposto antes \u2013 ou seja, com a recusa, Bolsonaro sequer conseguiu melhores condi\u00e7\u00f5es. S\u00f3 atrasou a chegada das doses. Depois, ainda&nbsp;<a href=\"https:\/\/www.poder360.com.br\/coronavirus\/governo-quebra-clausula-de-confidencialidade-e-divulga-contrato-com-a-pfizer\/\" rel=\"noreferrer noopener\" target=\"_blank\">quebrou o contrato<\/a>&nbsp;ao divulgar o acordo, que tinha uma cl\u00e1usula de confidencialidade \u2013 o que pode vir a nos custar a perda das doses.<\/p>\n\n\n\n<p>Em 14 de abril, o ministro da Sa\u00fade Marcelo Queiroga prometeu uma entrega escalonada de 15,5 milh\u00f5es de doses da vacina da Pfizer entre abril e junho, antecipando a entrega de 2 milh\u00f5es do total de doses contratadas para o primeiro semestre. O bolsonarismo alardeou que conseguiu \u201cantecipar\u201d a entrega das vacinas para o final de abril \u2013 quando, na verdade, elas poderiam estar imunizando brasileiros desde dezembro.<\/p>\n\n\n\n<p>Uma semana depois, o&nbsp;<a href=\"https:\/\/saude.estadao.com.br\/noticias\/geral,ministro-da-saude-diz-que-todos-os-grupos-prioritarios-podem-ser-vacinados-antes-de-setembro,70003689038\">ministro anunciou<\/a>&nbsp;que a vacina\u00e7\u00e3o dos grupos priorit\u00e1rios s\u00f3 terminar\u00e1 de acontecer em setembro \u2013 e n\u00e3o mais em maio. Jogou a culpa no atraso da entrega das doses previstas no cons\u00f3rcio Covax Facility. N\u00e3o mencionou as recusas do chefe.<a href=\"https:\/\/ajude.theintercept.com\/donate\/brasil?source=web_tib_20201117_banner2\"><br>\n\n<\/a><\/p>\n","protected":false},"excerpt":{"rendered":"<p>The Intercept &#8211; Pesquisadores calcularam quantas vidas poderiam ter sido salvas se o governo tivesse aceitado antes as ofertas do Butantan e da Pfizer.<\/p>\n","protected":false},"author":1,"featured_media":0,"comment_status":"closed","ping_status":"open","sticky":false,"template":"","format":"standard","meta":{"_exactmetrics_skip_tracking":false,"_exactmetrics_sitenote_active":false,"_exactmetrics_sitenote_note":"","_exactmetrics_sitenote_category":0,"jetpack_post_was_ever_published":false,"_jetpack_newsletter_access":"","_jetpack_dont_email_post_to_subs":false,"_jetpack_newsletter_tier_id":0,"_jetpack_memberships_contains_paywalled_content":false,"_jetpack_memberships_contains_paid_content":false,"footnotes":"","jetpack_publicize_message":"","jetpack_publicize_feature_enabled":true,"jetpack_social_post_already_shared":true,"jetpack_social_options":{"image_generator_settings":{"template":"highway","enabled":false},"version":2}},"categories":[1],"tags":[],"class_list":["post-31682","post","type-post","status-publish","format-standard","hentry","category-notas"],"jetpack_publicize_connections":[],"jetpack_sharing_enabled":true,"jetpack_featured_media_url":"","jetpack_shortlink":"https:\/\/wp.me\/p7wKYW-8f0","jetpack-related-posts":[],"_links":{"self":[{"href":"http:\/\/blogdalucianaoliveira.com.br\/blog\/wp-json\/wp\/v2\/posts\/31682","targetHints":{"allow":["GET"]}}],"collection":[{"href":"http:\/\/blogdalucianaoliveira.com.br\/blog\/wp-json\/wp\/v2\/posts"}],"about":[{"href":"http:\/\/blogdalucianaoliveira.com.br\/blog\/wp-json\/wp\/v2\/types\/post"}],"author":[{"embeddable":true,"href":"http:\/\/blogdalucianaoliveira.com.br\/blog\/wp-json\/wp\/v2\/users\/1"}],"replies":[{"embeddable":true,"href":"http:\/\/blogdalucianaoliveira.com.br\/blog\/wp-json\/wp\/v2\/comments?post=31682"}],"version-history":[{"count":1,"href":"http:\/\/blogdalucianaoliveira.com.br\/blog\/wp-json\/wp\/v2\/posts\/31682\/revisions"}],"predecessor-version":[{"id":31683,"href":"http:\/\/blogdalucianaoliveira.com.br\/blog\/wp-json\/wp\/v2\/posts\/31682\/revisions\/31683"}],"wp:attachment":[{"href":"http:\/\/blogdalucianaoliveira.com.br\/blog\/wp-json\/wp\/v2\/media?parent=31682"}],"wp:term":[{"taxonomy":"category","embeddable":true,"href":"http:\/\/blogdalucianaoliveira.com.br\/blog\/wp-json\/wp\/v2\/categories?post=31682"},{"taxonomy":"post_tag","embeddable":true,"href":"http:\/\/blogdalucianaoliveira.com.br\/blog\/wp-json\/wp\/v2\/tags?post=31682"}],"curies":[{"name":"wp","href":"https:\/\/api.w.org\/{rel}","templated":true}]}}