{"id":31684,"date":"2021-04-22T11:47:07","date_gmt":"2021-04-22T15:47:07","guid":{"rendered":"http:\/\/blogdalucianaoliveira.com.br\/blog\/?p=31684"},"modified":"2021-04-22T11:47:12","modified_gmt":"2021-04-22T15:47:12","slug":"por-que-politica-ambiental-de-bolsonaro-afasta-ajuda-financeira-internacional","status":"publish","type":"post","link":"http:\/\/blogdalucianaoliveira.com.br\/blog\/2021\/04\/22\/por-que-politica-ambiental-de-bolsonaro-afasta-ajuda-financeira-internacional\/","title":{"rendered":"Por que pol\u00edtica ambiental de Bolsonaro afasta ajuda financeira internacional?"},"content":{"rendered":"\n<figure class=\"wp-block-image\"><img data-recalc-dims=\"1\" decoding=\"async\" src=\"https:\/\/i0.wp.com\/ichef.bbci.co.uk\/news\/640\/cpsprodpb\/7F97\/production\/_118136623_tv066872660.jpg?w=600&#038;ssl=1\" alt=\"Floresta em chamas na Amaz\u00f4nia\"\/><\/figure>\n\n\n\n<p><strong>Na BBC &#8211;<\/strong> <strong>Pressionado globalmente a reduzir o desmatamento da Amaz\u00f4nia, o presidente Jair Bolsonaro adotou uma estrat\u00e9gia de contra-ataque para participar nesta quinta-feira (22\/04) da C\u00fapula de L\u00edderes sobre o clima: cobrar dos pa\u00edses ricos apoio financeiro para a preserva\u00e7\u00e3o ambiental no Brasil.<\/strong><\/p>\n\n\n\n<!--more-->\n\n\n\n<p>Para o governo brasileiro, as na\u00e7\u00f5es desenvolvidas, sendo as maiores respons\u00e1veis pela emiss\u00e3o de carbono e o aquecimento global, t\u00eam obriga\u00e7\u00e3o de contribuir com a prote\u00e7\u00e3o da floresta e a viabiliza\u00e7\u00e3o de iniciativas de desenvolvimento que gerem renda para a popula\u00e7\u00e3o da Amaz\u00f4nia.<\/p>\n\n\n\n<p>No entanto, ap\u00f3s dois anos de gest\u00e3o Bolsonaro, com avan\u00e7o constante da destrui\u00e7\u00e3o da floresta, os pa\u00edses ricos n\u00e3o est\u00e3o dispostos a assinar um &#8220;cheque em branco&#8221; para o governo brasileiro. A exig\u00eancia \u00e9 que o Brasil mostre primeiro resultados concretos de redu\u00e7\u00e3o do desmatamento, para, num segundo momento, se discutir apoio financeiro.<\/p>\n\n\n\n<p>Esse debate deve ser central na c\u00fapula do clima- um encontro virtual de dois dias promovido pelo presidente americano, Joe Biden, com l\u00edderes de 40 pa\u00edses. O evento, que come\u00e7a na quinta (22), visa recolocar os Estados Unidos como l\u00edder da agenda ambiental, ap\u00f3s o presidente anterior, Donald Trump, abandonar essa pauta.<\/p>\n\n\n\n<p>A Casa Branca promete anunciar na c\u00fapula novas metas ambiciosas para sua redu\u00e7\u00e3o da emiss\u00e3o de carbono na atmosfera, com objetivo de conter o aquecimento global, e querem que outras na\u00e7\u00f5es fa\u00e7am o mesmo. O objetivo \u00e9 ampliar os compromissos firmados no Acordo de Paris, em que 196 pa\u00edses se comprometeram com medidas para evitar que a temperatura do planeta se eleve em 1,5\u00baC em cem anos \u2014 meta que ainda est\u00e1 distante de ser cumprida, considerando a evolu\u00e7\u00e3o atual das emiss\u00f5es globais.<br><\/p>\n\n\n\n<p>No caso do Brasil, cuja principal fonte de emiss\u00e3o \u00e9 a destrui\u00e7\u00e3o da floresta, o governo respondeu \u00e0 press\u00e3o em uma carta recente \u00e0 Casa Branca prometendo zerar o desmatamento ilegal at\u00e9 2030 e sinalizando com a possibilidade de antecipar de 2060 para 2050 o compromisso do pa\u00eds de alcan\u00e7ar a neutralidade clim\u00e1tica (quando as emiss\u00f5es restantes ap\u00f3s a redu\u00e7\u00e3o s\u00e3o totalmente compensadas com medidas ambientais).<\/p>\n\n\n\n<p>No entanto, na carta, o governo repete tr\u00eas vezes que, para alcan\u00e7ar esses objetivos, depende de &#8220;recursos financeiros vultosos&#8221;, cobrando apoio da comunidade internacional.<\/p>\n\n\n\n<p>&#8220;Ao sublinhar a ambi\u00e7\u00e3o das metas que assumimos, vejo-me na conting\u00eancia de salientar, uma vez mais, a necessidade de obter o adequado apoio da comunidade internacional, na escala, volume e velocidade compat\u00edveis com a magnitude e a urg\u00eancia dos desafios a serem enfrentados&#8221;, conclui a carta, sem detalhar qual seria a quantidade de dinheiro desejada.<\/p>\n\n\n\n<figure class=\"wp-block-image\"><img data-recalc-dims=\"1\" decoding=\"async\" src=\"https:\/\/i0.wp.com\/ichef.bbci.co.uk\/news\/640\/cpsprodpb\/2A0B\/production\/_118136701_tv066589358.jpg?w=600&#038;ssl=1\" alt=\"Jair Bolsonaro e Ricardo Salles\"\/><figcaption>Legenda da foto,Bolsonaro e Salles dizem que redu\u00e7\u00e3o do desmatamento depende de &#8220;recursos vultosos&#8221;<\/figcaption><\/figure>\n\n\n\n<p>Na semana passada, o ministro do Meio Ambiente, Ricardo Salles, traduziu em n\u00fameros a ambi\u00e7\u00e3o do Brasil junto \u00e0 comunidade internacional. Segundo ele, o governo promete reduzir o desmatamento da Amaz\u00f4nia entre 30% e 40% em um ano se o Brasil receber US$ 1 bilh\u00e3o (aproximadamente R$ 5,7 bilh\u00f5es).<\/p>\n\n\n\n<p>A previs\u00e3o \u00e9 que Bolsonaro far\u00e1 um discurso de cerca de tr\u00eas minutos na primeira sess\u00e3o da c\u00fapula, na quinta-feira de manh\u00e3. A expectativa \u00e9 que sua fala siga o tom da carta e que o presidente tamb\u00e9m anuncie genericamente mais recursos para \u00f3rg\u00e3os de prote\u00e7\u00e3o ambiental, como Ibama e ICMBio, na tentativa de enviar um sinal concreto de compromisso com a prote\u00e7\u00e3o ambiental no curto prazo.<\/p>\n\n\n\n<p>O enviado especial do Clima do governo dos Estados Unidos, John Kerry, reagiu \u00e0 correspond\u00eancia de Bolsonaro enfatizando a necessidade de medidas concretas. &#8220;O compromisso do presidente Jair Bolsonaro de eliminar o desmatamento ilegal \u00e9 importante. Esperamos a\u00e7\u00f5es imediatas e engajamento com as popula\u00e7\u00f5es ind\u00edgenas e a sociedade civil para que este an\u00fancio possa gerar resultados tang\u00edveis&#8221;, disse, em sua conta no Twitter, na sexta-feira.<\/p>\n\n\n\n<h2 class=\"wp-block-heading\" id=\"Dados-preliminares-indicam-desmatamento-em-acelera\u00e7\u00e3o\">Dados preliminares indicam desmatamento em acelera\u00e7\u00e3o<\/h2>\n\n\n\n<p>Segundo interlocutores do governo americano, o que a Casa Branca gostaria de ver como &#8220;resultados tang\u00edveis&#8221; \u00e9 a redu\u00e7\u00e3o do desmatamento ainda este ano. A medi\u00e7\u00e3o anual da destrui\u00e7\u00e3o da floresta realizada pelo Instituto Nacional de Pesquisas Espaciais (Inpe) se d\u00e1 entre agosto do ano anterior e julho do ano corrente, o que deixa um espa\u00e7o de poucos meses para uma revers\u00e3o da alta no desmate.<\/p>\n\n\n\n<p>Levantamento preliminar feito pelo Instituto Imazon registrou em mar\u00e7o a maior taxa de destrui\u00e7\u00e3o da Amaz\u00f4nia para aquele m\u00eas em dez anos. Foram 810 quil\u00f4metros quadrados de floresta desmatada, alta de 216% na compara\u00e7\u00e3o com mar\u00e7o de 2020.<\/p>\n\n\n\n<p>O governo Bolsonaro argumenta que o desmatamento tem crescido quase continuamente desde 2012, ainda no governo Dilma Rousseff. Cr\u00edticos de sua gest\u00e3o ressaltam que o problema se agravou nos \u00faltimos dois anos.<\/p>\n\n\n\n<p>Segundo o Inpe, a destrui\u00e7\u00e3o da Amaz\u00f4nia somou 10.129 quil\u00f4metros quadrados entre agosto de 2018 e julho de 2019, ultrapassando a marca de dez mil quil\u00f4metros quadrados pela primeira vez desde 2008. J\u00e1 no ano seguinte, o desmatamento teve nova alta, de 9,5%, para 11.088 quadrados quadrados.<\/p>\n\n\n\n<p>Para Carlos Rittl, pesquisador visitante do Instituto de Estudos Avan\u00e7ados em Sustentabilidade de Postdam, na Alemanha, esse aumento reflete medidas concretas do governo Bolsonaro que favoreceram o desmatamento, como redu\u00e7\u00e3o de opera\u00e7\u00f5es dos \u00f3rg\u00e3os de prote\u00e7\u00e3o ambiental e a toler\u00e2ncia com atividades ilegais, como garimpo em terras ind\u00edgenas e extra\u00e7\u00e3o n\u00e3o autorizada de madeira.<\/p>\n\n\n\n<figure class=\"wp-block-image\"><img data-recalc-dims=\"1\" decoding=\"async\" src=\"https:\/\/i0.wp.com\/ichef.bbci.co.uk\/news\/640\/cpsprodpb\/782B\/production\/_118136703_tv066675257.jpg?w=600&#038;ssl=1\" alt=\"Joe Biden\"\/><figcaption>Legenda da foto,Joe Biden quer posicionar EUA como l\u00edder na agenda ambiental<\/figcaption><\/figure>\n\n\n\n<p>O presidente proibiu, por exemplo, que \u00f3rg\u00e3os como o Ibama destru\u00edssem maquin\u00e1rio apreendido de pessoas que estivessem derrubando floresta ilegalmente. J\u00e1 na \u00faltima semana a Pol\u00edcia Federal abriu uma investiga\u00e7\u00e3o contra o ministro do Meio Ambiente, Ricardo Salles, para apurar sua atua\u00e7\u00e3o a favor de madereiros, ap\u00f3s ele agir para tentar liberar 43.700 toras de madeiras retidas pela PF na maior apreens\u00e3o contra a extra\u00e7\u00e3o ilegal j\u00e1 realizada no Brasil.<\/p>\n\n\n\n<p>Depois disso, o governo decidiu trocar o comando da Superintend\u00eancia da Pol\u00edcia Federal no Amazonas, removendo o delegado Alexandre Saraiva, respons\u00e1vel pela opera\u00e7\u00e3o e pela abertura da investiga\u00e7\u00e3o contra Salles.<\/p>\n\n\n\n<p>\u00c9 por atitudes como essa, diz Rittl, que o Brasil ter\u00e1 dificuldade em conseguir dinheiro estrangeiro. &#8220;Os n\u00fameros que o governo tem para mostrar em mat\u00e9ria de meio ambiente s\u00e3o p\u00e9ssimos, s\u00e3o terr\u00edveis. Se voc\u00ea quer construir uma rela\u00e7\u00e3o de parceria com outros governos, ainda mais em se tratando de financiamento, voc\u00ea precisa de credibilidade e precisa demonstrar que \u00e9 merecedor de confian\u00e7a&#8221;, ressalta o pesquisador.<\/p>\n\n\n\n<p>Sem confian\u00e7a tamb\u00e9m de ambientalistas e lideran\u00e7as ind\u00edgenas dentro do Brasil, Bolsonaro tem enfrentado at\u00e9 mesmo oposi\u00e7\u00e3o dom\u00e9stica a sua demanda por apoio financeiro. No in\u00edcio de abril, 199 entidades da sociedade civil enviaram ao presidente americano uma carta se opondo a qualquer acordo dos EUA com o governo brasileiro.<\/p>\n\n\n\n<p>Entre os signat\u00e1rios est\u00e3o a Associa\u00e7\u00e3o dos Povos Ind\u00edgenas do Brasil (Apib), a Central \u00danica dos Trabalhadores (CUT), o Movimento dos Trabalhadores Rurais Sem Terra (MST), o movimento 342Amazonia, a Frente Favela Brasil, a Funda\u00e7\u00e3o Tide Setubal e as ONGs Conectas e Greenpeace Brasil.<\/p>\n\n\n\n<p>&#8220;Nenhuma tratativa deve ser considerada antes da redu\u00e7\u00e3o do desmatamento aos n\u00edveis exigidos pela legisla\u00e7\u00e3o brasileira de clima e o fim da agenda de retrocessos encaminhada pelo governo ao Congresso Nacional. Negociar com Bolsonaro n\u00e3o \u00e9 o mesmo que ajudar o Brasil a solucionar seus problemas atuais&#8221;, diz o texto.<\/p>\n\n\n\n<p>Para Carlos Rittl, \u00e9 dif\u00edcil confiar no compromisso de Bolsonaro com a redu\u00e7\u00e3o de desmatamento, na medida que suas propostas v\u00e3o no sentido contr\u00e1rio. Ele lembra que o presidente tenta aprovar no Congresso a legaliza\u00e7\u00e3o da minera\u00e7\u00e3o dentro de territ\u00f3rios ind\u00edgenas e a flexibiliza\u00e7\u00e3o das regras de licenciamento ambiental.<\/p>\n\n\n\n<p>Al\u00e9m disso, o pr\u00f3prio governo anunciou nos \u00faltimos meses metas ambientais mais frouxas.<\/p>\n\n\n\n<p>Enquanto a Casa Branca pretende anunciar na c\u00fapula um aumento no seu objetivo de redu\u00e7\u00e3o das emiss\u00f5es de carbono, o Brasil divulgou em dezembro sua revis\u00e3o das metas firmadas no Acordo de Paris que, na pr\u00e1tica, significa uma compromisso de corte menor.<\/p>\n\n\n\n<p>Isso porque o governo Bolsonaro manteve a previs\u00e3o de reduzir em 43% suas emiss\u00f5es de gases-estufa de 2005 a 2030, mas elevou sua estimativa de qual o patamar de emiss\u00f5es em que esse corte incide.<\/p>\n\n\n\n<p>Com isso, o Brasil poder\u00e1 emitir mais de 300 milh\u00f5es de toneladas de carbono e ainda assim cumprir a meta, segundo estimativa de cientistas das universidades federais de Minas Gerais e do Rio de Janeiro (UFMG e UFRJ). Isso significaria que o compromisso seria alcan\u00e7ado mesmo com um desmatamento anual superior a 13.000 quil\u00f4metros quadrados na Amaz\u00f4nia.<\/p>\n\n\n\n<figure class=\"wp-block-image\"><img data-recalc-dims=\"1\" decoding=\"async\" src=\"https:\/\/i0.wp.com\/ichef.bbci.co.uk\/news\/640\/cpsprodpb\/C64B\/production\/_118136705_tv066858719.jpg?w=600&#038;ssl=1\" alt=\"Protesto ind\u00edgena contra Bolsonaro\"\/><figcaption>Legenda da foto,Lideran\u00e7as ind\u00edgenas s\u00e3o contra acordo de Biden com Bolsonaro<\/figcaption><\/figure>\n\n\n\n<p><strong>Brasil j\u00e1 recebeu recursos externos que est\u00e3o parados<\/strong><\/p>\n\n\n\n<p>Enquanto o governo Bolsonaro insiste por recursos externos para preserva\u00e7\u00e3o, o Brasil tem R$ 2,9 bilh\u00f5es repassado por Noruega e Alemanha parados desde 2019 no Fundo Amaz\u00f4nia, segundo o Observat\u00f3rio do Clima.<\/p>\n\n\n\n<p>Al\u00e9m do aumento do desmatamento, o estopim para o congelamento dos recursos aconteceu depois que o Brasil fez mudan\u00e7as na estrutura de administra\u00e7\u00e3o do fundo sem ouvir os dois pa\u00edses. Na ocasi\u00e3o, o governo Bolsonaro decidiu pela extin\u00e7\u00e3o do comit\u00ea orientador do Fundo Amaz\u00f4nia, criado para estabelecer crit\u00e9rios de aplica\u00e7\u00e3o do dinheiro na floresta.<\/p>\n\n\n\n<p>Em nota enviada \u00e0 BBC News Brasil, o ministro do Meio Ambiente da Noruega, Sveinung Rotevatn, reagiu ao pedido de recursos do governo brasileiro cobrando entrega de resultados.<\/p>\n\n\n\n<p>&#8220;A Noruega e outros pa\u00edses enfatizaram em conversas recentes com o Brasil que a comunidade internacional est\u00e1 preparada para aumentar o financiamento ao Brasil assim que o Brasil apresentar resultados na redu\u00e7\u00e3o do desmatamento. Diminuir o desmatamento no curto prazo \u00e9 uma quest\u00e3o de vontade pol\u00edtica, n\u00e3o de falta de financiamento adiantado&#8221;, disse ele.<br><\/p>\n","protected":false},"excerpt":{"rendered":"<p>Na BBC &#8211; Pressionado globalmente a reduzir o desmatamento da Amaz\u00f4nia, o presidente Jair Bolsonaro adotou uma estrat\u00e9gia de contra-ataque para participar nesta quinta-feira (22\/04) da C\u00fapula de L\u00edderes sobre o clima: cobrar dos pa\u00edses ricos apoio financeiro para a preserva\u00e7\u00e3o ambiental no Brasil.<\/p>\n","protected":false},"author":1,"featured_media":0,"comment_status":"closed","ping_status":"open","sticky":false,"template":"","format":"standard","meta":{"_exactmetrics_skip_tracking":false,"_exactmetrics_sitenote_active":false,"_exactmetrics_sitenote_note":"","_exactmetrics_sitenote_category":0,"jetpack_post_was_ever_published":false,"_jetpack_newsletter_access":"","_jetpack_dont_email_post_to_subs":false,"_jetpack_newsletter_tier_id":0,"_jetpack_memberships_contains_paywalled_content":false,"_jetpack_memberships_contains_paid_content":false,"footnotes":"","jetpack_publicize_message":"","jetpack_publicize_feature_enabled":true,"jetpack_social_post_already_shared":true,"jetpack_social_options":{"image_generator_settings":{"template":"highway","enabled":false},"version":2}},"categories":[1],"tags":[],"class_list":["post-31684","post","type-post","status-publish","format-standard","hentry","category-notas"],"jetpack_publicize_connections":[],"jetpack_sharing_enabled":true,"jetpack_featured_media_url":"","jetpack_shortlink":"https:\/\/wp.me\/p7wKYW-8f2","jetpack-related-posts":[],"_links":{"self":[{"href":"http:\/\/blogdalucianaoliveira.com.br\/blog\/wp-json\/wp\/v2\/posts\/31684","targetHints":{"allow":["GET"]}}],"collection":[{"href":"http:\/\/blogdalucianaoliveira.com.br\/blog\/wp-json\/wp\/v2\/posts"}],"about":[{"href":"http:\/\/blogdalucianaoliveira.com.br\/blog\/wp-json\/wp\/v2\/types\/post"}],"author":[{"embeddable":true,"href":"http:\/\/blogdalucianaoliveira.com.br\/blog\/wp-json\/wp\/v2\/users\/1"}],"replies":[{"embeddable":true,"href":"http:\/\/blogdalucianaoliveira.com.br\/blog\/wp-json\/wp\/v2\/comments?post=31684"}],"version-history":[{"count":1,"href":"http:\/\/blogdalucianaoliveira.com.br\/blog\/wp-json\/wp\/v2\/posts\/31684\/revisions"}],"predecessor-version":[{"id":31685,"href":"http:\/\/blogdalucianaoliveira.com.br\/blog\/wp-json\/wp\/v2\/posts\/31684\/revisions\/31685"}],"wp:attachment":[{"href":"http:\/\/blogdalucianaoliveira.com.br\/blog\/wp-json\/wp\/v2\/media?parent=31684"}],"wp:term":[{"taxonomy":"category","embeddable":true,"href":"http:\/\/blogdalucianaoliveira.com.br\/blog\/wp-json\/wp\/v2\/categories?post=31684"},{"taxonomy":"post_tag","embeddable":true,"href":"http:\/\/blogdalucianaoliveira.com.br\/blog\/wp-json\/wp\/v2\/tags?post=31684"}],"curies":[{"name":"wp","href":"https:\/\/api.w.org\/{rel}","templated":true}]}}