{"id":31686,"date":"2021-04-22T19:03:25","date_gmt":"2021-04-22T23:03:25","guid":{"rendered":"http:\/\/blogdalucianaoliveira.com.br\/blog\/?p=31686"},"modified":"2021-04-22T19:03:31","modified_gmt":"2021-04-22T23:03:31","slug":"plenario-do-stf-confirma-parcialidade-de-sergio-moro-em-processo-contra-lula","status":"publish","type":"post","link":"http:\/\/blogdalucianaoliveira.com.br\/blog\/2021\/04\/22\/plenario-do-stf-confirma-parcialidade-de-sergio-moro-em-processo-contra-lula\/","title":{"rendered":"Plen\u00e1rio do STF confirma parcialidade de Sergio Moro em processo contra Lula"},"content":{"rendered":"\n<figure class=\"wp-block-image size-large\"><img data-recalc-dims=\"1\" loading=\"lazy\" decoding=\"async\" width=\"600\" height=\"355\" data-attachment-id=\"31687\" data-permalink=\"http:\/\/blogdalucianaoliveira.com.br\/blog\/2021\/04\/22\/plenario-do-stf-confirma-parcialidade-de-sergio-moro-em-processo-contra-lula\/d6f03818-fb05-4bd9-aef6-aa42298d7f1e\/\" data-orig-file=\"https:\/\/i0.wp.com\/blogdalucianaoliveira.com.br\/blog\/wp-content\/uploads\/2021\/04\/D6F03818-FB05-4BD9-AEF6-AA42298D7F1E.jpeg?fit=640%2C379\" data-orig-size=\"640,379\" data-comments-opened=\"0\" data-image-meta=\"{&quot;aperture&quot;:&quot;0&quot;,&quot;credit&quot;:&quot;&quot;,&quot;camera&quot;:&quot;&quot;,&quot;caption&quot;:&quot;&quot;,&quot;created_timestamp&quot;:&quot;0&quot;,&quot;copyright&quot;:&quot;&quot;,&quot;focal_length&quot;:&quot;0&quot;,&quot;iso&quot;:&quot;0&quot;,&quot;shutter_speed&quot;:&quot;0&quot;,&quot;title&quot;:&quot;&quot;,&quot;orientation&quot;:&quot;0&quot;}\" data-image-title=\"D6F03818-FB05-4BD9-AEF6-AA42298D7F1E\" data-image-description=\"\" data-image-caption=\"\" data-medium-file=\"https:\/\/i0.wp.com\/blogdalucianaoliveira.com.br\/blog\/wp-content\/uploads\/2021\/04\/D6F03818-FB05-4BD9-AEF6-AA42298D7F1E.jpeg?fit=300%2C178\" data-large-file=\"https:\/\/i0.wp.com\/blogdalucianaoliveira.com.br\/blog\/wp-content\/uploads\/2021\/04\/D6F03818-FB05-4BD9-AEF6-AA42298D7F1E.jpeg?fit=600%2C355\" src=\"https:\/\/i0.wp.com\/blogdalucianaoliveira.com.br\/blog\/wp-content\/uploads\/2021\/04\/D6F03818-FB05-4BD9-AEF6-AA42298D7F1E.jpeg?resize=600%2C355\" alt=\"\" class=\"wp-image-31687\" srcset=\"https:\/\/i0.wp.com\/blogdalucianaoliveira.com.br\/blog\/wp-content\/uploads\/2021\/04\/D6F03818-FB05-4BD9-AEF6-AA42298D7F1E.jpeg?w=640 640w, https:\/\/i0.wp.com\/blogdalucianaoliveira.com.br\/blog\/wp-content\/uploads\/2021\/04\/D6F03818-FB05-4BD9-AEF6-AA42298D7F1E.jpeg?resize=300%2C178 300w, https:\/\/i0.wp.com\/blogdalucianaoliveira.com.br\/blog\/wp-content\/uploads\/2021\/04\/D6F03818-FB05-4BD9-AEF6-AA42298D7F1E.jpeg?resize=507%2C300 507w\" sizes=\"auto, (max-width: 600px) 100vw, 600px\" \/><\/figure>\n\n\n\n<h4 class=\"wp-block-heading\">Com a decis\u00e3o, direitos pol\u00edticos do ex-presidente est\u00e3o mantidos, e nada impede que ele concorra na elei\u00e7\u00e3o de 2022<\/h4>\n\n\n\n<!--more-->\n\n\n\n<p>Brasil de Fato | S\u00e3o Paulo (SP)\u00a0<\/p>\n\n\n\n<p>Por 7&nbsp;votos a 2, o plen\u00e1rio do Supremo Tribunal Federal (STF) manteve decis\u00e3o da 2\u00aa Turma que&nbsp;<a href=\"https:\/\/www.brasildefato.com.br\/2021\/04\/22\/stf-determina-que-processos-de-lula-sejam-remetidos-a-justica-federal-de-brasilia\" target=\"_blank\" rel=\"noreferrer noopener\">considerou o ex-juiz Sergio Moro parcial<\/a>&nbsp;ao condenar o ex-presidente Luiz In\u00e1cio Lula da Silva no caso &#8220;triplex do Guaruj\u00e1&#8221;. A maioria, portanto, j\u00e1 est\u00e1 formada, embora o julgamento tenha sido suspenso por pedido de vistas do ministro Marco Aur\u00e9lio Mello. A corte suprema brasileira \u00e9 formada por 11 ministros.<\/p>\n\n\n\n<p>A sess\u00e3o desta quinta-feira (22) n\u00e3o julgou a suspei\u00e7\u00e3o de Moro em si, mas se o julgamento da atua\u00e7\u00e3o de ex-ministro da Justi\u00e7a poderia ter acontecido de fato na 2\u00aa Turma da corte, ou se a a\u00e7\u00e3o teria perdido validade com a anula\u00e7\u00e3o das condena\u00e7\u00f5es de Lula pelo ministro Edson Fachin em mar\u00e7o deste ano, que considerou a\u00a0<a rel=\"noreferrer noopener\" href=\"https:\/\/www.brasildefato.com.br\/2021\/03\/24\/impactos-economico-da-lava-jato\" target=\"_blank\">13\u00aa Vara Federal de Curitiba incompetente<\/a>\u00a0para julgar as a\u00e7\u00f5es envolvendo o ex-presidente.<\/p>\n\n\n\n<p>Com isso, est\u00e1 confirmado que Luiz In\u00e1cio Lula da Silva \u00e9 titular pleno de todos seus direitos pol\u00edticos, e n\u00e3o h\u00e1 qualquer raz\u00e3o jur\u00eddica que o impe\u00e7a &#8211; caso queira &#8211; de se<a href=\"https:\/\/www.brasildefato.com.br\/2021\/04\/15\/bolsonaro-diz-que-se-perder-para-lula-em-2022-so-aceitara-se-voto-for-auditavel\" target=\"_blank\" rel=\"noreferrer noopener\">&nbsp;candidatar a qualquer cargo nas pr\u00f3ximas elei\u00e7\u00f5es<\/a>, em 2022. Com a decis\u00e3o, a defesa de Lula dever\u00e1 agora peticionar a Justi\u00e7a para que o ex-juiz seja tamb\u00e9m considerado suspeito nos demais processos que julgou ou instruiu (s\u00edtio de Atibaia e doa\u00e7\u00f5es ao Instituto Lula) relacionados ao ex-presidente.<br><br>Votaram em favor da validade do julgamento da suspei\u00e7\u00e3o os ministros Gilmar Mendes, Carmen L\u00facia, Dias Toffoli, Nunes Marques, Alexandre de Moraes Rosa Weber e Ricardo Lewandowski. Edson Fachin e Lu\u00eds Roberto Barroso formaram a diverg\u00eancia.<\/p>\n\n\n\n<p>A partir de agora, o Minist\u00e9rio P\u00fablico Federal poder\u00e1 apresentar, na Justi\u00e7a do Distrito Federal (juizado competente)&nbsp;as mesmas acusa\u00e7\u00f5es que foram julgadas pelo ex-juiz Sergio Moro. As a\u00e7\u00f5es, por\u00e9m, caso sejam recebidas pela Justi\u00e7a, dar\u00e3o in\u00edcio a um processo desde sua fase inicial, sem que possam ser aproveitadas provas, depoimentos e demais material produzido nos processos que foram julgados pelo juiz declarado parcial.&nbsp;<\/p>\n\n\n\n<p>Assim, ainda que a Justi\u00e7a do DF acate as acusa\u00e7\u00f5es, n\u00e3o haver\u00e1 tempo para o julgamento em duas inst\u00e2ncias das a\u00e7\u00f5es penais. Ou seja: n\u00e3o h\u00e1 como, por meio dos processos da Lava Jato contra Lula, impedir o ex-presidente de se candidatar em 2022.<\/p>\n\n\n\n<p>Edi\u00e7\u00e3o: Vin\u00edcius Segalla<\/p>\n","protected":false},"excerpt":{"rendered":"<p>Com a decis\u00e3o, direitos pol\u00edticos do ex-presidente est\u00e3o mantidos, e nada impede que ele concorra na elei\u00e7\u00e3o de 2022<\/p>\n","protected":false},"author":1,"featured_media":0,"comment_status":"closed","ping_status":"open","sticky":false,"template":"","format":"standard","meta":{"_exactmetrics_skip_tracking":false,"_exactmetrics_sitenote_active":false,"_exactmetrics_sitenote_note":"","_exactmetrics_sitenote_category":0,"jetpack_post_was_ever_published":false,"_jetpack_newsletter_access":"","_jetpack_dont_email_post_to_subs":false,"_jetpack_newsletter_tier_id":0,"_jetpack_memberships_contains_paywalled_content":false,"_jetpack_memberships_contains_paid_content":false,"footnotes":"","jetpack_publicize_message":"","jetpack_publicize_feature_enabled":true,"jetpack_social_post_already_shared":true,"jetpack_social_options":{"image_generator_settings":{"template":"highway","enabled":false},"version":2}},"categories":[1],"tags":[],"class_list":["post-31686","post","type-post","status-publish","format-standard","hentry","category-notas"],"jetpack_publicize_connections":[],"jetpack_sharing_enabled":true,"jetpack_featured_media_url":"","jetpack_shortlink":"https:\/\/wp.me\/p7wKYW-8f4","jetpack-related-posts":[],"_links":{"self":[{"href":"http:\/\/blogdalucianaoliveira.com.br\/blog\/wp-json\/wp\/v2\/posts\/31686","targetHints":{"allow":["GET"]}}],"collection":[{"href":"http:\/\/blogdalucianaoliveira.com.br\/blog\/wp-json\/wp\/v2\/posts"}],"about":[{"href":"http:\/\/blogdalucianaoliveira.com.br\/blog\/wp-json\/wp\/v2\/types\/post"}],"author":[{"embeddable":true,"href":"http:\/\/blogdalucianaoliveira.com.br\/blog\/wp-json\/wp\/v2\/users\/1"}],"replies":[{"embeddable":true,"href":"http:\/\/blogdalucianaoliveira.com.br\/blog\/wp-json\/wp\/v2\/comments?post=31686"}],"version-history":[{"count":1,"href":"http:\/\/blogdalucianaoliveira.com.br\/blog\/wp-json\/wp\/v2\/posts\/31686\/revisions"}],"predecessor-version":[{"id":31688,"href":"http:\/\/blogdalucianaoliveira.com.br\/blog\/wp-json\/wp\/v2\/posts\/31686\/revisions\/31688"}],"wp:attachment":[{"href":"http:\/\/blogdalucianaoliveira.com.br\/blog\/wp-json\/wp\/v2\/media?parent=31686"}],"wp:term":[{"taxonomy":"category","embeddable":true,"href":"http:\/\/blogdalucianaoliveira.com.br\/blog\/wp-json\/wp\/v2\/categories?post=31686"},{"taxonomy":"post_tag","embeddable":true,"href":"http:\/\/blogdalucianaoliveira.com.br\/blog\/wp-json\/wp\/v2\/tags?post=31686"}],"curies":[{"name":"wp","href":"https:\/\/api.w.org\/{rel}","templated":true}]}}