{"id":31691,"date":"2021-04-23T10:48:07","date_gmt":"2021-04-23T14:48:07","guid":{"rendered":"http:\/\/blogdalucianaoliveira.com.br\/blog\/?p=31691"},"modified":"2021-04-23T10:48:12","modified_gmt":"2021-04-23T14:48:12","slug":"em-meio-a-pandemia-vetos-ao-orcamento-cortam-recursos-para-saude-educacao-e-obras","status":"publish","type":"post","link":"http:\/\/blogdalucianaoliveira.com.br\/blog\/2021\/04\/23\/em-meio-a-pandemia-vetos-ao-orcamento-cortam-recursos-para-saude-educacao-e-obras\/","title":{"rendered":"Em meio a pandemia, vetos ao Or\u00e7amento cortam recursos para sa\u00fade, educa\u00e7\u00e3o e obras"},"content":{"rendered":"\n<figure class=\"wp-block-image\"><img data-recalc-dims=\"1\" decoding=\"async\" src=\"https:\/\/i0.wp.com\/f.i.uol.com.br\/fotografia\/2021\/04\/14\/16184329246077539c78a74_1618432924_3x2_md.jpg?w=600&#038;ssl=1\" alt=\"Em meio a pandemia, vetos ao Or\u00e7amento cortam recursos para sa\u00fade, educa\u00e7\u00e3o  e obras - 23\/04\/2021 - Mercado - Folha\"\/><\/figure>\n\n\n\n<h4 class=\"wp-block-heading\">Bolsonaro seguiu acordo com Congresso e sancionou Or\u00e7amento com vetos a emendas e recursos de minist\u00e9rios<\/h4>\n\n\n\n<!--more-->\n\n\n\n<p><strong><a href=\"https:\/\/www1.folha.uol.com.br\/autores\/thiago-resende.shtml\">Thiago Resende<\/a><\/strong>, na FSP<\/p>\n\n\n\n<p>Os&nbsp;<a href=\"https:\/\/www1.folha.uol.com.br\/mercado\/2021\/04\/bolsonaro-segue-acordo-com-congresso-e-sanciona-orcamento-com-vetos.shtml\">vetos do presidente Jair Bolsonaro<\/a>&nbsp;(sem partido) ao Or\u00e7amento de 2021 retiram dinheiro das \u00e1reas de sa\u00fade, educa\u00e7\u00e3o e tamb\u00e9m para obras. Para garantir verba a despesas obrigat\u00f3rias, como aposentadorias, o governo teve que abrir espa\u00e7o no Or\u00e7amento, num valor de aproximadamente R$ 29 bilh\u00f5es.<\/p>\n\n\n\n<p>Desse total, cerca de R$ 20 bilh\u00f5es foram na forma de vetos, e R$ 9 bilh\u00f5es na forma de bloqueio \u2014o que deixa os gastos em suspenso e s\u00f3 ser\u00e3o liberados se houver dinheiro para o pagamento ao longo do ano. A diferen\u00e7a \u00e9 que os programas e a\u00e7\u00f5es bloqueados\u00a0<a href=\"https:\/\/www1.folha.uol.com.br\/mercado\/2021\/04\/bolsonaro-supera-dilma-e-pais-fica-sem-orcamento-por-maior-periodo-em-15-anos.shtml\">podem voltar a ser autorizados em 2021<\/a>, o que n\u00e3o ocorre no caso de veto.<a href=\"javascript:void(0);\"><\/a><\/p>\n\n\n\n<p>Apesar de a crise sanit\u00e1ria do coronav\u00edrus atingir recordes no pa\u00eds, a verba para a sa\u00fade n\u00e3o foi poupada. A pasta perdeu R$ 2,2 bilh\u00f5es em recursos vetados. N\u00e3o houve, por\u00e9m, bloqueio nesta \u00e1rea.<\/p>\n\n\n\n<p>No caso do Minist\u00e9rio da Educa\u00e7\u00e3o, foram vetados R$ 1,1 bilh\u00e3o. O bloqueio na pasta foi de R$ 2,7 bilh\u00f5es.<\/p>\n\n\n\n<p>O ministro que mais perdeu verba foi Rog\u00e9rio Marinho (Desenvolvimento Regional). Foram vetados R$ 8,6 bilh\u00f5es e bloqueados R$ 800 milh\u00f5es. Marinho havia sido o titular que mais ganhou dinheiro ap\u00f3s mudan\u00e7as no Or\u00e7amento promovidas pelo Congresso.<br><\/p>\n\n\n\n<p>As altera\u00e7\u00f5es, no entanto, cortaram previs\u00e3o de despesas obrigat\u00f3rias, como aposentadorias e seguro-desemprego, que ficaram abaixo do suficiente para garantir os pagamentos at\u00e9 o fim do ano. Isso abriu uma arrastada negocia\u00e7\u00e3o entre o Pal\u00e1cio do Planalto, Minist\u00e9rio da Economia e Congresso.<\/p>\n\n\n\n<p>A&nbsp;<a href=\"https:\/\/www1.folha.uol.com.br\/mercado\/2021\/04\/acordo-para-orcamento-preve-vetos-a-emendas-e-a-programas-de-ministerios.shtml\">solu\u00e7\u00e3o costurada para destravar o Or\u00e7amento de 2021<\/a>&nbsp;envolveu uma combina\u00e7\u00e3o entre vetos a emendas parlamentares e recursos de programas de minist\u00e9rios, al\u00e9m de um esfor\u00e7o do governo para enxugar ao m\u00e1ximo os gastos com o funcionamento da m\u00e1quina p\u00fablica.<\/p>\n\n\n\n<p>Com o veto parcial ao Or\u00e7amento aprovado pelo Congresso, Bolsonaro seguiu a orienta\u00e7\u00e3o do ministro Paulo Guedes (Economia).<a href=\"javascript:void(0);\"><\/a><br><\/p>\n\n\n\n<p>O Legislativo, por sua vez, tamb\u00e9m&nbsp;<a href=\"https:\/\/www1.folha.uol.com.br\/mercado\/2021\/04\/lira-prioriza-reforma-administrativa-mas-cpi-da-covid-no-senado-ameaca-tramitacao.shtml\">obteve vit\u00f3rias na negocia\u00e7\u00e3o<\/a>, pois o veto \u00e0s emendas desejado pela equipe econ\u00f4mica foi enxugado nas negocia\u00e7\u00f5es. Emendas s\u00e3o recursos direcionados por deputados e senadores a projetos de suas bases eleitorais<\/p>\n\n\n\n<p>Guedes&nbsp;<a href=\"https:\/\/www1.folha.uol.com.br\/mercado\/2021\/04\/guedes-diz-que-apos-desacertos-acordo-por-orcamento-preserva-responsabilidade-fiscal.shtml\">queria um veto mais amplo&nbsp;<\/a>\u00e0s emendas. Mas o acordo exigiu ent\u00e3o que o governo tamb\u00e9m fa\u00e7a uma redu\u00e7\u00e3o nas despesas para o funcionamento dos minist\u00e9rios, por exemplo, cortando gastos administrativos.<\/p>\n\n\n\n<p>Tamb\u00e9m foi vetada a autoriza\u00e7\u00e3o para cria\u00e7\u00e3o de cargos na Pol\u00edcia Militar e no Corpo de Bombeiros do Distrito Federal, que s\u00e3o custeados pela Uni\u00e3o.<\/p>\n\n\n\n<p>A san\u00e7\u00e3o, com vetos, ao Or\u00e7amento de 2021 foi publicada na edi\u00e7\u00e3o desta sexta-feira (23) do Di\u00e1rio Oficial da Uni\u00e3o, mas com a data desta quinta (22).<\/p>\n\n\n\n<p><\/p>\n","protected":false},"excerpt":{"rendered":"<p>Bolsonaro seguiu acordo com Congresso e sancionou Or\u00e7amento com vetos a emendas e recursos de minist\u00e9rios<\/p>\n","protected":false},"author":1,"featured_media":0,"comment_status":"closed","ping_status":"open","sticky":false,"template":"","format":"standard","meta":{"_exactmetrics_skip_tracking":false,"_exactmetrics_sitenote_active":false,"_exactmetrics_sitenote_note":"","_exactmetrics_sitenote_category":0,"jetpack_post_was_ever_published":false,"_jetpack_newsletter_access":"","_jetpack_dont_email_post_to_subs":false,"_jetpack_newsletter_tier_id":0,"_jetpack_memberships_contains_paywalled_content":false,"_jetpack_memberships_contains_paid_content":false,"footnotes":"","jetpack_publicize_message":"","jetpack_publicize_feature_enabled":true,"jetpack_social_post_already_shared":true,"jetpack_social_options":{"image_generator_settings":{"template":"highway","enabled":false},"version":2}},"categories":[1],"tags":[],"class_list":["post-31691","post","type-post","status-publish","format-standard","hentry","category-notas"],"jetpack_publicize_connections":[],"jetpack_sharing_enabled":true,"jetpack_featured_media_url":"","jetpack_shortlink":"https:\/\/wp.me\/p7wKYW-8f9","jetpack-related-posts":[],"_links":{"self":[{"href":"http:\/\/blogdalucianaoliveira.com.br\/blog\/wp-json\/wp\/v2\/posts\/31691","targetHints":{"allow":["GET"]}}],"collection":[{"href":"http:\/\/blogdalucianaoliveira.com.br\/blog\/wp-json\/wp\/v2\/posts"}],"about":[{"href":"http:\/\/blogdalucianaoliveira.com.br\/blog\/wp-json\/wp\/v2\/types\/post"}],"author":[{"embeddable":true,"href":"http:\/\/blogdalucianaoliveira.com.br\/blog\/wp-json\/wp\/v2\/users\/1"}],"replies":[{"embeddable":true,"href":"http:\/\/blogdalucianaoliveira.com.br\/blog\/wp-json\/wp\/v2\/comments?post=31691"}],"version-history":[{"count":1,"href":"http:\/\/blogdalucianaoliveira.com.br\/blog\/wp-json\/wp\/v2\/posts\/31691\/revisions"}],"predecessor-version":[{"id":31692,"href":"http:\/\/blogdalucianaoliveira.com.br\/blog\/wp-json\/wp\/v2\/posts\/31691\/revisions\/31692"}],"wp:attachment":[{"href":"http:\/\/blogdalucianaoliveira.com.br\/blog\/wp-json\/wp\/v2\/media?parent=31691"}],"wp:term":[{"taxonomy":"category","embeddable":true,"href":"http:\/\/blogdalucianaoliveira.com.br\/blog\/wp-json\/wp\/v2\/categories?post=31691"},{"taxonomy":"post_tag","embeddable":true,"href":"http:\/\/blogdalucianaoliveira.com.br\/blog\/wp-json\/wp\/v2\/tags?post=31691"}],"curies":[{"name":"wp","href":"https:\/\/api.w.org\/{rel}","templated":true}]}}